{"id":26749,"date":"2023-03-01T22:55:47","date_gmt":"2023-03-01T21:55:47","guid":{"rendered":"http:\/\/sp1.kielce.eu\/?p=26749"},"modified":"2023-03-01T22:59:24","modified_gmt":"2023-03-01T21:59:24","slug":"narodowy-dzien-pamieci-zolnierzy-wykletych","status":"publish","type":"post","link":"https:\/\/sp1.kielce.eu\/index.php\/2023\/03\/01\/narodowy-dzien-pamieci-zolnierzy-wykletych\/","title":{"rendered":"<strong>Narodowy Dzie\u0144 Pami\u0119ci \u201e\u017bo\u0142nierzy Wykl\u0119tych\u201d<\/strong>"},"content":{"rendered":"\n<p>Uczniowie klasy 2a oraz klasy 2c w\u0142\u0105czyli si\u0119 w obchody Narodowego Dnia Pami\u0119ci \u201e\u017bo\u0142nierzy Wykl\u0119tych\u201d. Podczas katechezy \u2013 1 marca 2023 r. &#8211; modlili si\u0119 za nasz\u0105 Ojczyzn\u0119, za \u017co\u0142nierzy walcz\u0105cych o jej wolno\u015b\u0107. Wsp\u00f3lnie wykonali prace plastyczne, kt\u00f3re mia\u0142y na celu przybli\u017cenie warto\u015bci patriotycznych, mi\u0142o\u015bci do w\u0142asnego kraju, \u015bwiadomo\u015bci bogactwa historycznego Polak\u00f3w, pog\u0142\u0119bienie postaw obywatelskich i spo\u0142ecznych. Drugoklasi\u015bci nie tylko rozwijali talenty artystyczne, ale przede wszystkim oddali cze\u015b\u0107 bohaterom \u2013 \u201e\u017bo\u0142nierzom Niez\u0142omnym\u201d.<\/p>\n\n\n\n<p>Gratulujemy dzieciom ich pomys\u0142owo\u015bci i zdolno\u015bci artystycznych oraz<a><\/a> pi\u0119knie wykonanych prac.<\/p>\n\n\n\n<p class=\"has-text-align-right\"><em>s. Faustyna Monika Czajkowska<\/em><\/p>\n\n\n\n<figure class=\"wp-block-gallery has-nested-images columns-default is-cropped wp-block-gallery-1 is-layout-flex wp-block-gallery-is-layout-flex\">\n<figure class=\"wp-block-image size-large\"><a href=\"http:\/\/sp1.kielce.eu\/wp-content\/uploads\/2023\/03\/zdjecie1-Copy.jpg\"><img loading=\"lazy\" decoding=\"async\" width=\"1200\" height=\"675\" data-id=\"26752\" src=\"http:\/\/sp1.kielce.eu\/wp-content\/uploads\/2023\/03\/zdjecie1-Copy.jpg\" alt=\"\" class=\"wp-image-26752\" srcset=\"https:\/\/sp1.kielce.eu\/wp-content\/uploads\/2023\/03\/zdjecie1-Copy.jpg 1200w, https:\/\/sp1.kielce.eu\/wp-content\/uploads\/2023\/03\/zdjecie1-Copy-300x169.jpg 300w, https:\/\/sp1.kielce.eu\/wp-content\/uploads\/2023\/03\/zdjecie1-Copy-768x432.jpg 768w, https:\/\/sp1.kielce.eu\/wp-content\/uploads\/2023\/03\/zdjecie1-Copy-820x461.jpg 820w\" sizes=\"auto, (max-width: 1200px) 100vw, 1200px\" \/><\/a><\/figure>\n\n\n\n<figure class=\"wp-block-image size-large\"><a href=\"http:\/\/sp1.kielce.eu\/wp-content\/uploads\/2023\/03\/zdjecie2-Copy.jpg\"><img loading=\"lazy\" decoding=\"async\" width=\"1200\" height=\"675\" data-id=\"26750\" src=\"http:\/\/sp1.kielce.eu\/wp-content\/uploads\/2023\/03\/zdjecie2-Copy.jpg\" alt=\"\" class=\"wp-image-26750\" srcset=\"https:\/\/sp1.kielce.eu\/wp-content\/uploads\/2023\/03\/zdjecie2-Copy.jpg 1200w, https:\/\/sp1.kielce.eu\/wp-content\/uploads\/2023\/03\/zdjecie2-Copy-300x169.jpg 300w, https:\/\/sp1.kielce.eu\/wp-content\/uploads\/2023\/03\/zdjecie2-Copy-768x432.jpg 768w, https:\/\/sp1.kielce.eu\/wp-content\/uploads\/2023\/03\/zdjecie2-Copy-820x461.jpg 820w\" sizes=\"auto, (max-width: 1200px) 100vw, 1200px\" \/><\/a><\/figure>\n\n\n\n<figure class=\"wp-block-image size-large\"><a href=\"http:\/\/sp1.kielce.eu\/wp-content\/uploads\/2023\/03\/zdjecie3-Copy.jpg\"><img loading=\"lazy\" decoding=\"async\" width=\"1200\" height=\"675\" data-id=\"26751\" src=\"http:\/\/sp1.kielce.eu\/wp-content\/uploads\/2023\/03\/zdjecie3-Copy.jpg\" alt=\"\" class=\"wp-image-26751\" srcset=\"https:\/\/sp1.kielce.eu\/wp-content\/uploads\/2023\/03\/zdjecie3-Copy.jpg 1200w, https:\/\/sp1.kielce.eu\/wp-content\/uploads\/2023\/03\/zdjecie3-Copy-300x169.jpg 300w, https:\/\/sp1.kielce.eu\/wp-content\/uploads\/2023\/03\/zdjecie3-Copy-768x432.jpg 768w, https:\/\/sp1.kielce.eu\/wp-content\/uploads\/2023\/03\/zdjecie3-Copy-820x461.jpg 820w\" sizes=\"auto, (max-width: 1200px) 100vw, 1200px\" \/><\/a><\/figure>\n<\/figure>\n","protected":false},"excerpt":{"rendered":"<p>Uczniowie klasy 2a oraz klasy 2c w\u0142\u0105czyli si\u0119 w obchody Narodowego Dnia Pami\u0119ci \u201e\u017bo\u0142nierzy Wykl\u0119tych\u201d. [&hellip;]<\/p>\n","protected":false},"author":13,"featured_media":26754,"comment_status":"closed","ping_status":"","sticky":false,"template":"","format":"standard","meta":{"footnotes":""},"categories":[36],"tags":[],"class_list":["post-26749","post","type-post","status-publish","format-standard","has-post-thumbnail","hentry","category-wydarzenia"],"_links":{"self":[{"href":"https:\/\/sp1.kielce.eu\/index.php\/wp-json\/wp\/v2\/posts\/26749","targetHints":{"allow":["GET"]}}],"collection":[{"href":"https:\/\/sp1.kielce.eu\/index.php\/wp-json\/wp\/v2\/posts"}],"about":[{"href":"https:\/\/sp1.kielce.eu\/index.php\/wp-json\/wp\/v2\/types\/post"}],"author":[{"embeddable":true,"href":"https:\/\/sp1.kielce.eu\/index.php\/wp-json\/wp\/v2\/users\/13"}],"replies":[{"embeddable":true,"href":"https:\/\/sp1.kielce.eu\/index.php\/wp-json\/wp\/v2\/comments?post=26749"}],"version-history":[{"count":1,"href":"https:\/\/sp1.kielce.eu\/index.php\/wp-json\/wp\/v2\/posts\/26749\/revisions"}],"predecessor-version":[{"id":26753,"href":"https:\/\/sp1.kielce.eu\/index.php\/wp-json\/wp\/v2\/posts\/26749\/revisions\/26753"}],"wp:featuredmedia":[{"embeddable":true,"href":"https:\/\/sp1.kielce.eu\/index.php\/wp-json\/wp\/v2\/media\/26754"}],"wp:attachment":[{"href":"https:\/\/sp1.kielce.eu\/index.php\/wp-json\/wp\/v2\/media?parent=26749"}],"wp:term":[{"taxonomy":"category","embeddable":true,"href":"https:\/\/sp1.kielce.eu\/index.php\/wp-json\/wp\/v2\/categories?post=26749"},{"taxonomy":"post_tag","embeddable":true,"href":"https:\/\/sp1.kielce.eu\/index.php\/wp-json\/wp\/v2\/tags?post=26749"}],"curies":[{"name":"wp","href":"https:\/\/api.w.org\/{rel}","templated":true}]}}