{"id":26731,"date":"2023-02-28T08:35:00","date_gmt":"2023-02-28T07:35:00","guid":{"rendered":"http:\/\/sp1.kielce.eu\/?p=26731"},"modified":"2023-06-27T17:53:40","modified_gmt":"2023-06-27T15:53:40","slug":"konkursy-stowarzyszenia-nauczycieli-matematyki","status":"publish","type":"post","link":"https:\/\/sp1.kielce.eu\/index.php\/2023\/02\/28\/konkursy-stowarzyszenia-nauczycieli-matematyki\/","title":{"rendered":"<strong>Konkursy Stowarzyszenia Nauczycieli Matematyki<\/strong>"},"content":{"rendered":"\n<p>Uczniowie naszej szko\u0142y kolejny raz wzi\u0119li udzia\u0142 w dw\u00f3ch konkursach organizowanych przez Stowarzyszenie Nauczycieli Matematyki: matematyczno \u2013 plastycznym \u201eMatematyczna manufaktura\u201d oraz matematyczno \u2013 literackim &#8222;Matematyka fraszk\u0105, wierszem i limerykiem&#8221; . Mimo, \u017ce w tym roku nie znale\u017ali si\u0119 w\u015br\u00f3d nagrodzonych to poni\u017cej prezentujemy pr\u00f3bk\u0119 ich talent\u00f3w.<\/p>\n\n\n\n<p><strong>Bajkowa matematyka<\/strong><\/p>\n\n\n\n<p><a><\/a> By\u0142a sobie matematyka,<\/p>\n\n\n\n<p>od kt\u00f3rej cz\u0119sto dostaje bzika.<\/p>\n\n\n\n<p>Dodawanie, odejmowanie, mno\u017cenie i dzielenie,<\/p>\n\n\n\n<p>to pro\u015bcizna jak chodzenie.<\/p>\n\n\n\n<p>O pot\u0119gach i u\u0142amkach mo\u017cna by opowiada\u0107 w bajkach.<\/p>\n\n\n\n<p>Tymon Baron, kl. 4A<\/p>\n\n\n\n<p><strong>Matematyczny \u201elajk\u201d<\/strong><\/p>\n\n\n\n<p>Na matematyce uczymy si\u0119 liczenia,<\/p>\n\n\n\n<p>a to nie takie proste jest dla lenia!<\/p>\n\n\n\n<p>Ka\u017cda pi\u0105tka i sz\u00f3stka w dzienniku,<\/p>\n\n\n\n<p>to jak fajny \u201elajk\u201d w telefoniku.<\/p>\n\n\n\n<p>Mi\u0142osz Baron, kl. 2C<\/p>\n\n\n\n<p>\u201e<strong>Bystrzak\u201d<\/strong><\/p>\n\n\n\n<p>M\u00f3wi\u0105 matma, ale te\u017c matematyka<\/p>\n\n\n\n<p>by j\u0105 dobrze poj\u0105\u0107 trzeba niez\u0142ego bystrzaka<\/p>\n\n\n\n<p>Jednak kto z tabliczk\u0105 mno\u017cenie na bakier<\/p>\n\n\n\n<p>raczej matmy unika.<\/p>\n\n\n\n<p>Mi\u0142osz Czechowicz, kl.4a<\/p>\n\n\n\n<p><strong>Jak si\u0119 uczy\u0107 matmy?<\/strong><\/p>\n\n\n\n<p>Ucz si\u0119 matmy REGULARNIE.<\/p>\n\n\n\n<p>Moc przyk\u0142ad\u00f3w r\u00f3b DOK\u0141ADNIE.<\/p>\n\n\n\n<p>A zobaczysz w e-dzienniku<\/p>\n\n\n\n<p>same sz\u00f3stki w\u015br\u00f3d wynik\u00f3w.<\/p>\n\n\n\n<p>Julia Graba, 6a<\/p>\n\n\n\n<p>Ze zwyci\u0119skimi pracami mo\u017cna zapozna\u0107 si\u0119 tutaj:<\/p>\n\n\n\n<p>matematyczno \u2013 plastyczny <a href=\"https:\/\/www.snm.edu.pl\/p\/konkursplastycznysmm20222023.html\">https:\/\/www.snm.edu.pl\/p\/konkursplastycznysmm20222023.html<\/a><\/p>\n\n\n\n<p>matematyczno \u2013 literacki <a href=\"https:\/\/drive.google.com\/file\/d\/1jdmVZVO4CfDchR73Yaa5tBM9wn4aGv7i\/view\">https:\/\/drive.google.com\/file\/d\/1jdmVZVO4CfDchR73Yaa5tBM9wn4aGv7i\/view<\/a><\/p>\n\n\n\n<p>Zach\u0119camy wszystkich uczni\u00f3w do udzia\u0142u w przysz\u0142orocznych edycjach konkurs\u00f3w.<\/p>\n\n\n\n<p>Anna Mazur<\/p>\n\n\n\n<p>Urszula Sodel<\/p>\n\n\n\n<p>Marzena Kwiecie\u0144<\/p>\n\n\n\n<p>Dorota Broni\u015b<\/p>\n\n\n\n<figure class=\"wp-block-gallery has-nested-images columns-default is-cropped wp-block-gallery-1 is-layout-flex wp-block-gallery-is-layout-flex\">\n<figure class=\"wp-block-image size-large\"><a href=\"http:\/\/sp1.kielce.eu\/wp-content\/uploads\/2023\/02\/IMG20221208102944.jpg\"><img loading=\"lazy\" decoding=\"async\" width=\"630\" height=\"900\" data-id=\"26733\" src=\"http:\/\/sp1.kielce.eu\/wp-content\/uploads\/2023\/02\/IMG20221208102944-630x900.jpg\" alt=\"\" class=\"wp-image-26733\" srcset=\"https:\/\/sp1.kielce.eu\/wp-content\/uploads\/2023\/02\/IMG20221208102944-630x900.jpg 630w, https:\/\/sp1.kielce.eu\/wp-content\/uploads\/2023\/02\/IMG20221208102944-210x300.jpg 210w, https:\/\/sp1.kielce.eu\/wp-content\/uploads\/2023\/02\/IMG20221208102944-768x1097.jpg 768w, https:\/\/sp1.kielce.eu\/wp-content\/uploads\/2023\/02\/IMG20221208102944-1075x1536.jpg 1075w, https:\/\/sp1.kielce.eu\/wp-content\/uploads\/2023\/02\/IMG20221208102944-1434x2048.jpg 1434w, https:\/\/sp1.kielce.eu\/wp-content\/uploads\/2023\/02\/IMG20221208102944-820x1171.jpg 820w, https:\/\/sp1.kielce.eu\/wp-content\/uploads\/2023\/02\/IMG20221208102944.jpg 1681w\" sizes=\"auto, (max-width: 630px) 100vw, 630px\" \/><\/a><\/figure>\n\n\n\n<figure class=\"wp-block-image size-large\"><a href=\"http:\/\/sp1.kielce.eu\/wp-content\/uploads\/2023\/02\/IMG20230227082715_2.jpg\"><img loading=\"lazy\" decoding=\"async\" width=\"626\" height=\"900\" data-id=\"26732\" src=\"http:\/\/sp1.kielce.eu\/wp-content\/uploads\/2023\/02\/IMG20230227082715_2-626x900.jpg\" alt=\"\" class=\"wp-image-26732\" srcset=\"https:\/\/sp1.kielce.eu\/wp-content\/uploads\/2023\/02\/IMG20230227082715_2-626x900.jpg 626w, https:\/\/sp1.kielce.eu\/wp-content\/uploads\/2023\/02\/IMG20230227082715_2-209x300.jpg 209w, https:\/\/sp1.kielce.eu\/wp-content\/uploads\/2023\/02\/IMG20230227082715_2-768x1104.jpg 768w, https:\/\/sp1.kielce.eu\/wp-content\/uploads\/2023\/02\/IMG20230227082715_2-1069x1536.jpg 1069w, https:\/\/sp1.kielce.eu\/wp-content\/uploads\/2023\/02\/IMG20230227082715_2-1425x2048.jpg 1425w, https:\/\/sp1.kielce.eu\/wp-content\/uploads\/2023\/02\/IMG20230227082715_2-820x1178.jpg 820w, https:\/\/sp1.kielce.eu\/wp-content\/uploads\/2023\/02\/IMG20230227082715_2.jpg 1627w\" sizes=\"auto, (max-width: 626px) 100vw, 626px\" \/><\/a><\/figure>\n<\/figure>\n","protected":false},"excerpt":{"rendered":"<p>Uczniowie naszej szko\u0142y kolejny raz wzi\u0119li udzia\u0142 w dw\u00f3ch konkursach organizowanych przez Stowarzyszenie Nauczycieli Matematyki: [&hellip;]<\/p>\n","protected":false},"author":5,"featured_media":26732,"comment_status":"closed","ping_status":"","sticky":false,"template":"","format":"standard","meta":{"footnotes":""},"categories":[36,10,21],"tags":[],"class_list":["post-26731","post","type-post","status-publish","format-standard","has-post-thumbnail","hentry","category-wydarzenia","category-konkursy-przedmiotowe","category-konkursy"],"_links":{"self":[{"href":"https:\/\/sp1.kielce.eu\/index.php\/wp-json\/wp\/v2\/posts\/26731","targetHints":{"allow":["GET"]}}],"collection":[{"href":"https:\/\/sp1.kielce.eu\/index.php\/wp-json\/wp\/v2\/posts"}],"about":[{"href":"https:\/\/sp1.kielce.eu\/index.php\/wp-json\/wp\/v2\/types\/post"}],"author":[{"embeddable":true,"href":"https:\/\/sp1.kielce.eu\/index.php\/wp-json\/wp\/v2\/users\/5"}],"replies":[{"embeddable":true,"href":"https:\/\/sp1.kielce.eu\/index.php\/wp-json\/wp\/v2\/comments?post=26731"}],"version-history":[{"count":2,"href":"https:\/\/sp1.kielce.eu\/index.php\/wp-json\/wp\/v2\/posts\/26731\/revisions"}],"predecessor-version":[{"id":29713,"href":"https:\/\/sp1.kielce.eu\/index.php\/wp-json\/wp\/v2\/posts\/26731\/revisions\/29713"}],"wp:featuredmedia":[{"embeddable":true,"href":"https:\/\/sp1.kielce.eu\/index.php\/wp-json\/wp\/v2\/media\/26732"}],"wp:attachment":[{"href":"https:\/\/sp1.kielce.eu\/index.php\/wp-json\/wp\/v2\/media?parent=26731"}],"wp:term":[{"taxonomy":"category","embeddable":true,"href":"https:\/\/sp1.kielce.eu\/index.php\/wp-json\/wp\/v2\/categories?post=26731"},{"taxonomy":"post_tag","embeddable":true,"href":"https:\/\/sp1.kielce.eu\/index.php\/wp-json\/wp\/v2\/tags?post=26731"}],"curies":[{"name":"wp","href":"https:\/\/api.w.org\/{rel}","templated":true}]}}