{"id":26728,"date":"2023-02-28T08:29:59","date_gmt":"2023-02-28T07:29:59","guid":{"rendered":"http:\/\/sp1.kielce.eu\/?p=26728"},"modified":"2023-02-28T08:29:59","modified_gmt":"2023-02-28T07:29:59","slug":"konkurs-edukacyjno-informacyjny-nasza-droga-do-czystego-srodowiska","status":"publish","type":"post","link":"https:\/\/sp1.kielce.eu\/index.php\/2023\/02\/28\/konkurs-edukacyjno-informacyjny-nasza-droga-do-czystego-srodowiska\/","title":{"rendered":"Konkurs edukacyjno &#8211; informacyjny \u201eNasza Droga Do Czystego \u015arodowiska\u201d."},"content":{"rendered":"\n<p>Mi\u0142o nam poinformowa\u0107, \u017ce uczniowie naszej szko\u0142y przyst\u0105pili do udzia\u0142u w konkursie edukacyjno &#8211; informacyjnym zorganizowanym przez Urz\u0105d Miasta Kielce pod has\u0142em: &#8222;NASZA DROGA DO CZYSTEGO \u015aRODOWISKA&#8221; (kategoria wiekowa: klasy 4-6).<br>Konkurs ten podzielony jest na sze\u015b\u0107 kategorii wiekowych, gdzie ka\u017cda dru\u017cyna ma do wykonania kilka zada\u0144 dostosowanych do wieku uczestnik\u00f3w np. przygotowanie plakatu, filmu, udzia\u0142 w wycieczce lub warsztatach przyrodniczych.<br>Dzi\u015b prezentujemy realizacj\u0119 pierwszego zadania: post na naszej szkolnej stronie internetowej wraz z przygotowanym przez nas plakatem. Pragniemy w ten spos\u00f3b dotrze\u0107 do ca\u0142ej Spo\u0142eczno\u015bci szkolnej aby pami\u0119ta\u0142a, \u017ce czyste \u015brodowisko jest niezb\u0119dne dla zachowania zdrowia i dobrego samopoczucia ka\u017cdego z nas.<\/p>\n\n\n\n<p>Krystyna Banasik &#8211; nauczyciel biologii<br>Emilia Orkisz &#8211; nauczyciel muzyki<\/p>\n\n\n\n<figure class=\"wp-block-gallery has-nested-images columns-default is-cropped wp-block-gallery-1 is-layout-flex wp-block-gallery-is-layout-flex\">\n<figure class=\"wp-block-image size-large\"><img loading=\"lazy\" decoding=\"async\" width=\"636\" height=\"900\" data-id=\"26729\" src=\"http:\/\/sp1.kielce.eu\/wp-content\/uploads\/2023\/02\/MicrosoftTeams-image-636x900.png\" alt=\"\" class=\"wp-image-26729\" srcset=\"https:\/\/sp1.kielce.eu\/wp-content\/uploads\/2023\/02\/MicrosoftTeams-image-636x900.png 636w, https:\/\/sp1.kielce.eu\/wp-content\/uploads\/2023\/02\/MicrosoftTeams-image-212x300.png 212w, https:\/\/sp1.kielce.eu\/wp-content\/uploads\/2023\/02\/MicrosoftTeams-image-768x1086.png 768w, https:\/\/sp1.kielce.eu\/wp-content\/uploads\/2023\/02\/MicrosoftTeams-image-1086x1536.png 1086w, https:\/\/sp1.kielce.eu\/wp-content\/uploads\/2023\/02\/MicrosoftTeams-image-1448x2048.png 1448w, https:\/\/sp1.kielce.eu\/wp-content\/uploads\/2023\/02\/MicrosoftTeams-image-820x1160.png 820w\" sizes=\"auto, (max-width: 636px) 100vw, 636px\" \/><\/figure>\n<\/figure>\n","protected":false},"excerpt":{"rendered":"<p>Mi\u0142o nam poinformowa\u0107, \u017ce uczniowie naszej szko\u0142y przyst\u0105pili do udzia\u0142u w konkursie edukacyjno &#8211; informacyjnym [&hellip;]<\/p>\n","protected":false},"author":5,"featured_media":26729,"comment_status":"closed","ping_status":"","sticky":false,"template":"","format":"standard","meta":{"footnotes":""},"categories":[36],"tags":[],"class_list":["post-26728","post","type-post","status-publish","format-standard","has-post-thumbnail","hentry","category-wydarzenia"],"_links":{"self":[{"href":"https:\/\/sp1.kielce.eu\/index.php\/wp-json\/wp\/v2\/posts\/26728","targetHints":{"allow":["GET"]}}],"collection":[{"href":"https:\/\/sp1.kielce.eu\/index.php\/wp-json\/wp\/v2\/posts"}],"about":[{"href":"https:\/\/sp1.kielce.eu\/index.php\/wp-json\/wp\/v2\/types\/post"}],"author":[{"embeddable":true,"href":"https:\/\/sp1.kielce.eu\/index.php\/wp-json\/wp\/v2\/users\/5"}],"replies":[{"embeddable":true,"href":"https:\/\/sp1.kielce.eu\/index.php\/wp-json\/wp\/v2\/comments?post=26728"}],"version-history":[{"count":1,"href":"https:\/\/sp1.kielce.eu\/index.php\/wp-json\/wp\/v2\/posts\/26728\/revisions"}],"predecessor-version":[{"id":26730,"href":"https:\/\/sp1.kielce.eu\/index.php\/wp-json\/wp\/v2\/posts\/26728\/revisions\/26730"}],"wp:featuredmedia":[{"embeddable":true,"href":"https:\/\/sp1.kielce.eu\/index.php\/wp-json\/wp\/v2\/media\/26729"}],"wp:attachment":[{"href":"https:\/\/sp1.kielce.eu\/index.php\/wp-json\/wp\/v2\/media?parent=26728"}],"wp:term":[{"taxonomy":"category","embeddable":true,"href":"https:\/\/sp1.kielce.eu\/index.php\/wp-json\/wp\/v2\/categories?post=26728"},{"taxonomy":"post_tag","embeddable":true,"href":"https:\/\/sp1.kielce.eu\/index.php\/wp-json\/wp\/v2\/tags?post=26728"}],"curies":[{"name":"wp","href":"https:\/\/api.w.org\/{rel}","templated":true}]}}