{"id":26706,"date":"2023-02-27T08:47:54","date_gmt":"2023-02-27T07:47:54","guid":{"rendered":"http:\/\/sp1.kielce.eu\/?p=26706"},"modified":"2023-02-27T08:47:54","modified_gmt":"2023-02-27T07:47:54","slug":"kolejne-juz-25-serce-jedynki-dla-chorego-wiktora","status":"publish","type":"post","link":"https:\/\/sp1.kielce.eu\/index.php\/2023\/02\/27\/kolejne-juz-25-serce-jedynki-dla-chorego-wiktora\/","title":{"rendered":"<strong>Kolejne ju\u017c \u201e25 Serce Jedynki\u201d- dla chorego Wiktora!<\/strong>"},"content":{"rendered":"\n<p>Oto <strong>po raz 25, pojemnik-serce przy naszej SP nr 1<\/strong>, \u201enape\u0142niony\u201d plastikowymi nakr\u0119tkami zosta\u0142 opr\u00f3\u017cniony, spakowany w worki<br>i przetransportowany tym razem do rodziny chorego Wiktora na wci\u0105\u017c potrzebn\u0105 dla niego systematyczn\u0105 rehabilitacj\u0119.<\/p>\n\n\n\n<p>Eko-akcja \u201eOdkr\u0119\u0107 marnowanie i nakr\u0119\u0107 pomaganie\u201d kolejny raz ukazuje si\u0119 swoj\u0105 zasadno\u015b\u0107 i konkretny \u015brodek pomocy innym w potrzebie.<\/p>\n\n\n\n<p>Dzi\u0119kujemy naszym Wolontariuszom <strong>za \u201eprzygotowanie\u201d \u201eSerca Jedynki\u201d do nast\u0119pnego nape\u0142niania!<\/strong><\/p>\n\n\n\n<p>Szkolne Ko\u0142o Wolontariatu \u201eJedynka\u201d,<\/p>\n\n\n\n<p>Ks. Konrad Walerczak, p. Krystyna Banasik<\/p>\n\n\n\n<figure class=\"wp-block-gallery has-nested-images columns-default is-cropped wp-block-gallery-1 is-layout-flex wp-block-gallery-is-layout-flex\">\n<figure class=\"wp-block-image size-large\"><a href=\"http:\/\/sp1.kielce.eu\/wp-content\/uploads\/2023\/02\/p.20230223-100714.jpg\"><img loading=\"lazy\" decoding=\"async\" width=\"1008\" height=\"756\" data-id=\"26709\" src=\"http:\/\/sp1.kielce.eu\/wp-content\/uploads\/2023\/02\/p.20230223-100714.jpg\" alt=\"\" class=\"wp-image-26709\" srcset=\"https:\/\/sp1.kielce.eu\/wp-content\/uploads\/2023\/02\/p.20230223-100714.jpg 1008w, https:\/\/sp1.kielce.eu\/wp-content\/uploads\/2023\/02\/p.20230223-100714-300x225.jpg 300w, https:\/\/sp1.kielce.eu\/wp-content\/uploads\/2023\/02\/p.20230223-100714-768x576.jpg 768w, https:\/\/sp1.kielce.eu\/wp-content\/uploads\/2023\/02\/p.20230223-100714-820x615.jpg 820w\" sizes=\"auto, (max-width: 1008px) 100vw, 1008px\" \/><\/a><\/figure>\n\n\n\n<figure class=\"wp-block-image size-large\"><a href=\"http:\/\/sp1.kielce.eu\/wp-content\/uploads\/2023\/02\/p.20230223-101712.jpg\"><img loading=\"lazy\" decoding=\"async\" width=\"1008\" height=\"756\" data-id=\"26708\" src=\"http:\/\/sp1.kielce.eu\/wp-content\/uploads\/2023\/02\/p.20230223-101712.jpg\" alt=\"\" class=\"wp-image-26708\" srcset=\"https:\/\/sp1.kielce.eu\/wp-content\/uploads\/2023\/02\/p.20230223-101712.jpg 1008w, https:\/\/sp1.kielce.eu\/wp-content\/uploads\/2023\/02\/p.20230223-101712-300x225.jpg 300w, https:\/\/sp1.kielce.eu\/wp-content\/uploads\/2023\/02\/p.20230223-101712-768x576.jpg 768w, https:\/\/sp1.kielce.eu\/wp-content\/uploads\/2023\/02\/p.20230223-101712-820x615.jpg 820w\" sizes=\"auto, (max-width: 1008px) 100vw, 1008px\" \/><\/a><\/figure>\n\n\n\n<figure class=\"wp-block-image size-large\"><a href=\"http:\/\/sp1.kielce.eu\/wp-content\/uploads\/2023\/02\/Zdj\u00a6Ocie-tytueowe.-20230223-103410.jpg\"><img loading=\"lazy\" decoding=\"async\" width=\"1008\" height=\"756\" data-id=\"26707\" src=\"http:\/\/sp1.kielce.eu\/wp-content\/uploads\/2023\/02\/Zdj\u00a6Ocie-tytueowe.-20230223-103410.jpg\" alt=\"\" class=\"wp-image-26707\" srcset=\"https:\/\/sp1.kielce.eu\/wp-content\/uploads\/2023\/02\/Zdj\u00a6Ocie-tytueowe.-20230223-103410.jpg 1008w, https:\/\/sp1.kielce.eu\/wp-content\/uploads\/2023\/02\/Zdj\u00a6Ocie-tytueowe.-20230223-103410-300x225.jpg 300w, https:\/\/sp1.kielce.eu\/wp-content\/uploads\/2023\/02\/Zdj\u00a6Ocie-tytueowe.-20230223-103410-768x576.jpg 768w, https:\/\/sp1.kielce.eu\/wp-content\/uploads\/2023\/02\/Zdj\u00a6Ocie-tytueowe.-20230223-103410-820x615.jpg 820w\" sizes=\"auto, (max-width: 1008px) 100vw, 1008px\" \/><\/a><\/figure>\n<\/figure>\n","protected":false},"excerpt":{"rendered":"<p>Oto po raz 25, pojemnik-serce przy naszej SP nr 1, \u201enape\u0142niony\u201d plastikowymi nakr\u0119tkami zosta\u0142 opr\u00f3\u017cniony, [&hellip;]<\/p>\n","protected":false},"author":5,"featured_media":26707,"comment_status":"closed","ping_status":"","sticky":false,"template":"","format":"standard","meta":{"footnotes":""},"categories":[36,163],"tags":[],"class_list":["post-26706","post","type-post","status-publish","format-standard","has-post-thumbnail","hentry","category-wydarzenia","category-skw"],"_links":{"self":[{"href":"https:\/\/sp1.kielce.eu\/index.php\/wp-json\/wp\/v2\/posts\/26706","targetHints":{"allow":["GET"]}}],"collection":[{"href":"https:\/\/sp1.kielce.eu\/index.php\/wp-json\/wp\/v2\/posts"}],"about":[{"href":"https:\/\/sp1.kielce.eu\/index.php\/wp-json\/wp\/v2\/types\/post"}],"author":[{"embeddable":true,"href":"https:\/\/sp1.kielce.eu\/index.php\/wp-json\/wp\/v2\/users\/5"}],"replies":[{"embeddable":true,"href":"https:\/\/sp1.kielce.eu\/index.php\/wp-json\/wp\/v2\/comments?post=26706"}],"version-history":[{"count":1,"href":"https:\/\/sp1.kielce.eu\/index.php\/wp-json\/wp\/v2\/posts\/26706\/revisions"}],"predecessor-version":[{"id":26710,"href":"https:\/\/sp1.kielce.eu\/index.php\/wp-json\/wp\/v2\/posts\/26706\/revisions\/26710"}],"wp:featuredmedia":[{"embeddable":true,"href":"https:\/\/sp1.kielce.eu\/index.php\/wp-json\/wp\/v2\/media\/26707"}],"wp:attachment":[{"href":"https:\/\/sp1.kielce.eu\/index.php\/wp-json\/wp\/v2\/media?parent=26706"}],"wp:term":[{"taxonomy":"category","embeddable":true,"href":"https:\/\/sp1.kielce.eu\/index.php\/wp-json\/wp\/v2\/categories?post=26706"},{"taxonomy":"post_tag","embeddable":true,"href":"https:\/\/sp1.kielce.eu\/index.php\/wp-json\/wp\/v2\/tags?post=26706"}],"curies":[{"name":"wp","href":"https:\/\/api.w.org\/{rel}","templated":true}]}}