{"id":26698,"date":"2023-02-27T08:45:31","date_gmt":"2023-02-27T07:45:31","guid":{"rendered":"http:\/\/sp1.kielce.eu\/?p=26698"},"modified":"2023-02-27T08:45:31","modified_gmt":"2023-02-27T07:45:31","slug":"punkt-pomocy-dla-uchodzcow-z-ukrainy-i-nasi-wolontariusze-solidarnizukraina","status":"publish","type":"post","link":"https:\/\/sp1.kielce.eu\/index.php\/2023\/02\/27\/punkt-pomocy-dla-uchodzcow-z-ukrainy-i-nasi-wolontariusze-solidarnizukraina\/","title":{"rendered":"<strong>Punkt Pomocy dla Uchod\u017ac\u00f3w z Ukrainy i nasi Wolontariusze #SolidarniZUkrain\u0105!<\/strong>"},"content":{"rendered":"\n<p>Oto kolejna pomoc naszych Wolontariuszy w Punkcie Pomocy dla Uchod\u017ac\u00f3w z Ukrainy, wci\u0105\u017c pogr\u0105\u017conej w barbarzy\u0144skiej, rosyjskiej, w trwaj\u0105cej <strong>ju\u017c ponad rok<\/strong> wojnie<br><strong>(24 luty 2023 \u2013 rocznica agresji rosyjskiej na Ukrain\u0119)<\/strong>.<\/p>\n\n\n\n<p>Solidarni z naszymi bra\u0107mi i siostrami z Ukrainy, podj\u0119li\u015bmy now\u0105 pomoc wolontariack\u0105 w ramach Szkolnego Ko\u0142a Wolontariatu \u201eJEDYNKA\u201d w Punkcie Pomocy dla Uchod\u017ac\u00f3w z Ukrainy (ul. Wi\u015bniowa 6)!<\/p>\n\n\n\n<p><strong>Gratulujemy i dzi\u0119kujemy naszym Wolontariuszom<\/strong> za ich solidarno\u015b\u0107 z cierpi\u0105cymi Ukrai\u0144cami, wra\u017cliwe i zaanga\u017cowane serce oraz po\u015bwi\u0119cony czas w pomoc dla Uchod\u017ac\u00f3w z Ukrainy.<\/p>\n\n\n\n<p>Szkolne Ko\u0142o Wolontariatu \u201eJEDYNKA\u201d,<\/p>\n\n\n\n<p>Ks. Konrad Walerczak,<\/p>\n\n\n\n<p>p. Agnieszka Rycombel, p. El\u017cbieta Litwinek, p. Agnieszka M\u0142ynarczyk<\/p>\n\n\n\n<figure class=\"wp-block-gallery has-nested-images columns-default is-cropped wp-block-gallery-1 is-layout-flex wp-block-gallery-is-layout-flex\">\n<figure class=\"wp-block-image size-large\"><a href=\"http:\/\/sp1.kielce.eu\/wp-content\/uploads\/2023\/02\/20221213-113236-rotated.jpg\"><img loading=\"lazy\" decoding=\"async\" width=\"675\" height=\"900\" data-id=\"26703\" src=\"http:\/\/sp1.kielce.eu\/wp-content\/uploads\/2023\/02\/20221213-113236-675x900.jpg\" alt=\"\" class=\"wp-image-26703\" srcset=\"https:\/\/sp1.kielce.eu\/wp-content\/uploads\/2023\/02\/20221213-113236-675x900.jpg 675w, https:\/\/sp1.kielce.eu\/wp-content\/uploads\/2023\/02\/20221213-113236-225x300.jpg 225w, https:\/\/sp1.kielce.eu\/wp-content\/uploads\/2023\/02\/20221213-113236-rotated.jpg 756w\" sizes=\"auto, (max-width: 675px) 100vw, 675px\" \/><\/a><\/figure>\n\n\n\n<figure class=\"wp-block-image size-large\"><a href=\"http:\/\/sp1.kielce.eu\/wp-content\/uploads\/2023\/02\/20221213-113253-rotated.jpg\"><img loading=\"lazy\" decoding=\"async\" width=\"675\" height=\"900\" data-id=\"26704\" src=\"http:\/\/sp1.kielce.eu\/wp-content\/uploads\/2023\/02\/20221213-113253-675x900.jpg\" alt=\"\" class=\"wp-image-26704\" srcset=\"https:\/\/sp1.kielce.eu\/wp-content\/uploads\/2023\/02\/20221213-113253-675x900.jpg 675w, https:\/\/sp1.kielce.eu\/wp-content\/uploads\/2023\/02\/20221213-113253-225x300.jpg 225w, https:\/\/sp1.kielce.eu\/wp-content\/uploads\/2023\/02\/20221213-113253-rotated.jpg 756w\" sizes=\"auto, (max-width: 675px) 100vw, 675px\" \/><\/a><\/figure>\n\n\n\n<figure class=\"wp-block-image size-large\"><a href=\"http:\/\/sp1.kielce.eu\/wp-content\/uploads\/2023\/02\/20221213-115729.jpg\"><img loading=\"lazy\" decoding=\"async\" width=\"1008\" height=\"756\" data-id=\"26700\" src=\"http:\/\/sp1.kielce.eu\/wp-content\/uploads\/2023\/02\/20221213-115729.jpg\" alt=\"\" class=\"wp-image-26700\" srcset=\"https:\/\/sp1.kielce.eu\/wp-content\/uploads\/2023\/02\/20221213-115729.jpg 1008w, https:\/\/sp1.kielce.eu\/wp-content\/uploads\/2023\/02\/20221213-115729-300x225.jpg 300w, https:\/\/sp1.kielce.eu\/wp-content\/uploads\/2023\/02\/20221213-115729-768x576.jpg 768w, https:\/\/sp1.kielce.eu\/wp-content\/uploads\/2023\/02\/20221213-115729-820x615.jpg 820w\" sizes=\"auto, (max-width: 1008px) 100vw, 1008px\" \/><\/a><\/figure>\n\n\n\n<figure class=\"wp-block-image size-large\"><a href=\"http:\/\/sp1.kielce.eu\/wp-content\/uploads\/2023\/02\/20230223-112035.jpg\"><img loading=\"lazy\" decoding=\"async\" width=\"1008\" height=\"756\" data-id=\"26699\" src=\"http:\/\/sp1.kielce.eu\/wp-content\/uploads\/2023\/02\/20230223-112035.jpg\" alt=\"\" class=\"wp-image-26699\" srcset=\"https:\/\/sp1.kielce.eu\/wp-content\/uploads\/2023\/02\/20230223-112035.jpg 1008w, https:\/\/sp1.kielce.eu\/wp-content\/uploads\/2023\/02\/20230223-112035-300x225.jpg 300w, https:\/\/sp1.kielce.eu\/wp-content\/uploads\/2023\/02\/20230223-112035-768x576.jpg 768w, https:\/\/sp1.kielce.eu\/wp-content\/uploads\/2023\/02\/20230223-112035-820x615.jpg 820w\" sizes=\"auto, (max-width: 1008px) 100vw, 1008px\" \/><\/a><\/figure>\n\n\n\n<figure class=\"wp-block-image size-large\"><a href=\"http:\/\/sp1.kielce.eu\/wp-content\/uploads\/2023\/02\/20230223-112040.jpg\"><img loading=\"lazy\" decoding=\"async\" width=\"1008\" height=\"756\" data-id=\"26701\" src=\"http:\/\/sp1.kielce.eu\/wp-content\/uploads\/2023\/02\/20230223-112040.jpg\" alt=\"\" class=\"wp-image-26701\" srcset=\"https:\/\/sp1.kielce.eu\/wp-content\/uploads\/2023\/02\/20230223-112040.jpg 1008w, https:\/\/sp1.kielce.eu\/wp-content\/uploads\/2023\/02\/20230223-112040-300x225.jpg 300w, https:\/\/sp1.kielce.eu\/wp-content\/uploads\/2023\/02\/20230223-112040-768x576.jpg 768w, https:\/\/sp1.kielce.eu\/wp-content\/uploads\/2023\/02\/20230223-112040-820x615.jpg 820w\" sizes=\"auto, (max-width: 1008px) 100vw, 1008px\" \/><\/a><\/figure>\n\n\n\n<figure class=\"wp-block-image size-large\"><a href=\"http:\/\/sp1.kielce.eu\/wp-content\/uploads\/2023\/02\/Zdj\u00a6Ocie-tytueowe.-20220915-111309.jpg\"><img loading=\"lazy\" decoding=\"async\" width=\"1008\" height=\"756\" data-id=\"26702\" src=\"http:\/\/sp1.kielce.eu\/wp-content\/uploads\/2023\/02\/Zdj\u00a6Ocie-tytueowe.-20220915-111309.jpg\" alt=\"\" class=\"wp-image-26702\" srcset=\"https:\/\/sp1.kielce.eu\/wp-content\/uploads\/2023\/02\/Zdj\u00a6Ocie-tytueowe.-20220915-111309.jpg 1008w, https:\/\/sp1.kielce.eu\/wp-content\/uploads\/2023\/02\/Zdj\u00a6Ocie-tytueowe.-20220915-111309-300x225.jpg 300w, https:\/\/sp1.kielce.eu\/wp-content\/uploads\/2023\/02\/Zdj\u00a6Ocie-tytueowe.-20220915-111309-768x576.jpg 768w, https:\/\/sp1.kielce.eu\/wp-content\/uploads\/2023\/02\/Zdj\u00a6Ocie-tytueowe.-20220915-111309-820x615.jpg 820w\" sizes=\"auto, (max-width: 1008px) 100vw, 1008px\" \/><\/a><\/figure>\n<\/figure>\n","protected":false},"excerpt":{"rendered":"<p>Oto kolejna pomoc naszych Wolontariuszy w Punkcie Pomocy dla Uchod\u017ac\u00f3w z Ukrainy, wci\u0105\u017c pogr\u0105\u017conej w [&hellip;]<\/p>\n","protected":false},"author":5,"featured_media":26702,"comment_status":"closed","ping_status":"","sticky":false,"template":"","format":"standard","meta":{"footnotes":""},"categories":[36,163],"tags":[],"class_list":["post-26698","post","type-post","status-publish","format-standard","has-post-thumbnail","hentry","category-wydarzenia","category-skw"],"_links":{"self":[{"href":"https:\/\/sp1.kielce.eu\/index.php\/wp-json\/wp\/v2\/posts\/26698","targetHints":{"allow":["GET"]}}],"collection":[{"href":"https:\/\/sp1.kielce.eu\/index.php\/wp-json\/wp\/v2\/posts"}],"about":[{"href":"https:\/\/sp1.kielce.eu\/index.php\/wp-json\/wp\/v2\/types\/post"}],"author":[{"embeddable":true,"href":"https:\/\/sp1.kielce.eu\/index.php\/wp-json\/wp\/v2\/users\/5"}],"replies":[{"embeddable":true,"href":"https:\/\/sp1.kielce.eu\/index.php\/wp-json\/wp\/v2\/comments?post=26698"}],"version-history":[{"count":1,"href":"https:\/\/sp1.kielce.eu\/index.php\/wp-json\/wp\/v2\/posts\/26698\/revisions"}],"predecessor-version":[{"id":26705,"href":"https:\/\/sp1.kielce.eu\/index.php\/wp-json\/wp\/v2\/posts\/26698\/revisions\/26705"}],"wp:featuredmedia":[{"embeddable":true,"href":"https:\/\/sp1.kielce.eu\/index.php\/wp-json\/wp\/v2\/media\/26702"}],"wp:attachment":[{"href":"https:\/\/sp1.kielce.eu\/index.php\/wp-json\/wp\/v2\/media?parent=26698"}],"wp:term":[{"taxonomy":"category","embeddable":true,"href":"https:\/\/sp1.kielce.eu\/index.php\/wp-json\/wp\/v2\/categories?post=26698"},{"taxonomy":"post_tag","embeddable":true,"href":"https:\/\/sp1.kielce.eu\/index.php\/wp-json\/wp\/v2\/tags?post=26698"}],"curies":[{"name":"wp","href":"https:\/\/api.w.org\/{rel}","templated":true}]}}