{"id":26679,"date":"2023-02-27T08:33:14","date_gmt":"2023-02-27T07:33:14","guid":{"rendered":"http:\/\/sp1.kielce.eu\/?p=26679"},"modified":"2023-02-27T08:33:14","modified_gmt":"2023-02-27T07:33:14","slug":"zapraszamy-do-konkursu-na-najpiekniejsza-ozdobe-wielkanocna","status":"publish","type":"post","link":"https:\/\/sp1.kielce.eu\/index.php\/2023\/02\/27\/zapraszamy-do-konkursu-na-najpiekniejsza-ozdobe-wielkanocna\/","title":{"rendered":"<strong>Zapraszamy do konkursu na najpi\u0119kniejsz\u0105 OZDOB\u0118 WIELKANOCN\u0104<\/strong>"},"content":{"rendered":"\n<p>Serdecznie zapraszamy wszystkich ch\u0119tnych uczni\u00f3w naszej szko\u0142y do wzi\u0119cia udzia\u0142u w konkursie na wykonanie najpi\u0119kniejszej ozdoby z okazji \u015awi\u0105t Wielkanocnych. Do konkursu mo\u017cna zg\u0142asza\u0107 <em>dekoracje sto\u0142owe, pisanki, baranki, palmy wielkanocne itp.<\/em><\/p>\n\n\n\n<p><strong>Cele konkursu:<\/strong><\/p>\n\n\n\n<ul class=\"wp-block-list\">\n<li>kultywowanie w\u015br\u00f3d uczni\u00f3w tradycji \u015bwi\u0105tecznych i stworzenie uczniom mo\u017cliwo\u015bci prezentacji w\u0142asnych dokona\u0144 tw\u00f3rczych zwi\u0105zanych z tradycj\u0105 \u015awi\u0105t Wielkanocnych<\/li>\n<\/ul>\n\n\n\n<ul class=\"wp-block-list\">\n<li>rozwijanie wyobra\u017ani oraz&nbsp;pobudzanie aktywno\u015bci tw\u00f3rczej i spo\u0142ecznej uczni\u00f3w<\/li>\n\n\n\n<li>rozwijanie wra\u017cliwo\u015bci estetycznej iinwencji poprzez zastosowanie r\u00f3\u017cnorodnych materia\u0142\u00f3w.<\/li>\n<\/ul>\n\n\n\n<p><strong>Zadanie konkursowe:<\/strong><\/p>\n\n\n\n<p>Materia\u0142y i technika wykonania pracy jest dowolna.Ozdoby mo\u017cna wykona\u0107 samodzielnie lub z pomoc\u0105 rodzic\u00f3w.Do wykonanej pracy nale\u017cy do\u0142\u0105czy\u0107 karteczk\u0119 z danymi uczestnika konkursu (imi\u0119 i nazwisko, klasa).<\/p>\n\n\n\n<p>Prace oceniane b\u0119d\u0105 w kategoriach: kl. 1-3, kl. 4-6, kl. 7-8<\/p>\n\n\n\n<p><strong>Termin dostarczania prac:<\/strong><\/p>\n\n\n\n<p>Prace nale\u017cy dostarczy\u0107 do&nbsp;<strong>16 marca 2023 r.<\/strong>do&nbsp;p. Marzeny Kwiecie\u0144, p. Iwony Tusznio, p. Agnieszki Rycombel.<\/p>\n\n\n\n<p><strong>Wybrane prace z ka\u017cdej kategorii wiekowej zostan\u0105 nagrodzone i wyr\u00f3\u017cnione.&nbsp;<\/strong><\/p>\n\n\n\n<p>O&nbsp;wy\u0142onieniu zwyci\u0119zc\u00f3w konkursu zdecyduje komisja konkursowa. Prace oceniane b\u0119d\u0105 wed\u0142ug&nbsp;nast\u0119puj\u0105cych kryteri\u00f3w:<\/p>\n\n\n\n<ul class=\"wp-block-list\">\n<li>oryginalno\u015b\u0107<\/li>\n\n\n\n<li>pomys\u0142owo\u015b\u0107<\/li>\n\n\n\n<li>estetyka wykonania<\/li>\n\n\n\n<li>zastosowanie element\u00f3w ekologicznych.<\/li>\n<\/ul>\n\n\n\n<p><strong>Wszystkie prace zostan\u0105 wystawione na kiermaszu \u015bwi\u0105tecznym, z kt\u00f3rego doch\u00f3d zostanie przeznaczony na potrzeby szko\u0142y.<\/strong><\/p>\n\n\n\n<p>Foto: Jan Va\u0161ek \/pixabay<\/p>\n","protected":false},"excerpt":{"rendered":"<p>Serdecznie zapraszamy wszystkich ch\u0119tnych uczni\u00f3w naszej szko\u0142y do wzi\u0119cia udzia\u0142u w konkursie na wykonanie najpi\u0119kniejszej [&hellip;]<\/p>\n","protected":false},"author":5,"featured_media":26680,"comment_status":"closed","ping_status":"","sticky":false,"template":"","format":"standard","meta":{"footnotes":""},"categories":[36],"tags":[],"class_list":["post-26679","post","type-post","status-publish","format-standard","has-post-thumbnail","hentry","category-wydarzenia"],"_links":{"self":[{"href":"https:\/\/sp1.kielce.eu\/index.php\/wp-json\/wp\/v2\/posts\/26679","targetHints":{"allow":["GET"]}}],"collection":[{"href":"https:\/\/sp1.kielce.eu\/index.php\/wp-json\/wp\/v2\/posts"}],"about":[{"href":"https:\/\/sp1.kielce.eu\/index.php\/wp-json\/wp\/v2\/types\/post"}],"author":[{"embeddable":true,"href":"https:\/\/sp1.kielce.eu\/index.php\/wp-json\/wp\/v2\/users\/5"}],"replies":[{"embeddable":true,"href":"https:\/\/sp1.kielce.eu\/index.php\/wp-json\/wp\/v2\/comments?post=26679"}],"version-history":[{"count":1,"href":"https:\/\/sp1.kielce.eu\/index.php\/wp-json\/wp\/v2\/posts\/26679\/revisions"}],"predecessor-version":[{"id":26681,"href":"https:\/\/sp1.kielce.eu\/index.php\/wp-json\/wp\/v2\/posts\/26679\/revisions\/26681"}],"wp:featuredmedia":[{"embeddable":true,"href":"https:\/\/sp1.kielce.eu\/index.php\/wp-json\/wp\/v2\/media\/26680"}],"wp:attachment":[{"href":"https:\/\/sp1.kielce.eu\/index.php\/wp-json\/wp\/v2\/media?parent=26679"}],"wp:term":[{"taxonomy":"category","embeddable":true,"href":"https:\/\/sp1.kielce.eu\/index.php\/wp-json\/wp\/v2\/categories?post=26679"},{"taxonomy":"post_tag","embeddable":true,"href":"https:\/\/sp1.kielce.eu\/index.php\/wp-json\/wp\/v2\/tags?post=26679"}],"curies":[{"name":"wp","href":"https:\/\/api.w.org\/{rel}","templated":true}]}}