{"id":26676,"date":"2023-02-27T08:31:13","date_gmt":"2023-02-27T07:31:13","guid":{"rendered":"http:\/\/sp1.kielce.eu\/?p=26676"},"modified":"2023-02-27T08:31:13","modified_gmt":"2023-02-27T07:31:13","slug":"nasza-droga-do-czystego-srodowiska-konkurs","status":"publish","type":"post","link":"https:\/\/sp1.kielce.eu\/index.php\/2023\/02\/27\/nasza-droga-do-czystego-srodowiska-konkurs\/","title":{"rendered":"Nasza Droga Do Czystego \u015arodowiska &#8211; Konkurs"},"content":{"rendered":"\n<p>Uczniowie naszej szko\u0142y zg\u0142osili si\u0119 do konkursu &#8222;Nasza Droga Do Czystego Powietrza&#8221;.<\/p>\n\n\n\n<p>G\u0142\u00f3wnym celem konkursu jest zainteresowanie uczni\u00f3w, dzieci tematyk\u0105 zr\u00f3wnowa\u017conego rozwoju, oszcz\u0119dzania energii, ochrony klimatu i prawid\u0142owej gospodarki odpadami poprzez zach\u0119canie ich do wyra\u017cania swojej wizji w danej dziedzinie w r\u00f3\u017cnych formach prac konkursowych. W ramach konkursu realizujemy r\u00f3\u017cnorodne dzia\u0142ania proekologiczne w ci\u0105gu czterech miesi\u0119cy trwania konkursu. Dzi\u015b pokazujemy pierwsze zadanie konkursowe, filmik promocyjny kt\u00f3ry przygotowali uczniowie klasy 8B. Zapraszamy do ogl\u0105dania.<\/p>\n\n\n\n<p>Opiekunowie konkursu:<\/p>\n\n\n\n<p>Patrycja Zar\u0119ba &#8211; Michalska &#8211; nauczyciel fizyki<\/p>\n\n\n\n<p>Agnieszka M\u0142ynarczyk &#8211; nauczyciel geografii&nbsp;<\/p>\n\n\n\n<p><a href=\"https:\/\/sp1kielce-my.sharepoint.com\/:v:\/g\/personal\/pzareba-michalska1_e-sp1_kielce_eu\/EWxFnuXp60FAhcnEHVuoSLABkVw3Jn-b9GQk2ffEWcwv9g?e=6Hbyj2\">https:\/\/sp1kielce-my.sharepoint.com\/:v:\/g\/personal\/pzareba-michalska1_e-sp1_kielce_eu\/EWxFnuXp60FAhcnEHVuoSLABkVw3Jn-b9GQk2ffEWcwv9g?e=6Hbyj2<\/a><\/p>\n\n\n\n<p><\/p>\n","protected":false},"excerpt":{"rendered":"<p>Uczniowie naszej szko\u0142y zg\u0142osili si\u0119 do konkursu &#8222;Nasza Droga Do Czystego Powietrza&#8221;. G\u0142\u00f3wnym celem konkursu [&hellip;]<\/p>\n","protected":false},"author":5,"featured_media":26677,"comment_status":"closed","ping_status":"","sticky":false,"template":"","format":"standard","meta":{"footnotes":""},"categories":[36],"tags":[],"class_list":["post-26676","post","type-post","status-publish","format-standard","has-post-thumbnail","hentry","category-wydarzenia"],"_links":{"self":[{"href":"https:\/\/sp1.kielce.eu\/index.php\/wp-json\/wp\/v2\/posts\/26676","targetHints":{"allow":["GET"]}}],"collection":[{"href":"https:\/\/sp1.kielce.eu\/index.php\/wp-json\/wp\/v2\/posts"}],"about":[{"href":"https:\/\/sp1.kielce.eu\/index.php\/wp-json\/wp\/v2\/types\/post"}],"author":[{"embeddable":true,"href":"https:\/\/sp1.kielce.eu\/index.php\/wp-json\/wp\/v2\/users\/5"}],"replies":[{"embeddable":true,"href":"https:\/\/sp1.kielce.eu\/index.php\/wp-json\/wp\/v2\/comments?post=26676"}],"version-history":[{"count":1,"href":"https:\/\/sp1.kielce.eu\/index.php\/wp-json\/wp\/v2\/posts\/26676\/revisions"}],"predecessor-version":[{"id":26678,"href":"https:\/\/sp1.kielce.eu\/index.php\/wp-json\/wp\/v2\/posts\/26676\/revisions\/26678"}],"wp:featuredmedia":[{"embeddable":true,"href":"https:\/\/sp1.kielce.eu\/index.php\/wp-json\/wp\/v2\/media\/26677"}],"wp:attachment":[{"href":"https:\/\/sp1.kielce.eu\/index.php\/wp-json\/wp\/v2\/media?parent=26676"}],"wp:term":[{"taxonomy":"category","embeddable":true,"href":"https:\/\/sp1.kielce.eu\/index.php\/wp-json\/wp\/v2\/categories?post=26676"},{"taxonomy":"post_tag","embeddable":true,"href":"https:\/\/sp1.kielce.eu\/index.php\/wp-json\/wp\/v2\/tags?post=26676"}],"curies":[{"name":"wp","href":"https:\/\/api.w.org\/{rel}","templated":true}]}}