{"id":26664,"date":"2023-02-27T08:24:56","date_gmt":"2023-02-27T07:24:56","guid":{"rendered":"http:\/\/sp1.kielce.eu\/?p=26664"},"modified":"2023-02-27T08:24:56","modified_gmt":"2023-02-27T07:24:56","slug":"kielce-dla-winnicy","status":"publish","type":"post","link":"https:\/\/sp1.kielce.eu\/index.php\/2023\/02\/27\/kielce-dla-winnicy\/","title":{"rendered":"KIELCE DLA WINNICY"},"content":{"rendered":"\n<p>Ca\u0142a spo\u0142eczno\u015b\u0107 \u201eJedynki\u201d w\u0142\u0105czy\u0142a si\u0119 w akcj\u0119 \u201eKIELCE DLA WINNICY\u201d, kt\u00f3rej organizatorami by\u0142y: #KielceDlaUkrainy, Fundacja \u015awi\u0119tokrzyskich Kopalni Surowc\u00f3w Mineralnych \u201eKaganek\u201d, Stowarzyszenie Integracja Europa \u2013 Wsch\u00f3d.<\/p>\n\n\n\n<p>Zebrane produkty \u017cywno\u015bciowe i \u015brodki higieniczne zosta\u0142y dzi\u015b przekazane organizatorom.<\/p>\n\n\n\n<p>Bardzo dzi\u0119kujemy wszystkim \ud83d\ude42<\/p>\n\n\n\n<p>Szkolne Ko\u0142o Wolontariatu<\/p>\n\n\n\n<p>Du\u017cy SU<\/p>\n\n\n\n<figure class=\"wp-block-gallery has-nested-images columns-default is-cropped wp-block-gallery-1 is-layout-flex wp-block-gallery-is-layout-flex\">\n<figure class=\"wp-block-image size-large\"><a href=\"http:\/\/sp1.kielce.eu\/wp-content\/uploads\/2023\/02\/IMG_20230215_125347-Medium.jpg\"><img loading=\"lazy\" decoding=\"async\" width=\"1024\" height=\"768\" data-id=\"26665\" src=\"http:\/\/sp1.kielce.eu\/wp-content\/uploads\/2023\/02\/IMG_20230215_125347-Medium.jpg\" alt=\"\" class=\"wp-image-26665\" srcset=\"https:\/\/sp1.kielce.eu\/wp-content\/uploads\/2023\/02\/IMG_20230215_125347-Medium.jpg 1024w, https:\/\/sp1.kielce.eu\/wp-content\/uploads\/2023\/02\/IMG_20230215_125347-Medium-300x225.jpg 300w, https:\/\/sp1.kielce.eu\/wp-content\/uploads\/2023\/02\/IMG_20230215_125347-Medium-768x576.jpg 768w, https:\/\/sp1.kielce.eu\/wp-content\/uploads\/2023\/02\/IMG_20230215_125347-Medium-820x615.jpg 820w\" sizes=\"auto, (max-width: 1024px) 100vw, 1024px\" \/><\/a><\/figure>\n\n\n\n<figure class=\"wp-block-image size-large\"><a href=\"http:\/\/sp1.kielce.eu\/wp-content\/uploads\/2023\/02\/IMG_20230215_125352-Medium.jpg\"><img loading=\"lazy\" decoding=\"async\" width=\"1024\" height=\"768\" data-id=\"26666\" src=\"http:\/\/sp1.kielce.eu\/wp-content\/uploads\/2023\/02\/IMG_20230215_125352-Medium.jpg\" alt=\"\" class=\"wp-image-26666\" srcset=\"https:\/\/sp1.kielce.eu\/wp-content\/uploads\/2023\/02\/IMG_20230215_125352-Medium.jpg 1024w, https:\/\/sp1.kielce.eu\/wp-content\/uploads\/2023\/02\/IMG_20230215_125352-Medium-300x225.jpg 300w, https:\/\/sp1.kielce.eu\/wp-content\/uploads\/2023\/02\/IMG_20230215_125352-Medium-768x576.jpg 768w, https:\/\/sp1.kielce.eu\/wp-content\/uploads\/2023\/02\/IMG_20230215_125352-Medium-820x615.jpg 820w\" sizes=\"auto, (max-width: 1024px) 100vw, 1024px\" \/><\/a><\/figure>\n<\/figure>\n","protected":false},"excerpt":{"rendered":"<p>Ca\u0142a spo\u0142eczno\u015b\u0107 \u201eJedynki\u201d w\u0142\u0105czy\u0142a si\u0119 w akcj\u0119 \u201eKIELCE DLA WINNICY\u201d, kt\u00f3rej organizatorami by\u0142y: #KielceDlaUkrainy, Fundacja [&hellip;]<\/p>\n","protected":false},"author":5,"featured_media":26667,"comment_status":"closed","ping_status":"","sticky":false,"template":"","format":"standard","meta":{"footnotes":""},"categories":[36,163,18],"tags":[],"class_list":["post-26664","post","type-post","status-publish","format-standard","has-post-thumbnail","hentry","category-wydarzenia","category-skw","category-samorzad-uczniowoski"],"_links":{"self":[{"href":"https:\/\/sp1.kielce.eu\/index.php\/wp-json\/wp\/v2\/posts\/26664","targetHints":{"allow":["GET"]}}],"collection":[{"href":"https:\/\/sp1.kielce.eu\/index.php\/wp-json\/wp\/v2\/posts"}],"about":[{"href":"https:\/\/sp1.kielce.eu\/index.php\/wp-json\/wp\/v2\/types\/post"}],"author":[{"embeddable":true,"href":"https:\/\/sp1.kielce.eu\/index.php\/wp-json\/wp\/v2\/users\/5"}],"replies":[{"embeddable":true,"href":"https:\/\/sp1.kielce.eu\/index.php\/wp-json\/wp\/v2\/comments?post=26664"}],"version-history":[{"count":1,"href":"https:\/\/sp1.kielce.eu\/index.php\/wp-json\/wp\/v2\/posts\/26664\/revisions"}],"predecessor-version":[{"id":26668,"href":"https:\/\/sp1.kielce.eu\/index.php\/wp-json\/wp\/v2\/posts\/26664\/revisions\/26668"}],"wp:featuredmedia":[{"embeddable":true,"href":"https:\/\/sp1.kielce.eu\/index.php\/wp-json\/wp\/v2\/media\/26667"}],"wp:attachment":[{"href":"https:\/\/sp1.kielce.eu\/index.php\/wp-json\/wp\/v2\/media?parent=26664"}],"wp:term":[{"taxonomy":"category","embeddable":true,"href":"https:\/\/sp1.kielce.eu\/index.php\/wp-json\/wp\/v2\/categories?post=26664"},{"taxonomy":"post_tag","embeddable":true,"href":"https:\/\/sp1.kielce.eu\/index.php\/wp-json\/wp\/v2\/tags?post=26664"}],"curies":[{"name":"wp","href":"https:\/\/api.w.org\/{rel}","templated":true}]}}