{"id":26650,"date":"2023-02-26T22:16:54","date_gmt":"2023-02-26T21:16:54","guid":{"rendered":"http:\/\/sp1.kielce.eu\/?p=26650"},"modified":"2023-02-26T22:16:54","modified_gmt":"2023-02-26T21:16:54","slug":"miedzynarodowy-dzien-jezyka-ojczystego","status":"publish","type":"post","link":"https:\/\/sp1.kielce.eu\/index.php\/2023\/02\/26\/miedzynarodowy-dzien-jezyka-ojczystego\/","title":{"rendered":"Mi\u0119dzynarodowy Dzie\u0144 J\u0119zyka Ojczystego"},"content":{"rendered":"\n<p>21.02.2023 obchodzili\u015bmy Mi\u0119dzynarodowy Dzie\u0144 J\u0119zyka Ojczystego. \u015awi\u0119to s\u0142u\u017cy promocji j\u0119zyka polskiego i u\u015bwiadamianie jak w dzisiejszych czasach wa\u017cne jest prawid\u0142owe pos\u0142ugiwanie si\u0119 j\u0119zykiem ojczystym w \u017cyciu codziennym. W obchody \u015bwi\u0119ta w\u0142\u0105czyli si\u0119 uczniowie klasy 3c. Podczas zaj\u0119\u0107 uczniowie poznawali histori\u0119 powstania j\u0119zyka polskiego. Obejrzeli r\u00f3wnie\u017c prezentacj\u0119 multimedialn\u0105 \u201eB\u0142yskawiczne dzieje polszczyzny\u201d Dzieci dowiedzia\u0142y si\u0119 wielu ciekawostek dotycz\u0105cych j\u0119zyka ojczystego. Uczniowie utrwalali pisowni\u0119 trudnych wyraz\u00f3w. Na koniec dzieci napisa\u0142y dyktando z zawi\u0142o\u015bciami ortograficznymi.<\/p>\n\n\n\n<p class=\"has-text-align-right\">Organizator<br>A. Szcze\u015bniak<\/p>\n\n\n\n<figure class=\"wp-block-gallery has-nested-images columns-default is-cropped wp-block-gallery-1 is-layout-flex wp-block-gallery-is-layout-flex\">\n<figure class=\"wp-block-image size-large\"><a href=\"http:\/\/sp1.kielce.eu\/wp-content\/uploads\/2023\/02\/1676993207743-2-Copy.jpg\"><img loading=\"lazy\" decoding=\"async\" width=\"678\" height=\"900\" data-id=\"26652\" src=\"http:\/\/sp1.kielce.eu\/wp-content\/uploads\/2023\/02\/1676993207743-2-Copy.jpg\" alt=\"\" class=\"wp-image-26652\" srcset=\"https:\/\/sp1.kielce.eu\/wp-content\/uploads\/2023\/02\/1676993207743-2-Copy.jpg 678w, https:\/\/sp1.kielce.eu\/wp-content\/uploads\/2023\/02\/1676993207743-2-Copy-226x300.jpg 226w\" sizes=\"auto, (max-width: 678px) 100vw, 678px\" \/><\/a><\/figure>\n\n\n\n<figure class=\"wp-block-image size-large\"><a href=\"http:\/\/sp1.kielce.eu\/wp-content\/uploads\/2023\/02\/1676995414860-1-1-Copy.jpg\"><img loading=\"lazy\" decoding=\"async\" width=\"678\" height=\"900\" data-id=\"26651\" src=\"http:\/\/sp1.kielce.eu\/wp-content\/uploads\/2023\/02\/1676995414860-1-1-Copy.jpg\" alt=\"\" class=\"wp-image-26651\" srcset=\"https:\/\/sp1.kielce.eu\/wp-content\/uploads\/2023\/02\/1676995414860-1-1-Copy.jpg 678w, https:\/\/sp1.kielce.eu\/wp-content\/uploads\/2023\/02\/1676995414860-1-1-Copy-226x300.jpg 226w\" sizes=\"auto, (max-width: 678px) 100vw, 678px\" \/><\/a><\/figure>\n<\/figure>\n","protected":false},"excerpt":{"rendered":"<p>21.02.2023 obchodzili\u015bmy Mi\u0119dzynarodowy Dzie\u0144 J\u0119zyka Ojczystego. \u015awi\u0119to s\u0142u\u017cy promocji j\u0119zyka polskiego i u\u015bwiadamianie jak w [&hellip;]<\/p>\n","protected":false},"author":13,"featured_media":26653,"comment_status":"closed","ping_status":"","sticky":false,"template":"","format":"standard","meta":{"footnotes":""},"categories":[36],"tags":[],"class_list":["post-26650","post","type-post","status-publish","format-standard","has-post-thumbnail","hentry","category-wydarzenia"],"_links":{"self":[{"href":"https:\/\/sp1.kielce.eu\/index.php\/wp-json\/wp\/v2\/posts\/26650","targetHints":{"allow":["GET"]}}],"collection":[{"href":"https:\/\/sp1.kielce.eu\/index.php\/wp-json\/wp\/v2\/posts"}],"about":[{"href":"https:\/\/sp1.kielce.eu\/index.php\/wp-json\/wp\/v2\/types\/post"}],"author":[{"embeddable":true,"href":"https:\/\/sp1.kielce.eu\/index.php\/wp-json\/wp\/v2\/users\/13"}],"replies":[{"embeddable":true,"href":"https:\/\/sp1.kielce.eu\/index.php\/wp-json\/wp\/v2\/comments?post=26650"}],"version-history":[{"count":1,"href":"https:\/\/sp1.kielce.eu\/index.php\/wp-json\/wp\/v2\/posts\/26650\/revisions"}],"predecessor-version":[{"id":26654,"href":"https:\/\/sp1.kielce.eu\/index.php\/wp-json\/wp\/v2\/posts\/26650\/revisions\/26654"}],"wp:featuredmedia":[{"embeddable":true,"href":"https:\/\/sp1.kielce.eu\/index.php\/wp-json\/wp\/v2\/media\/26653"}],"wp:attachment":[{"href":"https:\/\/sp1.kielce.eu\/index.php\/wp-json\/wp\/v2\/media?parent=26650"}],"wp:term":[{"taxonomy":"category","embeddable":true,"href":"https:\/\/sp1.kielce.eu\/index.php\/wp-json\/wp\/v2\/categories?post=26650"},{"taxonomy":"post_tag","embeddable":true,"href":"https:\/\/sp1.kielce.eu\/index.php\/wp-json\/wp\/v2\/tags?post=26650"}],"curies":[{"name":"wp","href":"https:\/\/api.w.org\/{rel}","templated":true}]}}