{"id":26628,"date":"2023-02-20T08:33:59","date_gmt":"2023-02-20T07:33:59","guid":{"rendered":"http:\/\/sp1.kielce.eu\/?p=26628"},"modified":"2023-02-20T08:33:59","modified_gmt":"2023-02-20T07:33:59","slug":"pmoc-dla-ofiar-trzesienia-ziemi-w-turcji-i-syrii-wolontariat","status":"publish","type":"post","link":"https:\/\/sp1.kielce.eu\/index.php\/2023\/02\/20\/pmoc-dla-ofiar-trzesienia-ziemi-w-turcji-i-syrii-wolontariat\/","title":{"rendered":"Pmoc dla Ofiar trz\u0119sienia ziemi w Turcji i Syrii &#8211; Wolontariat!"},"content":{"rendered":"\n<p>19 lutego br., w ostatni\u0105 niedziel\u0119, podobnie jak w ca\u0142ej Polsce, odby\u0142a si\u0119 tak\u017ce w parafii \u015bw. J\u00f3zefa Robotnika w Kielcach, <strong>zbi\u00f3rka pieni\u0119dzy jako pomoc Ofiarom trz\u0119sienia ziemi<\/strong>, kt\u00f3re niedawno mia\u0142o miejsce<br><strong>(w nocy z 5 na 6 lutego)<\/strong> <strong>w Turcji i w Syrii<\/strong>.<\/p>\n\n\n\n<p>W zbi\u00f3rk\u0119 w\u0142\u0105czyli si\u0119 <strong>przedstawiciele Szkolne Ko\u0142a Wolontariatu \u201eJedynka\u201d wraz z ich opiekunem,<\/strong> razem z innymi Wolontariuszami z grona ministrant\u00f3w i ze Szko\u0142y Podstawowej im. \u015bw. Marii z Nazaretu w Kielcach.<\/p>\n\n\n\n<p><strong>Dzi\u0119kujemy Wszystkim Ofiarodawcom i Wolontariuszom za pomoc w przeprowadzeniu zbi\u00f3rki<\/strong>, tak bardzo potrzebnej tym, kt\u00f3rzy tak wiele stracili na skutek dramatycznego trz\u0119sienia ziemi w ich krajach.<\/p>\n\n\n\n<p><strong>Gdyby kto\u015b chcia\u0142 jeszcze pom\u00f3c ofiarom trz\u0119sienia ziemi, mo\u017ce to uczyni\u0107:<\/strong><strong><\/strong><\/p>\n\n\n\n<ul class=\"wp-block-list\"><li><strong>Wp\u0142acaj\u0105c darowizn\u0119 na&nbsp;konto Caritas Diecezji Kieleckiej&nbsp;<br>nr&nbsp;21 1050 1416 1000 0005 0011 5811<br>z dopiskiem POMOC<\/strong><\/li><li><strong>wp\u0142acaj\u0105c dowoln\u0105 kwot\u0119 na&nbsp;konto Caritas Polska<br>nr&nbsp;77 1160 2202 0000 0000 3436 4384<br>z dopiskiem POMOC<\/strong><\/li><li><strong>wysy\u0142aj\u0105c SMS o&nbsp;tre\u015bci POMOC pod&nbsp;numer 72052 (koszt 2, 46 z\u0142)<\/strong><\/li><\/ul>\n\n\n\n<p><strong>Dzi\u0119kujemy z g\u00f3ry za ka\u017cd\u0105 ofiar\u0119 i modlitw\u0119! B\u00d3G zap\u0142a\u0107!<\/strong><\/p>\n\n\n\n<p>Szkolne Ko\u0142o Wolontariatu \u201eJedynka\u201d,<\/p>\n\n\n\n<p>Ks. Konrad Walerczak<\/p>\n\n\n\n<figure class=\"wp-block-gallery has-nested-images columns-default is-cropped wp-block-gallery-1 is-layout-flex wp-block-gallery-is-layout-flex\">\n<figure class=\"wp-block-image size-large\"><a href=\"http:\/\/sp1.kielce.eu\/wp-content\/uploads\/2023\/02\/20230219_185046-scaled.jpg\"><img loading=\"lazy\" decoding=\"async\" width=\"1920\" height=\"2560\" data-id=\"26629\" src=\"http:\/\/sp1.kielce.eu\/wp-content\/uploads\/2023\/02\/20230219_185046-scaled.jpg\" alt=\"\" class=\"wp-image-26629\" srcset=\"https:\/\/sp1.kielce.eu\/wp-content\/uploads\/2023\/02\/20230219_185046-scaled.jpg 1920w, https:\/\/sp1.kielce.eu\/wp-content\/uploads\/2023\/02\/20230219_185046-225x300.jpg 225w, https:\/\/sp1.kielce.eu\/wp-content\/uploads\/2023\/02\/20230219_185046-675x900.jpg 675w, https:\/\/sp1.kielce.eu\/wp-content\/uploads\/2023\/02\/20230219_185046-768x1024.jpg 768w, https:\/\/sp1.kielce.eu\/wp-content\/uploads\/2023\/02\/20230219_185046-1152x1536.jpg 1152w, https:\/\/sp1.kielce.eu\/wp-content\/uploads\/2023\/02\/20230219_185046-1536x2048.jpg 1536w, https:\/\/sp1.kielce.eu\/wp-content\/uploads\/2023\/02\/20230219_185046-820x1093.jpg 820w\" sizes=\"auto, (max-width: 1920px) 100vw, 1920px\" \/><\/a><\/figure>\n\n\n\n<figure class=\"wp-block-image size-large\"><a href=\"http:\/\/sp1.kielce.eu\/wp-content\/uploads\/2023\/02\/20230219-120145.jpg\"><img loading=\"lazy\" decoding=\"async\" width=\"1008\" height=\"756\" data-id=\"26630\" src=\"http:\/\/sp1.kielce.eu\/wp-content\/uploads\/2023\/02\/20230219-120145.jpg\" alt=\"\" class=\"wp-image-26630\" srcset=\"https:\/\/sp1.kielce.eu\/wp-content\/uploads\/2023\/02\/20230219-120145.jpg 1008w, https:\/\/sp1.kielce.eu\/wp-content\/uploads\/2023\/02\/20230219-120145-300x225.jpg 300w, https:\/\/sp1.kielce.eu\/wp-content\/uploads\/2023\/02\/20230219-120145-768x576.jpg 768w, https:\/\/sp1.kielce.eu\/wp-content\/uploads\/2023\/02\/20230219-120145-820x615.jpg 820w\" sizes=\"auto, (max-width: 1008px) 100vw, 1008px\" \/><\/a><\/figure>\n\n\n\n<figure class=\"wp-block-image size-large\"><a href=\"http:\/\/sp1.kielce.eu\/wp-content\/uploads\/2023\/02\/20230219-164825.jpg\"><img loading=\"lazy\" decoding=\"async\" width=\"1008\" height=\"756\" data-id=\"26631\" src=\"http:\/\/sp1.kielce.eu\/wp-content\/uploads\/2023\/02\/20230219-164825.jpg\" alt=\"\" class=\"wp-image-26631\" srcset=\"https:\/\/sp1.kielce.eu\/wp-content\/uploads\/2023\/02\/20230219-164825.jpg 1008w, https:\/\/sp1.kielce.eu\/wp-content\/uploads\/2023\/02\/20230219-164825-300x225.jpg 300w, https:\/\/sp1.kielce.eu\/wp-content\/uploads\/2023\/02\/20230219-164825-768x576.jpg 768w, https:\/\/sp1.kielce.eu\/wp-content\/uploads\/2023\/02\/20230219-164825-820x615.jpg 820w\" sizes=\"auto, (max-width: 1008px) 100vw, 1008px\" \/><\/a><\/figure>\n\n\n\n<figure class=\"wp-block-image size-large\"><a href=\"http:\/\/sp1.kielce.eu\/wp-content\/uploads\/2023\/02\/20230219-165713.jpg\"><img loading=\"lazy\" decoding=\"async\" width=\"1008\" height=\"756\" data-id=\"26632\" src=\"http:\/\/sp1.kielce.eu\/wp-content\/uploads\/2023\/02\/20230219-165713.jpg\" alt=\"\" class=\"wp-image-26632\" srcset=\"https:\/\/sp1.kielce.eu\/wp-content\/uploads\/2023\/02\/20230219-165713.jpg 1008w, https:\/\/sp1.kielce.eu\/wp-content\/uploads\/2023\/02\/20230219-165713-300x225.jpg 300w, https:\/\/sp1.kielce.eu\/wp-content\/uploads\/2023\/02\/20230219-165713-768x576.jpg 768w, https:\/\/sp1.kielce.eu\/wp-content\/uploads\/2023\/02\/20230219-165713-820x615.jpg 820w\" sizes=\"auto, (max-width: 1008px) 100vw, 1008px\" \/><\/a><\/figure>\n\n\n\n<figure class=\"wp-block-image size-large\"><a href=\"http:\/\/sp1.kielce.eu\/wp-content\/uploads\/2023\/02\/20230219-165728-rotated.jpg\"><img loading=\"lazy\" decoding=\"async\" width=\"756\" height=\"1008\" data-id=\"26633\" src=\"http:\/\/sp1.kielce.eu\/wp-content\/uploads\/2023\/02\/20230219-165728-rotated.jpg\" alt=\"\" class=\"wp-image-26633\" srcset=\"https:\/\/sp1.kielce.eu\/wp-content\/uploads\/2023\/02\/20230219-165728-rotated.jpg 756w, https:\/\/sp1.kielce.eu\/wp-content\/uploads\/2023\/02\/20230219-165728-225x300.jpg 225w, https:\/\/sp1.kielce.eu\/wp-content\/uploads\/2023\/02\/20230219-165728-675x900.jpg 675w\" sizes=\"auto, (max-width: 756px) 100vw, 756px\" \/><\/a><\/figure>\n\n\n\n<figure class=\"wp-block-image size-large\"><a href=\"http:\/\/sp1.kielce.eu\/wp-content\/uploads\/2023\/02\/Zdj\u00a6Ocie-tytueowe.-20230219_191429-scaled.jpg\"><img loading=\"lazy\" decoding=\"async\" width=\"2560\" height=\"1743\" data-id=\"26634\" src=\"http:\/\/sp1.kielce.eu\/wp-content\/uploads\/2023\/02\/Zdj\u00a6Ocie-tytueowe.-20230219_191429-scaled.jpg\" alt=\"\" class=\"wp-image-26634\" srcset=\"https:\/\/sp1.kielce.eu\/wp-content\/uploads\/2023\/02\/Zdj\u00a6Ocie-tytueowe.-20230219_191429-scaled.jpg 2560w, https:\/\/sp1.kielce.eu\/wp-content\/uploads\/2023\/02\/Zdj\u00a6Ocie-tytueowe.-20230219_191429-300x204.jpg 300w, https:\/\/sp1.kielce.eu\/wp-content\/uploads\/2023\/02\/Zdj\u00a6Ocie-tytueowe.-20230219_191429-1322x900.jpg 1322w, https:\/\/sp1.kielce.eu\/wp-content\/uploads\/2023\/02\/Zdj\u00a6Ocie-tytueowe.-20230219_191429-768x523.jpg 768w, https:\/\/sp1.kielce.eu\/wp-content\/uploads\/2023\/02\/Zdj\u00a6Ocie-tytueowe.-20230219_191429-1536x1046.jpg 1536w, https:\/\/sp1.kielce.eu\/wp-content\/uploads\/2023\/02\/Zdj\u00a6Ocie-tytueowe.-20230219_191429-2048x1394.jpg 2048w, https:\/\/sp1.kielce.eu\/wp-content\/uploads\/2023\/02\/Zdj\u00a6Ocie-tytueowe.-20230219_191429-820x558.jpg 820w\" sizes=\"auto, (max-width: 2560px) 100vw, 2560px\" \/><\/a><\/figure>\n<\/figure>\n","protected":false},"excerpt":{"rendered":"<p>19 lutego br., w ostatni\u0105 niedziel\u0119, podobnie jak w ca\u0142ej Polsce, odby\u0142a si\u0119 tak\u017ce w [&hellip;]<\/p>\n","protected":false},"author":5,"featured_media":26634,"comment_status":"closed","ping_status":"","sticky":false,"template":"","format":"standard","meta":{"footnotes":""},"categories":[36,163],"tags":[],"class_list":["post-26628","post","type-post","status-publish","format-standard","has-post-thumbnail","hentry","category-wydarzenia","category-skw"],"_links":{"self":[{"href":"https:\/\/sp1.kielce.eu\/index.php\/wp-json\/wp\/v2\/posts\/26628","targetHints":{"allow":["GET"]}}],"collection":[{"href":"https:\/\/sp1.kielce.eu\/index.php\/wp-json\/wp\/v2\/posts"}],"about":[{"href":"https:\/\/sp1.kielce.eu\/index.php\/wp-json\/wp\/v2\/types\/post"}],"author":[{"embeddable":true,"href":"https:\/\/sp1.kielce.eu\/index.php\/wp-json\/wp\/v2\/users\/5"}],"replies":[{"embeddable":true,"href":"https:\/\/sp1.kielce.eu\/index.php\/wp-json\/wp\/v2\/comments?post=26628"}],"version-history":[{"count":1,"href":"https:\/\/sp1.kielce.eu\/index.php\/wp-json\/wp\/v2\/posts\/26628\/revisions"}],"predecessor-version":[{"id":26635,"href":"https:\/\/sp1.kielce.eu\/index.php\/wp-json\/wp\/v2\/posts\/26628\/revisions\/26635"}],"wp:featuredmedia":[{"embeddable":true,"href":"https:\/\/sp1.kielce.eu\/index.php\/wp-json\/wp\/v2\/media\/26634"}],"wp:attachment":[{"href":"https:\/\/sp1.kielce.eu\/index.php\/wp-json\/wp\/v2\/media?parent=26628"}],"wp:term":[{"taxonomy":"category","embeddable":true,"href":"https:\/\/sp1.kielce.eu\/index.php\/wp-json\/wp\/v2\/categories?post=26628"},{"taxonomy":"post_tag","embeddable":true,"href":"https:\/\/sp1.kielce.eu\/index.php\/wp-json\/wp\/v2\/tags?post=26628"}],"curies":[{"name":"wp","href":"https:\/\/api.w.org\/{rel}","templated":true}]}}