{"id":26466,"date":"2023-02-12T15:27:18","date_gmt":"2023-02-12T14:27:18","guid":{"rendered":"http:\/\/sp1.kielce.eu\/?p=26466"},"modified":"2023-02-12T15:27:18","modified_gmt":"2023-02-12T14:27:18","slug":"walentynkuj-nie-hejtuj","status":"publish","type":"post","link":"https:\/\/sp1.kielce.eu\/index.php\/2023\/02\/12\/walentynkuj-nie-hejtuj\/","title":{"rendered":"WALENTYNKUJ \u2013 NIE HEJTUJ!"},"content":{"rendered":"\n<p>Samorz\u0105d Uczniowski w tym roku zmienia formu\u0142\u0119 szkolnych Walentynek.<\/p>\n\n\n\n<p>Nasza propozycja, to walentynkowy ubi\u00f3r.<\/p>\n\n\n\n<p>Wszyscy uczniowie, kt\u00f3rzy chc\u0105 przy\u0142\u0105czy\u0107 si\u0119 do wsp\u00f3lnej zabawy musz\u0105 14 lutego (wtorek) przyj\u015b\u0107 do szko\u0142y w koszulkach \/ bluzkach w kolorze czerwonym lub w serduszkowy wzorek, mo\u017cna te\u017c zaopatrzy\u0107 si\u0119 w napisy typu : Lubi\u0119 Ci\u0119, Chc\u0119 si\u0119 z Tob\u0105 zaprzyja\u017ani\u0107, Podziwiam Ci\u0119, Jeste\u015b fajny\/fajna, Zosta\u0144 moim przyjacielem itp.<\/p>\n\n\n\n<p>W klasach 4 \u2013 8 nagrod\u0105 b\u0119d\u0105 \u201ekupony na niepytanie\u201d.<\/p>\n\n\n\n<p>Zapraszamy wszystkich, r\u00f3wnie\u017c nauczycieli do wsp\u00f3lnej zabawy.<\/p>\n\n\n\n<p>Opiekun SU \u2013 R. Kozie\u0142<\/p>\n\n\n\n<figure class=\"wp-block-gallery has-nested-images columns-default is-cropped wp-block-gallery-1 is-layout-flex wp-block-gallery-is-layout-flex\">\n<figure class=\"wp-block-image size-large\"><img loading=\"lazy\" decoding=\"async\" width=\"731\" height=\"636\" data-id=\"26467\" src=\"http:\/\/sp1.kielce.eu\/wp-content\/uploads\/2023\/02\/Chmura-Walentynki-sensonaukapl-731x636-1.png\" alt=\"\" class=\"wp-image-26467\" srcset=\"https:\/\/sp1.kielce.eu\/wp-content\/uploads\/2023\/02\/Chmura-Walentynki-sensonaukapl-731x636-1.png 731w, https:\/\/sp1.kielce.eu\/wp-content\/uploads\/2023\/02\/Chmura-Walentynki-sensonaukapl-731x636-1-300x261.png 300w\" sizes=\"auto, (max-width: 731px) 100vw, 731px\" \/><\/figure>\n<\/figure>\n","protected":false},"excerpt":{"rendered":"<p>Samorz\u0105d Uczniowski w tym roku zmienia formu\u0142\u0119 szkolnych Walentynek. Nasza propozycja, to walentynkowy ubi\u00f3r. Wszyscy [&hellip;]<\/p>\n","protected":false},"author":5,"featured_media":26467,"comment_status":"closed","ping_status":"","sticky":false,"template":"","format":"standard","meta":{"footnotes":""},"categories":[36],"tags":[],"class_list":["post-26466","post","type-post","status-publish","format-standard","has-post-thumbnail","hentry","category-wydarzenia"],"_links":{"self":[{"href":"https:\/\/sp1.kielce.eu\/index.php\/wp-json\/wp\/v2\/posts\/26466","targetHints":{"allow":["GET"]}}],"collection":[{"href":"https:\/\/sp1.kielce.eu\/index.php\/wp-json\/wp\/v2\/posts"}],"about":[{"href":"https:\/\/sp1.kielce.eu\/index.php\/wp-json\/wp\/v2\/types\/post"}],"author":[{"embeddable":true,"href":"https:\/\/sp1.kielce.eu\/index.php\/wp-json\/wp\/v2\/users\/5"}],"replies":[{"embeddable":true,"href":"https:\/\/sp1.kielce.eu\/index.php\/wp-json\/wp\/v2\/comments?post=26466"}],"version-history":[{"count":1,"href":"https:\/\/sp1.kielce.eu\/index.php\/wp-json\/wp\/v2\/posts\/26466\/revisions"}],"predecessor-version":[{"id":26468,"href":"https:\/\/sp1.kielce.eu\/index.php\/wp-json\/wp\/v2\/posts\/26466\/revisions\/26468"}],"wp:featuredmedia":[{"embeddable":true,"href":"https:\/\/sp1.kielce.eu\/index.php\/wp-json\/wp\/v2\/media\/26467"}],"wp:attachment":[{"href":"https:\/\/sp1.kielce.eu\/index.php\/wp-json\/wp\/v2\/media?parent=26466"}],"wp:term":[{"taxonomy":"category","embeddable":true,"href":"https:\/\/sp1.kielce.eu\/index.php\/wp-json\/wp\/v2\/categories?post=26466"},{"taxonomy":"post_tag","embeddable":true,"href":"https:\/\/sp1.kielce.eu\/index.php\/wp-json\/wp\/v2\/tags?post=26466"}],"curies":[{"name":"wp","href":"https:\/\/api.w.org\/{rel}","templated":true}]}}