{"id":26365,"date":"2023-01-26T21:55:35","date_gmt":"2023-01-26T20:55:35","guid":{"rendered":"http:\/\/sp1.kielce.eu\/?p=26365"},"modified":"2023-06-27T17:53:14","modified_gmt":"2023-06-27T15:53:14","slug":"iv-wojewodzki-konkurs-z-informatyki","status":"publish","type":"post","link":"https:\/\/sp1.kielce.eu\/index.php\/2023\/01\/26\/iv-wojewodzki-konkurs-z-informatyki\/","title":{"rendered":"IV Wojew\u00f3dzki Konkurs z Informatyki"},"content":{"rendered":"\n<p>Dw\u00f3ch uczni\u00f3w z naszej szko\u0142y, Bartosz Lisowski (8c) i Franciszek Banasik (6b), zakwalifikowa\u0142o si\u0119 do III etapu Wojew\u00f3dzkiego Konkursu z Informatyki dla uczni\u00f3w szk\u00f3\u0142 podstawowych wojew\u00f3dztwa \u015bwi\u0119tokrzyskiego.<\/p>\n\n\n\n<p class=\"has-text-align-right\">nauczyciel informatyki: Dariusz St\u0119pie\u0144<\/p>\n","protected":false},"excerpt":{"rendered":"<p>Dw\u00f3ch uczni\u00f3w z naszej szko\u0142y, Bartosz Lisowski (8c) i Franciszek Banasik (6b), zakwalifikowa\u0142o si\u0119 do [&hellip;]<\/p>\n","protected":false},"author":4,"featured_media":15077,"comment_status":"closed","ping_status":"","sticky":false,"template":"","format":"standard","meta":{"footnotes":""},"categories":[36,10,21],"tags":[],"class_list":["post-26365","post","type-post","status-publish","format-standard","has-post-thumbnail","hentry","category-wydarzenia","category-konkursy-przedmiotowe","category-konkursy"],"_links":{"self":[{"href":"https:\/\/sp1.kielce.eu\/index.php\/wp-json\/wp\/v2\/posts\/26365","targetHints":{"allow":["GET"]}}],"collection":[{"href":"https:\/\/sp1.kielce.eu\/index.php\/wp-json\/wp\/v2\/posts"}],"about":[{"href":"https:\/\/sp1.kielce.eu\/index.php\/wp-json\/wp\/v2\/types\/post"}],"author":[{"embeddable":true,"href":"https:\/\/sp1.kielce.eu\/index.php\/wp-json\/wp\/v2\/users\/4"}],"replies":[{"embeddable":true,"href":"https:\/\/sp1.kielce.eu\/index.php\/wp-json\/wp\/v2\/comments?post=26365"}],"version-history":[{"count":2,"href":"https:\/\/sp1.kielce.eu\/index.php\/wp-json\/wp\/v2\/posts\/26365\/revisions"}],"predecessor-version":[{"id":26371,"href":"https:\/\/sp1.kielce.eu\/index.php\/wp-json\/wp\/v2\/posts\/26365\/revisions\/26371"}],"wp:featuredmedia":[{"embeddable":true,"href":"https:\/\/sp1.kielce.eu\/index.php\/wp-json\/wp\/v2\/media\/15077"}],"wp:attachment":[{"href":"https:\/\/sp1.kielce.eu\/index.php\/wp-json\/wp\/v2\/media?parent=26365"}],"wp:term":[{"taxonomy":"category","embeddable":true,"href":"https:\/\/sp1.kielce.eu\/index.php\/wp-json\/wp\/v2\/categories?post=26365"},{"taxonomy":"post_tag","embeddable":true,"href":"https:\/\/sp1.kielce.eu\/index.php\/wp-json\/wp\/v2\/tags?post=26365"}],"curies":[{"name":"wp","href":"https:\/\/api.w.org\/{rel}","templated":true}]}}