{"id":2635,"date":"2017-06-26T15:47:31","date_gmt":"2017-06-26T13:47:31","guid":{"rendered":"http:\/\/sp1.kielce.eu\/?p=2635"},"modified":"2017-06-26T15:47:31","modified_gmt":"2017-06-26T13:47:31","slug":"kampania-ja-czytam","status":"publish","type":"post","link":"https:\/\/sp1.kielce.eu\/index.php\/2017\/06\/26\/kampania-ja-czytam\/","title":{"rendered":"Kampania  ,Ja czytam\u201d"},"content":{"rendered":"<p>W naszej szkole w ramach realizacji tegorocznych kierunk\u00f3w polityki o\u015bwiatowej dotycz\u0105cych\u00a0 rozwijania kompetencji czytelniczych, upowszechniania czytelnictwa w\u015br\u00f3d dzieci i m\u0142odzie\u017cy oraz kszta\u0142towania postaw i wychowania do warto\u015bci realizowali\u015bmy projekt <strong>,,Ja czytam!\u201d. <\/strong>To kampania spo\u0142eczna zainicjowana przez Wydawnictwo Operon, kt\u00f3rej celem jest rozwijanie kompetencji czytelniczych w\u015br\u00f3d dzieci i m\u0142odzie\u017cy. Korzystaj\u0105c z materia\u0142\u00f3w udost\u0119pnionych przez wydawnictwo, opracowali\u015bmy w\u0142asne scenariusze lekcji oraz ustalili\u015bmy harmonogram zaj\u0119\u0107 w bie\u017c\u0105cym roku szkolnym. Zaj\u0119cia zosta\u0142y u\u0142o\u017cone tematycznie wed\u0142ug zagadnie\u0144, takich jak: bezpiecze\u0144stwo, przyja\u017a\u0144, granice, r\u00f3\u017cnice, przemiana. Ka\u017cda lekcja zaczyna\u0142a si\u0119 od g\u0142o\u015bnego czytania fragmentu ksi\u0105\u017cki z najnowszej\u00a0 literatury dzieci\u0119cej i m\u0142odzie\u017cowej. By\u0142y to m.in.:<\/p>\n<p><img loading=\"lazy\" decoding=\"async\" class=\"alignnone size-medium wp-image-2636\" src=\"http:\/\/sp1.kielce.eu\/wp-content\/uploads\/2017\/06\/Bez-tytu\u0142u-2-300x201.jpg\" alt=\"\" width=\"300\" height=\"201\" srcset=\"https:\/\/sp1.kielce.eu\/wp-content\/uploads\/2017\/06\/Bez-tytu\u0142u-2-300x201.jpg 300w, https:\/\/sp1.kielce.eu\/wp-content\/uploads\/2017\/06\/Bez-tytu\u0142u-2-600x400.jpg 600w, https:\/\/sp1.kielce.eu\/wp-content\/uploads\/2017\/06\/Bez-tytu\u0142u-2.jpg 645w\" sizes=\"auto, (max-width: 300px) 100vw, 300px\" \/><\/p>\n<p>&nbsp;<\/p>\n<p>Nast\u0119pnym elementem lekcji by\u0142a dyskusja na temat tekstu ukierunkowana pod k\u0105tem konkretnych warto\u015bci. Na ka\u017cdych zaj\u0119ciach uczniowie wykonywali prace zwi\u0105zane z danym tematem.<\/p>\n<p>Kampania by\u0142a doskona\u0142ym sposobem na promocj\u0119 czytelnictwa oraz kszta\u0142towanie w\u0142a\u015bciwych postaw w\u015br\u00f3d uczni\u00f3w.<\/p>\n<p>Koordynatorami akcji byli: pedagog \u2013 Beata Smag\u00f3r, bibliotekarz \u2013 Renata Kozie\u0142 oraz nauczyciel j. polskiego \u2013 Dorota Broni\u015b. W realizacji projektu wzi\u0119li udzia\u0142 wychowawcy klas 4- 6.<\/p>\n<p style=\"text-align: right\">Dorota Broni\u015b<\/p>\n<p style=\"text-align: right\">Renata Kozie\u0142<\/p>\n<p style=\"text-align: right\">Beata Smag\u00f3r<\/p>\n<p style=\"text-align: right\">\n<div id='gallery-1' class='gallery galleryid-2635 gallery-columns-3 gallery-size-thumbnail'><figure class='gallery-item'>\n\t\t\t<div class='gallery-icon landscape'>\n\t\t\t\t<a href='https:\/\/sp1.kielce.eu\/wp-content\/uploads\/2017\/06\/Ja-czytam-przyjaciel-Large.jpg'><img loading=\"lazy\" decoding=\"async\" width=\"150\" height=\"150\" src=\"https:\/\/sp1.kielce.eu\/wp-content\/uploads\/2017\/06\/Ja-czytam-przyjaciel-Large-150x150.jpg\" class=\"attachment-thumbnail size-thumbnail\" alt=\"\" aria-describedby=\"gallery-1-2637\" \/><\/a>\n\t\t\t<\/div>\n\t\t\t\t<figcaption class='wp-caption-text gallery-caption' id='gallery-1-2637'>\n\t\t\t\t05\n\t\t\t\t<\/figcaption><\/figure><figure class='gallery-item'>\n\t\t\t<div class='gallery-icon landscape'>\n\t\t\t\t<a href='https:\/\/sp1.kielce.eu\/wp-content\/uploads\/2017\/06\/Ja-czytam-przyja\u017a\u0144-Large.jpg'><img loading=\"lazy\" decoding=\"async\" width=\"150\" height=\"150\" src=\"https:\/\/sp1.kielce.eu\/wp-content\/uploads\/2017\/06\/Ja-czytam-przyja\u017a\u0144-Large-150x150.jpg\" class=\"attachment-thumbnail size-thumbnail\" alt=\"\" aria-describedby=\"gallery-1-2638\" \/><\/a>\n\t\t\t<\/div>\n\t\t\t\t<figcaption class='wp-caption-text gallery-caption' id='gallery-1-2638'>\n\t\t\t\t04\n\t\t\t\t<\/figcaption><\/figure><figure class='gallery-item'>\n\t\t\t<div class='gallery-icon landscape'>\n\t\t\t\t<a href='https:\/\/sp1.kielce.eu\/wp-content\/uploads\/2017\/06\/Ja-czytam-Large.jpg'><img loading=\"lazy\" decoding=\"async\" width=\"150\" height=\"150\" src=\"https:\/\/sp1.kielce.eu\/wp-content\/uploads\/2017\/06\/Ja-czytam-Large-150x150.jpg\" class=\"attachment-thumbnail size-thumbnail\" alt=\"\" aria-describedby=\"gallery-1-2639\" \/><\/a>\n\t\t\t<\/div>\n\t\t\t\t<figcaption class='wp-caption-text gallery-caption' id='gallery-1-2639'>\n\t\t\t\t03\n\t\t\t\t<\/figcaption><\/figure><figure class='gallery-item'>\n\t\t\t<div class='gallery-icon landscape'>\n\t\t\t\t<a href='https:\/\/sp1.kielce.eu\/wp-content\/uploads\/2017\/06\/Przyja\u017a\u0144-Large.jpg'><img loading=\"lazy\" decoding=\"async\" width=\"150\" height=\"150\" src=\"https:\/\/sp1.kielce.eu\/wp-content\/uploads\/2017\/06\/Przyja\u017a\u0144-Large-150x150.jpg\" class=\"attachment-thumbnail size-thumbnail\" alt=\"\" aria-describedby=\"gallery-1-2640\" \/><\/a>\n\t\t\t<\/div>\n\t\t\t\t<figcaption class='wp-caption-text gallery-caption' id='gallery-1-2640'>\n\t\t\t\t02\n\t\t\t\t<\/figcaption><\/figure><figure class='gallery-item'>\n\t\t\t<div class='gallery-icon landscape'>\n\t\t\t\t<a href='https:\/\/sp1.kielce.eu\/wp-content\/uploads\/2017\/06\/Przyja\u017c\u0144-Large.jpg'><img loading=\"lazy\" decoding=\"async\" width=\"150\" height=\"150\" src=\"https:\/\/sp1.kielce.eu\/wp-content\/uploads\/2017\/06\/Przyja\u017c\u0144-Large-150x150.jpg\" class=\"attachment-thumbnail size-thumbnail\" alt=\"\" aria-describedby=\"gallery-1-2641\" \/><\/a>\n\t\t\t<\/div>\n\t\t\t\t<figcaption class='wp-caption-text gallery-caption' id='gallery-1-2641'>\n\t\t\t\t01\n\t\t\t\t<\/figcaption><\/figure>\n\t\t<\/div>\n\n","protected":false},"excerpt":{"rendered":"<p>W naszej szkole w ramach realizacji tegorocznych kierunk\u00f3w polityki o\u015bwiatowej dotycz\u0105cych\u00a0 rozwijania kompetencji czytelniczych, upowszechniania [&hellip;]<\/p>\n","protected":false},"author":5,"featured_media":2637,"comment_status":"closed","ping_status":"open","sticky":false,"template":"","format":"standard","meta":{"footnotes":""},"categories":[27,72],"tags":[],"class_list":["post-2635","post","type-post","status-publish","format-standard","has-post-thumbnail","hentry","category-projekty","category-biblioteka"],"_links":{"self":[{"href":"https:\/\/sp1.kielce.eu\/index.php\/wp-json\/wp\/v2\/posts\/2635","targetHints":{"allow":["GET"]}}],"collection":[{"href":"https:\/\/sp1.kielce.eu\/index.php\/wp-json\/wp\/v2\/posts"}],"about":[{"href":"https:\/\/sp1.kielce.eu\/index.php\/wp-json\/wp\/v2\/types\/post"}],"author":[{"embeddable":true,"href":"https:\/\/sp1.kielce.eu\/index.php\/wp-json\/wp\/v2\/users\/5"}],"replies":[{"embeddable":true,"href":"https:\/\/sp1.kielce.eu\/index.php\/wp-json\/wp\/v2\/comments?post=2635"}],"version-history":[{"count":1,"href":"https:\/\/sp1.kielce.eu\/index.php\/wp-json\/wp\/v2\/posts\/2635\/revisions"}],"predecessor-version":[{"id":2642,"href":"https:\/\/sp1.kielce.eu\/index.php\/wp-json\/wp\/v2\/posts\/2635\/revisions\/2642"}],"wp:featuredmedia":[{"embeddable":true,"href":"https:\/\/sp1.kielce.eu\/index.php\/wp-json\/wp\/v2\/media\/2637"}],"wp:attachment":[{"href":"https:\/\/sp1.kielce.eu\/index.php\/wp-json\/wp\/v2\/media?parent=2635"}],"wp:term":[{"taxonomy":"category","embeddable":true,"href":"https:\/\/sp1.kielce.eu\/index.php\/wp-json\/wp\/v2\/categories?post=2635"},{"taxonomy":"post_tag","embeddable":true,"href":"https:\/\/sp1.kielce.eu\/index.php\/wp-json\/wp\/v2\/tags?post=2635"}],"curies":[{"name":"wp","href":"https:\/\/api.w.org\/{rel}","templated":true}]}}