{"id":26343,"date":"2023-01-26T20:29:22","date_gmt":"2023-01-26T19:29:22","guid":{"rendered":"http:\/\/sp1.kielce.eu\/?p=26343"},"modified":"2023-01-26T20:32:51","modified_gmt":"2023-01-26T19:32:51","slug":"etwinning-oma-und-opa-tag","status":"publish","type":"post","link":"https:\/\/sp1.kielce.eu\/index.php\/2023\/01\/26\/etwinning-oma-und-opa-tag\/","title":{"rendered":"<strong>eTwinning &#8211; Oma und Opa Tag<\/strong>"},"content":{"rendered":"\n<p>Uczestnikami projektu s\u0105 uczniowie w wieku 9 &#8211; 13 lat z szk\u00f3\u0142 partnerskich z Polski.<br>Z naszej szko\u0142y w projekt zostali zaanga\u017cowani uczniowie z klasy 3a ucz\u0119szczaj\u0105cy na zaj\u0119cia rozwijaj\u0105ce z j\u0119zyka niemieckiego. Dzi\u0119ki projektowi uczniowie \u0107wiczyli s\u0142ownictwo zwi\u0105zane z opisem os\u00f3b: wiek, miejsce zamieszkania, hobby oraz zagadnienia gramatyczne takie jak: zaimki osobowe oraz czasowniki i wyra\u017cenia zwi\u0105zane z hobby. Uczniowie wzbogacaj\u0105 zas\u00f3b s\u0142ownictwa, a dzi\u0119ki prezentacjom o babci i dziadku zach\u0119ceni zostali do m\u00f3wienia w j\u0119zyku niemieckim.<\/p>\n\n\n\n<p>Anna Stradomska<\/p>\n\n\n\n<figure class=\"wp-block-gallery has-nested-images columns-default is-cropped wp-block-gallery-1 is-layout-flex wp-block-gallery-is-layout-flex\">\n<figure class=\"wp-block-image size-large\"><img loading=\"lazy\" decoding=\"async\" width=\"640\" height=\"480\" data-id=\"26351\" src=\"http:\/\/sp1.kielce.eu\/wp-content\/uploads\/2023\/01\/IMG_20230122_214223634-Copy-1.jpg\" alt=\"\" class=\"wp-image-26351\" srcset=\"https:\/\/sp1.kielce.eu\/wp-content\/uploads\/2023\/01\/IMG_20230122_214223634-Copy-1.jpg 640w, https:\/\/sp1.kielce.eu\/wp-content\/uploads\/2023\/01\/IMG_20230122_214223634-Copy-1-300x225.jpg 300w\" sizes=\"auto, (max-width: 640px) 100vw, 640px\" \/><\/figure>\n\n\n\n<figure class=\"wp-block-image size-large\"><img loading=\"lazy\" decoding=\"async\" width=\"640\" height=\"480\" data-id=\"26355\" src=\"http:\/\/sp1.kielce.eu\/wp-content\/uploads\/2023\/01\/IMG_20230122_214304069-Copy-1.jpg\" alt=\"\" class=\"wp-image-26355\" srcset=\"https:\/\/sp1.kielce.eu\/wp-content\/uploads\/2023\/01\/IMG_20230122_214304069-Copy-1.jpg 640w, https:\/\/sp1.kielce.eu\/wp-content\/uploads\/2023\/01\/IMG_20230122_214304069-Copy-1-300x225.jpg 300w\" sizes=\"auto, (max-width: 640px) 100vw, 640px\" \/><\/figure>\n\n\n\n<figure class=\"wp-block-image size-large\"><img loading=\"lazy\" decoding=\"async\" width=\"640\" height=\"480\" data-id=\"26352\" src=\"http:\/\/sp1.kielce.eu\/wp-content\/uploads\/2023\/01\/IMG_20230122_215001361-Copy-1.jpg\" alt=\"\" class=\"wp-image-26352\" srcset=\"https:\/\/sp1.kielce.eu\/wp-content\/uploads\/2023\/01\/IMG_20230122_215001361-Copy-1.jpg 640w, https:\/\/sp1.kielce.eu\/wp-content\/uploads\/2023\/01\/IMG_20230122_215001361-Copy-1-300x225.jpg 300w\" sizes=\"auto, (max-width: 640px) 100vw, 640px\" \/><\/figure>\n\n\n\n<figure class=\"wp-block-image size-large\"><img loading=\"lazy\" decoding=\"async\" width=\"640\" height=\"480\" data-id=\"26356\" src=\"http:\/\/sp1.kielce.eu\/wp-content\/uploads\/2023\/01\/IMG_20230122_215017181-Copy-2.jpg\" alt=\"\" class=\"wp-image-26356\" srcset=\"https:\/\/sp1.kielce.eu\/wp-content\/uploads\/2023\/01\/IMG_20230122_215017181-Copy-2.jpg 640w, https:\/\/sp1.kielce.eu\/wp-content\/uploads\/2023\/01\/IMG_20230122_215017181-Copy-2-300x225.jpg 300w\" sizes=\"auto, (max-width: 640px) 100vw, 640px\" \/><\/figure>\n\n\n\n<figure class=\"wp-block-image size-large\"><img loading=\"lazy\" decoding=\"async\" width=\"640\" height=\"480\" data-id=\"26353\" src=\"http:\/\/sp1.kielce.eu\/wp-content\/uploads\/2023\/01\/327539712_899277434607480_4509215151932921252_n-Copy-1.jpg\" alt=\"\" class=\"wp-image-26353\" srcset=\"https:\/\/sp1.kielce.eu\/wp-content\/uploads\/2023\/01\/327539712_899277434607480_4509215151932921252_n-Copy-1.jpg 640w, https:\/\/sp1.kielce.eu\/wp-content\/uploads\/2023\/01\/327539712_899277434607480_4509215151932921252_n-Copy-1-300x225.jpg 300w\" sizes=\"auto, (max-width: 640px) 100vw, 640px\" \/><\/figure>\n\n\n\n<figure class=\"wp-block-image size-large\"><img loading=\"lazy\" decoding=\"async\" width=\"640\" height=\"480\" data-id=\"26354\" src=\"http:\/\/sp1.kielce.eu\/wp-content\/uploads\/2023\/01\/IMG_20230122_214117210-Copy-1.jpg\" alt=\"\" class=\"wp-image-26354\" srcset=\"https:\/\/sp1.kielce.eu\/wp-content\/uploads\/2023\/01\/IMG_20230122_214117210-Copy-1.jpg 640w, https:\/\/sp1.kielce.eu\/wp-content\/uploads\/2023\/01\/IMG_20230122_214117210-Copy-1-300x225.jpg 300w\" sizes=\"auto, (max-width: 640px) 100vw, 640px\" \/><\/figure>\n<\/figure>\n","protected":false},"excerpt":{"rendered":"<p>Uczestnikami projektu s\u0105 uczniowie w wieku 9 &#8211; 13 lat z szk\u00f3\u0142 partnerskich z Polski.Z [&hellip;]<\/p>\n","protected":false},"author":14,"featured_media":26358,"comment_status":"closed","ping_status":"","sticky":false,"template":"","format":"standard","meta":{"footnotes":""},"categories":[36],"tags":[],"class_list":["post-26343","post","type-post","status-publish","format-standard","has-post-thumbnail","hentry","category-wydarzenia"],"_links":{"self":[{"href":"https:\/\/sp1.kielce.eu\/index.php\/wp-json\/wp\/v2\/posts\/26343","targetHints":{"allow":["GET"]}}],"collection":[{"href":"https:\/\/sp1.kielce.eu\/index.php\/wp-json\/wp\/v2\/posts"}],"about":[{"href":"https:\/\/sp1.kielce.eu\/index.php\/wp-json\/wp\/v2\/types\/post"}],"author":[{"embeddable":true,"href":"https:\/\/sp1.kielce.eu\/index.php\/wp-json\/wp\/v2\/users\/14"}],"replies":[{"embeddable":true,"href":"https:\/\/sp1.kielce.eu\/index.php\/wp-json\/wp\/v2\/comments?post=26343"}],"version-history":[{"count":2,"href":"https:\/\/sp1.kielce.eu\/index.php\/wp-json\/wp\/v2\/posts\/26343\/revisions"}],"predecessor-version":[{"id":26359,"href":"https:\/\/sp1.kielce.eu\/index.php\/wp-json\/wp\/v2\/posts\/26343\/revisions\/26359"}],"wp:featuredmedia":[{"embeddable":true,"href":"https:\/\/sp1.kielce.eu\/index.php\/wp-json\/wp\/v2\/media\/26358"}],"wp:attachment":[{"href":"https:\/\/sp1.kielce.eu\/index.php\/wp-json\/wp\/v2\/media?parent=26343"}],"wp:term":[{"taxonomy":"category","embeddable":true,"href":"https:\/\/sp1.kielce.eu\/index.php\/wp-json\/wp\/v2\/categories?post=26343"},{"taxonomy":"post_tag","embeddable":true,"href":"https:\/\/sp1.kielce.eu\/index.php\/wp-json\/wp\/v2\/tags?post=26343"}],"curies":[{"name":"wp","href":"https:\/\/api.w.org\/{rel}","templated":true}]}}