{"id":26333,"date":"2023-01-26T18:04:28","date_gmt":"2023-01-26T17:04:28","guid":{"rendered":"http:\/\/sp1.kielce.eu\/?p=26333"},"modified":"2023-01-26T18:05:24","modified_gmt":"2023-01-26T17:05:24","slug":"wystep-z-okazji-dnia-babci-i-dziadka","status":"publish","type":"post","link":"https:\/\/sp1.kielce.eu\/index.php\/2023\/01\/26\/wystep-z-okazji-dnia-babci-i-dziadka\/","title":{"rendered":"Wyst\u0119p z okazji Dnia Babci i Dziadka"},"content":{"rendered":"\n<p><\/p>\n\n\n\n<p><em>Babciu, Dziadku! Opowiedzcie nam swoje historie, a jak poznamy literki i b\u0119dziemy ju\u017c duzi, to napiszemy o Was ksi\u0105\u017ck\u0119!<\/em><\/p>\n\n\n\n<p><br>Tymi s\u0142owami piosenki uczniowie klas drugich przywitali swoje babcie i dziadk\u00f3w na inscenizacji z okazji ich \u015bwi\u0119ta. Na uroczysto\u015b\u0107 bardzo licznie przybyli zaproszeni go\u015bcie. By\u0142y \u0142zy wzruszenia, niezliczone ca\u0142usy, laurki i wspania\u0142a atmosfera. Za udzia\u0142 w tak wspania\u0142ej imprezie wszystkim babciom i dziadkom dzi\u0119kuj\u0105 uczniowie i wychowawcy klas drugich.<\/p>\n\n\n\n<p>Andrzej Pustu\u0142a<\/p>\n\n\n\n<p>Katarzyna Ostrowska<\/p>\n\n\n\n<p>Marta Pawlak<\/p>\n\n\n\n<figure class=\"wp-block-gallery has-nested-images columns-default is-cropped wp-block-gallery-1 is-layout-flex wp-block-gallery-is-layout-flex\">\n<figure class=\"wp-block-image size-large\"><img loading=\"lazy\" decoding=\"async\" width=\"640\" height=\"427\" data-id=\"26335\" src=\"http:\/\/sp1.kielce.eu\/wp-content\/uploads\/2023\/01\/Dzien-Babci-i-Dziadka-2-Copy.jpg\" alt=\"\" class=\"wp-image-26335\" srcset=\"https:\/\/sp1.kielce.eu\/wp-content\/uploads\/2023\/01\/Dzien-Babci-i-Dziadka-2-Copy.jpg 640w, https:\/\/sp1.kielce.eu\/wp-content\/uploads\/2023\/01\/Dzien-Babci-i-Dziadka-2-Copy-300x200.jpg 300w, https:\/\/sp1.kielce.eu\/wp-content\/uploads\/2023\/01\/Dzien-Babci-i-Dziadka-2-Copy-600x400.jpg 600w\" sizes=\"auto, (max-width: 640px) 100vw, 640px\" \/><\/figure>\n\n\n\n<figure class=\"wp-block-image size-large\"><img loading=\"lazy\" decoding=\"async\" width=\"640\" height=\"427\" data-id=\"26334\" src=\"http:\/\/sp1.kielce.eu\/wp-content\/uploads\/2023\/01\/Dzien-Babci-i-Dziadka-10-Copy.jpg\" alt=\"\" class=\"wp-image-26334\" srcset=\"https:\/\/sp1.kielce.eu\/wp-content\/uploads\/2023\/01\/Dzien-Babci-i-Dziadka-10-Copy.jpg 640w, https:\/\/sp1.kielce.eu\/wp-content\/uploads\/2023\/01\/Dzien-Babci-i-Dziadka-10-Copy-300x200.jpg 300w, https:\/\/sp1.kielce.eu\/wp-content\/uploads\/2023\/01\/Dzien-Babci-i-Dziadka-10-Copy-600x400.jpg 600w\" sizes=\"auto, (max-width: 640px) 100vw, 640px\" \/><\/figure>\n<\/figure>\n\n\n\n<figure class=\"wp-block-gallery has-nested-images columns-default is-cropped wp-block-gallery-2 is-layout-flex wp-block-gallery-is-layout-flex\">\n<figure class=\"wp-block-image size-large\"><img loading=\"lazy\" decoding=\"async\" width=\"640\" height=\"427\" data-id=\"26336\" src=\"http:\/\/sp1.kielce.eu\/wp-content\/uploads\/2023\/01\/Dzien-Babci-i-Dziadka-15-Copy.jpg\" alt=\"\" class=\"wp-image-26336\" srcset=\"https:\/\/sp1.kielce.eu\/wp-content\/uploads\/2023\/01\/Dzien-Babci-i-Dziadka-15-Copy.jpg 640w, https:\/\/sp1.kielce.eu\/wp-content\/uploads\/2023\/01\/Dzien-Babci-i-Dziadka-15-Copy-300x200.jpg 300w, https:\/\/sp1.kielce.eu\/wp-content\/uploads\/2023\/01\/Dzien-Babci-i-Dziadka-15-Copy-600x400.jpg 600w\" sizes=\"auto, (max-width: 640px) 100vw, 640px\" \/><\/figure>\n\n\n\n<figure class=\"wp-block-image size-large\"><img loading=\"lazy\" decoding=\"async\" width=\"640\" height=\"427\" data-id=\"26337\" src=\"http:\/\/sp1.kielce.eu\/wp-content\/uploads\/2023\/01\/Dzien-Babci-i-Dziadka-17-Copy.jpg\" alt=\"\" class=\"wp-image-26337\" srcset=\"https:\/\/sp1.kielce.eu\/wp-content\/uploads\/2023\/01\/Dzien-Babci-i-Dziadka-17-Copy.jpg 640w, https:\/\/sp1.kielce.eu\/wp-content\/uploads\/2023\/01\/Dzien-Babci-i-Dziadka-17-Copy-300x200.jpg 300w, https:\/\/sp1.kielce.eu\/wp-content\/uploads\/2023\/01\/Dzien-Babci-i-Dziadka-17-Copy-600x400.jpg 600w\" sizes=\"auto, (max-width: 640px) 100vw, 640px\" \/><\/figure>\n\n\n\n<figure class=\"wp-block-image size-large\"><img loading=\"lazy\" decoding=\"async\" width=\"640\" height=\"427\" data-id=\"26338\" src=\"http:\/\/sp1.kielce.eu\/wp-content\/uploads\/2023\/01\/Dzien-Babci-i-Dziadka-19-Copy.jpg\" alt=\"\" class=\"wp-image-26338\" srcset=\"https:\/\/sp1.kielce.eu\/wp-content\/uploads\/2023\/01\/Dzien-Babci-i-Dziadka-19-Copy.jpg 640w, https:\/\/sp1.kielce.eu\/wp-content\/uploads\/2023\/01\/Dzien-Babci-i-Dziadka-19-Copy-300x200.jpg 300w, https:\/\/sp1.kielce.eu\/wp-content\/uploads\/2023\/01\/Dzien-Babci-i-Dziadka-19-Copy-600x400.jpg 600w\" sizes=\"auto, (max-width: 640px) 100vw, 640px\" \/><\/figure>\n\n\n\n<figure class=\"wp-block-image size-large\"><img loading=\"lazy\" decoding=\"async\" width=\"640\" height=\"427\" data-id=\"26339\" src=\"http:\/\/sp1.kielce.eu\/wp-content\/uploads\/2023\/01\/Dzien-Babci-i-Dziadka-16-Copy.jpg\" alt=\"\" class=\"wp-image-26339\" srcset=\"https:\/\/sp1.kielce.eu\/wp-content\/uploads\/2023\/01\/Dzien-Babci-i-Dziadka-16-Copy.jpg 640w, https:\/\/sp1.kielce.eu\/wp-content\/uploads\/2023\/01\/Dzien-Babci-i-Dziadka-16-Copy-300x200.jpg 300w, https:\/\/sp1.kielce.eu\/wp-content\/uploads\/2023\/01\/Dzien-Babci-i-Dziadka-16-Copy-600x400.jpg 600w\" sizes=\"auto, (max-width: 640px) 100vw, 640px\" \/><\/figure>\n<\/figure>\n","protected":false},"excerpt":{"rendered":"<p>Babciu, Dziadku! Opowiedzcie nam swoje historie, a jak poznamy literki i b\u0119dziemy ju\u017c duzi, to [&hellip;]<\/p>\n","protected":false},"author":14,"featured_media":26340,"comment_status":"closed","ping_status":"","sticky":false,"template":"","format":"standard","meta":{"footnotes":""},"categories":[36],"tags":[],"class_list":["post-26333","post","type-post","status-publish","format-standard","has-post-thumbnail","hentry","category-wydarzenia"],"_links":{"self":[{"href":"https:\/\/sp1.kielce.eu\/index.php\/wp-json\/wp\/v2\/posts\/26333","targetHints":{"allow":["GET"]}}],"collection":[{"href":"https:\/\/sp1.kielce.eu\/index.php\/wp-json\/wp\/v2\/posts"}],"about":[{"href":"https:\/\/sp1.kielce.eu\/index.php\/wp-json\/wp\/v2\/types\/post"}],"author":[{"embeddable":true,"href":"https:\/\/sp1.kielce.eu\/index.php\/wp-json\/wp\/v2\/users\/14"}],"replies":[{"embeddable":true,"href":"https:\/\/sp1.kielce.eu\/index.php\/wp-json\/wp\/v2\/comments?post=26333"}],"version-history":[{"count":2,"href":"https:\/\/sp1.kielce.eu\/index.php\/wp-json\/wp\/v2\/posts\/26333\/revisions"}],"predecessor-version":[{"id":26342,"href":"https:\/\/sp1.kielce.eu\/index.php\/wp-json\/wp\/v2\/posts\/26333\/revisions\/26342"}],"wp:featuredmedia":[{"embeddable":true,"href":"https:\/\/sp1.kielce.eu\/index.php\/wp-json\/wp\/v2\/media\/26340"}],"wp:attachment":[{"href":"https:\/\/sp1.kielce.eu\/index.php\/wp-json\/wp\/v2\/media?parent=26333"}],"wp:term":[{"taxonomy":"category","embeddable":true,"href":"https:\/\/sp1.kielce.eu\/index.php\/wp-json\/wp\/v2\/categories?post=26333"},{"taxonomy":"post_tag","embeddable":true,"href":"https:\/\/sp1.kielce.eu\/index.php\/wp-json\/wp\/v2\/tags?post=26333"}],"curies":[{"name":"wp","href":"https:\/\/api.w.org\/{rel}","templated":true}]}}