{"id":26330,"date":"2023-01-26T14:59:33","date_gmt":"2023-01-26T13:59:33","guid":{"rendered":"http:\/\/sp1.kielce.eu\/?p=26330"},"modified":"2023-01-26T14:59:33","modified_gmt":"2023-01-26T13:59:33","slug":"przygotowanie-do-pierwszej-komunii-swietej","status":"publish","type":"post","link":"https:\/\/sp1.kielce.eu\/index.php\/2023\/01\/26\/przygotowanie-do-pierwszej-komunii-swietej\/","title":{"rendered":"Przygotowanie do Pierwszej Komunii \u015awi\u0119tej"},"content":{"rendered":"\n<p>Uczniowie klas trzecich przygotowuj\u0105 si\u0119 do przyj\u0119cia po raz pierwszy dw\u00f3ch sakrament\u00f3w \u2013 sakramentu pokuty i\u00a0Eucharystii. Od wrze\u015bnia bior\u0105 udzia\u0142 w\u00a0licznych przedsi\u0119wzi\u0119ciach i\u00a0dzia\u0142aniach zwi\u0105zanych z\u00a0tym wydarzeniem.<\/p>\n\n\n\n<p>Razem z&nbsp;rodzicami z\u0142o\u017cyli Deklaracje Komunijne w&nbsp;parafii \u015bw.&nbsp;J\u00f3zefa Robotnika w&nbsp;Kielcach, uczestniczyli w&nbsp;wyjazdach komunijnych: do Cz\u0119stochowy, na \u015awi\u0119ty Krzy\u017c i&nbsp;do Krakowa. Prze\u017cywali po\u015bwi\u0119cenie r\u00f3\u017ca\u0144c\u00f3w komunijnych, modlitewnik\u00f3w i&nbsp;medalik\u00f3w. Ucz\u0119szczali na spotkania komunijne podczas, kt\u00f3rych pog\u0142\u0119biali wiedz\u0119 i&nbsp;formacj\u0119 religijn\u0105. W&nbsp;pa\u017adzierniku modlili si\u0119 podczas nabo\u017ce\u0144stw r\u00f3\u017ca\u0144cowych a&nbsp;w&nbsp;adwencie podczas rorat. Dzieci wzi\u0119\u0142y tak\u017ce udzia\u0142 w&nbsp;mi\u0119dzyszkolnym konkursie plastycznym \u201eAdwentowa Matka Bo\u017ca\u201d \u2013 drugie miejsce w&nbsp;konkursowej rywalizacji zaj\u0105\u0142 ucze\u0144 klasy 3a \u2013 Filip \u0141abuz. Odby\u0142y si\u0119 tak\u017ce adwentowe rekolekcje dla dzieci. Trzecioklasi\u015bci przygotowuj\u0105 swoje komunijne stroje \u2013 alby, kt\u00f3re zosta\u0142y ju\u017c zam\u00f3wione.<\/p>\n\n\n\n<p>Uczniom klas trzecich i&nbsp;ich rodzicom \u017cyczymy wytrwa\u0142o\u015bci, entuzjazmu i&nbsp;rado\u015bci w&nbsp;dalszej drodze na spotkanie z&nbsp;Jezusem!<\/p>\n\n\n\n<p class=\"has-text-align-right\">s. Faustyna Czajkowska<\/p>\n","protected":false},"excerpt":{"rendered":"<p>Uczniowie klas trzecich przygotowuj\u0105 si\u0119 do przyj\u0119cia po raz pierwszy dw\u00f3ch sakrament\u00f3w \u2013 sakramentu pokuty [&hellip;]<\/p>\n","protected":false},"author":14,"featured_media":26331,"comment_status":"closed","ping_status":"","sticky":false,"template":"","format":"standard","meta":{"footnotes":""},"categories":[1],"tags":[],"class_list":["post-26330","post","type-post","status-publish","format-standard","has-post-thumbnail","hentry","category-bez-kategorii"],"_links":{"self":[{"href":"https:\/\/sp1.kielce.eu\/index.php\/wp-json\/wp\/v2\/posts\/26330","targetHints":{"allow":["GET"]}}],"collection":[{"href":"https:\/\/sp1.kielce.eu\/index.php\/wp-json\/wp\/v2\/posts"}],"about":[{"href":"https:\/\/sp1.kielce.eu\/index.php\/wp-json\/wp\/v2\/types\/post"}],"author":[{"embeddable":true,"href":"https:\/\/sp1.kielce.eu\/index.php\/wp-json\/wp\/v2\/users\/14"}],"replies":[{"embeddable":true,"href":"https:\/\/sp1.kielce.eu\/index.php\/wp-json\/wp\/v2\/comments?post=26330"}],"version-history":[{"count":1,"href":"https:\/\/sp1.kielce.eu\/index.php\/wp-json\/wp\/v2\/posts\/26330\/revisions"}],"predecessor-version":[{"id":26332,"href":"https:\/\/sp1.kielce.eu\/index.php\/wp-json\/wp\/v2\/posts\/26330\/revisions\/26332"}],"wp:featuredmedia":[{"embeddable":true,"href":"https:\/\/sp1.kielce.eu\/index.php\/wp-json\/wp\/v2\/media\/26331"}],"wp:attachment":[{"href":"https:\/\/sp1.kielce.eu\/index.php\/wp-json\/wp\/v2\/media?parent=26330"}],"wp:term":[{"taxonomy":"category","embeddable":true,"href":"https:\/\/sp1.kielce.eu\/index.php\/wp-json\/wp\/v2\/categories?post=26330"},{"taxonomy":"post_tag","embeddable":true,"href":"https:\/\/sp1.kielce.eu\/index.php\/wp-json\/wp\/v2\/tags?post=26330"}],"curies":[{"name":"wp","href":"https:\/\/api.w.org\/{rel}","templated":true}]}}