{"id":26161,"date":"2023-01-22T22:08:29","date_gmt":"2023-01-22T21:08:29","guid":{"rendered":"http:\/\/sp1.kielce.eu\/?p=26161"},"modified":"2023-01-22T23:35:43","modified_gmt":"2023-01-22T22:35:43","slug":"final-konkursu-swietlicowego-hej-koleda","status":"publish","type":"post","link":"https:\/\/sp1.kielce.eu\/index.php\/2023\/01\/22\/final-konkursu-swietlicowego-hej-koleda\/","title":{"rendered":"Fina\u0142 konkursu \u015bwietlicowego ,,Hej, kol\u0119da\u2026\u201d"},"content":{"rendered":"\n<p>Kol\u0119dy nale\u017c\u0105 do naszej historii, tworz\u0105 histori\u0119 narodow\u0105 i chrze\u015bcija\u0144sk\u0105. Trzeba, a\u017ceby tego bogactwa nie zagubili, \u015bpiewali kol\u0119dy, rozmy\u015blali nad tym co one m\u00f3wi\u0105, nad ca\u0142\u0105 ich tre\u015bci\u0105 itp. Dnia 16.01.2023r. odby\u0142 si\u0119 fina\u0142 konkursu \u015bwietlicowego ,,Hej, kol\u0119da\u2026\u201d<\/p>\n\n\n\n<p>Laureatami zosta\u0142y:<br>Lila Kowalska 1 miejsce<br>Nela Kula&nbsp; 1 miejsce<br>Matylda \u015amieta\u0144ska&nbsp; 2 miejsce<br>Kaja Bia\u0142ek&nbsp; 2 miejsce<br>Gabrysia Guz&nbsp; 2 miejsce<\/p>\n\n\n\n<p class=\"has-text-align-right\">El\u017cbieta Litwinek &#8211; opiekun<a><\/a><\/p>\n\n\n\n<figure class=\"wp-block-gallery has-nested-images columns-default is-cropped wp-block-gallery-1 is-layout-flex wp-block-gallery-is-layout-flex\">\n<figure class=\"wp-block-image size-large\"><img loading=\"lazy\" decoding=\"async\" width=\"674\" height=\"900\" data-id=\"26162\" src=\"http:\/\/sp1.kielce.eu\/wp-content\/uploads\/2023\/01\/IMG_20230119_120845e1-Copy.jpg\" alt=\"\" class=\"wp-image-26162\" srcset=\"https:\/\/sp1.kielce.eu\/wp-content\/uploads\/2023\/01\/IMG_20230119_120845e1-Copy.jpg 674w, https:\/\/sp1.kielce.eu\/wp-content\/uploads\/2023\/01\/IMG_20230119_120845e1-Copy-225x300.jpg 225w\" sizes=\"auto, (max-width: 674px) 100vw, 674px\" \/><\/figure>\n<\/figure>\n","protected":false},"excerpt":{"rendered":"<p>Kol\u0119dy nale\u017c\u0105 do naszej historii, tworz\u0105 histori\u0119 narodow\u0105 i chrze\u015bcija\u0144sk\u0105. Trzeba, a\u017ceby tego bogactwa nie [&hellip;]<\/p>\n","protected":false},"author":13,"featured_media":26163,"comment_status":"closed","ping_status":"","sticky":false,"template":"","format":"standard","meta":{"footnotes":""},"categories":[36,25],"tags":[],"class_list":["post-26161","post","type-post","status-publish","format-standard","has-post-thumbnail","hentry","category-wydarzenia","category-swietlica"],"_links":{"self":[{"href":"https:\/\/sp1.kielce.eu\/index.php\/wp-json\/wp\/v2\/posts\/26161","targetHints":{"allow":["GET"]}}],"collection":[{"href":"https:\/\/sp1.kielce.eu\/index.php\/wp-json\/wp\/v2\/posts"}],"about":[{"href":"https:\/\/sp1.kielce.eu\/index.php\/wp-json\/wp\/v2\/types\/post"}],"author":[{"embeddable":true,"href":"https:\/\/sp1.kielce.eu\/index.php\/wp-json\/wp\/v2\/users\/13"}],"replies":[{"embeddable":true,"href":"https:\/\/sp1.kielce.eu\/index.php\/wp-json\/wp\/v2\/comments?post=26161"}],"version-history":[{"count":4,"href":"https:\/\/sp1.kielce.eu\/index.php\/wp-json\/wp\/v2\/posts\/26161\/revisions"}],"predecessor-version":[{"id":26214,"href":"https:\/\/sp1.kielce.eu\/index.php\/wp-json\/wp\/v2\/posts\/26161\/revisions\/26214"}],"wp:featuredmedia":[{"embeddable":true,"href":"https:\/\/sp1.kielce.eu\/index.php\/wp-json\/wp\/v2\/media\/26163"}],"wp:attachment":[{"href":"https:\/\/sp1.kielce.eu\/index.php\/wp-json\/wp\/v2\/media?parent=26161"}],"wp:term":[{"taxonomy":"category","embeddable":true,"href":"https:\/\/sp1.kielce.eu\/index.php\/wp-json\/wp\/v2\/categories?post=26161"},{"taxonomy":"post_tag","embeddable":true,"href":"https:\/\/sp1.kielce.eu\/index.php\/wp-json\/wp\/v2\/tags?post=26161"}],"curies":[{"name":"wp","href":"https:\/\/api.w.org\/{rel}","templated":true}]}}