{"id":26084,"date":"2023-01-18T21:38:39","date_gmt":"2023-01-18T20:38:39","guid":{"rendered":"http:\/\/sp1.kielce.eu\/?p=26084"},"modified":"2023-01-18T21:38:39","modified_gmt":"2023-01-18T20:38:39","slug":"spotkanie-z-policjantem-w-klasie-1-c","status":"publish","type":"post","link":"https:\/\/sp1.kielce.eu\/index.php\/2023\/01\/18\/spotkanie-z-policjantem-w-klasie-1-c\/","title":{"rendered":"Spotkanie z policjantem w klasie 1 c"},"content":{"rendered":"\n<p>Klas\u0119 1 c odwiedzi\u0142 m\u0142. asp. Tomasz Klimczewski z Komendy Miejskiej Policji w Kielcach. Uczniowie wys\u0142uchali wskaz\u00f3wek dotycz\u0105cych &nbsp;zachowania bezpiecze\u0144stwa w drodze do i ze szko\u0142y. Nasz go\u015b\u0107 m\u00f3wi\u0142 o bezpiecznym przechodzeniu przez ulic\u0119, prawid\u0142owym zachowaniu si\u0119 na przej\u015bciach dla pieszych. Zwr\u00f3ci\u0142 r\u00f3wnie\u017c uwag\u0119 na niebezpiecze\u0144stwa, jakie mog\u0105 czyha\u0107 na dziecko na drodze, om\u00f3wi\u0142 sposoby unikania lub pokonywania ich. Ponadto podkre\u015bli\u0142, jak wa\u017cn\u0105 rol\u0119 pe\u0142ni\u0105 elementy odblaskowe. Dzieci odpowiada\u0142y na zadawane pytania, wykazuj\u0105c si\u0119 &nbsp;wysok\u0105 wiedz\u0105 z zakresu bezpiecze\u0144stwa w ruchu drogowym. Korzystaj\u0105c z okazji uczniowie dowiedzieli si\u0119 wiele o zawodzie policjanta.<\/p>\n\n\n\n<p class=\"has-text-align-right\">Wychowawca<br>Agnieszka Siwek<\/p>\n\n\n\n<figure class=\"wp-block-gallery has-nested-images columns-default is-cropped wp-block-gallery-1 is-layout-flex wp-block-gallery-is-layout-flex\">\n<figure class=\"wp-block-image size-large\"><a href=\"http:\/\/sp1.kielce.eu\/wp-content\/uploads\/2023\/01\/IMG-7181-Copy.jpg\"><img loading=\"lazy\" decoding=\"async\" width=\"506\" height=\"900\" data-id=\"26085\" src=\"http:\/\/sp1.kielce.eu\/wp-content\/uploads\/2023\/01\/IMG-7181-Copy.jpg\" alt=\"\" class=\"wp-image-26085\" srcset=\"https:\/\/sp1.kielce.eu\/wp-content\/uploads\/2023\/01\/IMG-7181-Copy.jpg 506w, https:\/\/sp1.kielce.eu\/wp-content\/uploads\/2023\/01\/IMG-7181-Copy-169x300.jpg 169w\" sizes=\"auto, (max-width: 506px) 100vw, 506px\" \/><\/a><\/figure>\n\n\n\n<figure class=\"wp-block-image size-large\"><a href=\"http:\/\/sp1.kielce.eu\/wp-content\/uploads\/2023\/01\/IMG-7182-Copy.jpg\"><img loading=\"lazy\" decoding=\"async\" width=\"1200\" height=\"675\" data-id=\"26087\" src=\"http:\/\/sp1.kielce.eu\/wp-content\/uploads\/2023\/01\/IMG-7182-Copy.jpg\" alt=\"\" class=\"wp-image-26087\" srcset=\"https:\/\/sp1.kielce.eu\/wp-content\/uploads\/2023\/01\/IMG-7182-Copy.jpg 1200w, https:\/\/sp1.kielce.eu\/wp-content\/uploads\/2023\/01\/IMG-7182-Copy-300x169.jpg 300w, https:\/\/sp1.kielce.eu\/wp-content\/uploads\/2023\/01\/IMG-7182-Copy-768x432.jpg 768w, https:\/\/sp1.kielce.eu\/wp-content\/uploads\/2023\/01\/IMG-7182-Copy-820x461.jpg 820w\" sizes=\"auto, (max-width: 1200px) 100vw, 1200px\" \/><\/a><\/figure>\n\n\n\n<figure class=\"wp-block-image size-large\"><a href=\"http:\/\/sp1.kielce.eu\/wp-content\/uploads\/2023\/01\/IMG-7183-Copy.jpg\"><img loading=\"lazy\" decoding=\"async\" width=\"1200\" height=\"675\" data-id=\"26086\" src=\"http:\/\/sp1.kielce.eu\/wp-content\/uploads\/2023\/01\/IMG-7183-Copy.jpg\" alt=\"\" class=\"wp-image-26086\" srcset=\"https:\/\/sp1.kielce.eu\/wp-content\/uploads\/2023\/01\/IMG-7183-Copy.jpg 1200w, https:\/\/sp1.kielce.eu\/wp-content\/uploads\/2023\/01\/IMG-7183-Copy-300x169.jpg 300w, https:\/\/sp1.kielce.eu\/wp-content\/uploads\/2023\/01\/IMG-7183-Copy-768x432.jpg 768w, https:\/\/sp1.kielce.eu\/wp-content\/uploads\/2023\/01\/IMG-7183-Copy-820x461.jpg 820w\" sizes=\"auto, (max-width: 1200px) 100vw, 1200px\" \/><\/a><\/figure>\n<\/figure>\n","protected":false},"excerpt":{"rendered":"<p>Klas\u0119 1 c odwiedzi\u0142 m\u0142. asp. Tomasz Klimczewski z Komendy Miejskiej Policji w Kielcach. Uczniowie [&hellip;]<\/p>\n","protected":false},"author":13,"featured_media":26088,"comment_status":"closed","ping_status":"","sticky":false,"template":"","format":"standard","meta":{"footnotes":""},"categories":[36,143],"tags":[],"class_list":["post-26084","post","type-post","status-publish","format-standard","has-post-thumbnail","hentry","category-wydarzenia","category-dorzaw"],"_links":{"self":[{"href":"https:\/\/sp1.kielce.eu\/index.php\/wp-json\/wp\/v2\/posts\/26084","targetHints":{"allow":["GET"]}}],"collection":[{"href":"https:\/\/sp1.kielce.eu\/index.php\/wp-json\/wp\/v2\/posts"}],"about":[{"href":"https:\/\/sp1.kielce.eu\/index.php\/wp-json\/wp\/v2\/types\/post"}],"author":[{"embeddable":true,"href":"https:\/\/sp1.kielce.eu\/index.php\/wp-json\/wp\/v2\/users\/13"}],"replies":[{"embeddable":true,"href":"https:\/\/sp1.kielce.eu\/index.php\/wp-json\/wp\/v2\/comments?post=26084"}],"version-history":[{"count":1,"href":"https:\/\/sp1.kielce.eu\/index.php\/wp-json\/wp\/v2\/posts\/26084\/revisions"}],"predecessor-version":[{"id":26089,"href":"https:\/\/sp1.kielce.eu\/index.php\/wp-json\/wp\/v2\/posts\/26084\/revisions\/26089"}],"wp:featuredmedia":[{"embeddable":true,"href":"https:\/\/sp1.kielce.eu\/index.php\/wp-json\/wp\/v2\/media\/26088"}],"wp:attachment":[{"href":"https:\/\/sp1.kielce.eu\/index.php\/wp-json\/wp\/v2\/media?parent=26084"}],"wp:term":[{"taxonomy":"category","embeddable":true,"href":"https:\/\/sp1.kielce.eu\/index.php\/wp-json\/wp\/v2\/categories?post=26084"},{"taxonomy":"post_tag","embeddable":true,"href":"https:\/\/sp1.kielce.eu\/index.php\/wp-json\/wp\/v2\/tags?post=26084"}],"curies":[{"name":"wp","href":"https:\/\/api.w.org\/{rel}","templated":true}]}}