{"id":25945,"date":"2022-12-23T10:13:00","date_gmt":"2022-12-23T09:13:00","guid":{"rendered":"http:\/\/sp1.kielce.eu\/?p=25945"},"modified":"2023-01-10T23:24:50","modified_gmt":"2023-01-10T22:24:50","slug":"spotkanie-przedswiateczne-w-klasach-1c-i-3c","status":"publish","type":"post","link":"https:\/\/sp1.kielce.eu\/index.php\/2022\/12\/23\/spotkanie-przedswiateczne-w-klasach-1c-i-3c\/","title":{"rendered":"Spotkanie przed\u015bwi\u0105teczne w klasach 1c i 3c"},"content":{"rendered":"\n<p>Klasy 1 c i 3c zorganizowa\u0142y wsp\u00f3lne spotkanie przed\u015bwi\u0105teczne na kt\u00f3re zaproszeni zostali r\u00f3wnie\u017c rodzice. Klasa 1 c zaprezentowa\u0142a nietypowe jase\u0142ka \u2013 bo w formie teatru cieni. Przedstawienie zrobi\u0142o niesamowite wra\u017cenie na ca\u0142ej publiczno\u015bci. Nast\u0119pnie uczniowie z klasy 3 c zaprezentowali swoje umiej\u0119tno\u015bci muzyczne. Zaprosili wszystkich do wsp\u00f3lnego kol\u0119dowania w j\u0119zyku angielskim. Za\u015bpiewali nie tylko w grupie ale r\u00f3wnie\u017c\u00a0 by\u0142y wyst\u0119py solo, kt\u00f3re wzruszy\u0142y do \u0142ez nasz\u0105 publiczno\u015b\u0107.<\/p>\n\n\n\n<p class=\"has-text-align-right\">Agnieszka Siwek<br>Klaudia Gola<\/p>\n\n\n\n<figure class=\"wp-block-gallery has-nested-images columns-default is-cropped wp-block-gallery-1 is-layout-flex wp-block-gallery-is-layout-flex\">\n<figure class=\"wp-block-image size-large\"><a href=\"http:\/\/sp1.kielce.eu\/wp-content\/uploads\/2023\/01\/IMG_5729-Copy.jpg\"><img loading=\"lazy\" decoding=\"async\" width=\"1200\" height=\"675\" data-id=\"25947\" src=\"http:\/\/sp1.kielce.eu\/wp-content\/uploads\/2023\/01\/IMG_5729-Copy.jpg\" alt=\"\" class=\"wp-image-25947\" srcset=\"https:\/\/sp1.kielce.eu\/wp-content\/uploads\/2023\/01\/IMG_5729-Copy.jpg 1200w, https:\/\/sp1.kielce.eu\/wp-content\/uploads\/2023\/01\/IMG_5729-Copy-300x169.jpg 300w, https:\/\/sp1.kielce.eu\/wp-content\/uploads\/2023\/01\/IMG_5729-Copy-768x432.jpg 768w, https:\/\/sp1.kielce.eu\/wp-content\/uploads\/2023\/01\/IMG_5729-Copy-820x461.jpg 820w\" sizes=\"auto, (max-width: 1200px) 100vw, 1200px\" \/><\/a><\/figure>\n\n\n\n<figure class=\"wp-block-image size-large\"><a href=\"http:\/\/sp1.kielce.eu\/wp-content\/uploads\/2023\/01\/PHOTO-2023-01-08-23-27-46-Copy.jpg\"><img loading=\"lazy\" decoding=\"async\" width=\"1200\" height=\"675\" data-id=\"25946\" src=\"http:\/\/sp1.kielce.eu\/wp-content\/uploads\/2023\/01\/PHOTO-2023-01-08-23-27-46-Copy.jpg\" alt=\"\" class=\"wp-image-25946\" srcset=\"https:\/\/sp1.kielce.eu\/wp-content\/uploads\/2023\/01\/PHOTO-2023-01-08-23-27-46-Copy.jpg 1200w, https:\/\/sp1.kielce.eu\/wp-content\/uploads\/2023\/01\/PHOTO-2023-01-08-23-27-46-Copy-300x169.jpg 300w, https:\/\/sp1.kielce.eu\/wp-content\/uploads\/2023\/01\/PHOTO-2023-01-08-23-27-46-Copy-768x432.jpg 768w, https:\/\/sp1.kielce.eu\/wp-content\/uploads\/2023\/01\/PHOTO-2023-01-08-23-27-46-Copy-820x461.jpg 820w\" sizes=\"auto, (max-width: 1200px) 100vw, 1200px\" \/><\/a><\/figure>\n<\/figure>\n","protected":false},"excerpt":{"rendered":"<p>Klasy 1 c i 3c zorganizowa\u0142y wsp\u00f3lne spotkanie przed\u015bwi\u0105teczne na kt\u00f3re zaproszeni zostali r\u00f3wnie\u017c rodzice. [&hellip;]<\/p>\n","protected":false},"author":14,"featured_media":25948,"comment_status":"closed","ping_status":"","sticky":false,"template":"","format":"standard","meta":{"footnotes":""},"categories":[36],"tags":[],"class_list":["post-25945","post","type-post","status-publish","format-standard","has-post-thumbnail","hentry","category-wydarzenia"],"_links":{"self":[{"href":"https:\/\/sp1.kielce.eu\/index.php\/wp-json\/wp\/v2\/posts\/25945","targetHints":{"allow":["GET"]}}],"collection":[{"href":"https:\/\/sp1.kielce.eu\/index.php\/wp-json\/wp\/v2\/posts"}],"about":[{"href":"https:\/\/sp1.kielce.eu\/index.php\/wp-json\/wp\/v2\/types\/post"}],"author":[{"embeddable":true,"href":"https:\/\/sp1.kielce.eu\/index.php\/wp-json\/wp\/v2\/users\/14"}],"replies":[{"embeddable":true,"href":"https:\/\/sp1.kielce.eu\/index.php\/wp-json\/wp\/v2\/comments?post=25945"}],"version-history":[{"count":1,"href":"https:\/\/sp1.kielce.eu\/index.php\/wp-json\/wp\/v2\/posts\/25945\/revisions"}],"predecessor-version":[{"id":25949,"href":"https:\/\/sp1.kielce.eu\/index.php\/wp-json\/wp\/v2\/posts\/25945\/revisions\/25949"}],"wp:featuredmedia":[{"embeddable":true,"href":"https:\/\/sp1.kielce.eu\/index.php\/wp-json\/wp\/v2\/media\/25948"}],"wp:attachment":[{"href":"https:\/\/sp1.kielce.eu\/index.php\/wp-json\/wp\/v2\/media?parent=25945"}],"wp:term":[{"taxonomy":"category","embeddable":true,"href":"https:\/\/sp1.kielce.eu\/index.php\/wp-json\/wp\/v2\/categories?post=25945"},{"taxonomy":"post_tag","embeddable":true,"href":"https:\/\/sp1.kielce.eu\/index.php\/wp-json\/wp\/v2\/tags?post=25945"}],"curies":[{"name":"wp","href":"https:\/\/api.w.org\/{rel}","templated":true}]}}