{"id":25747,"date":"2022-12-22T09:45:37","date_gmt":"2022-12-22T08:45:37","guid":{"rendered":"http:\/\/sp1.kielce.eu\/?p=25747"},"modified":"2022-12-22T09:45:37","modified_gmt":"2022-12-22T08:45:37","slug":"zabaw-na-sniegu-klasy-3-c-nadszedl-czas","status":"publish","type":"post","link":"https:\/\/sp1.kielce.eu\/index.php\/2022\/12\/22\/zabaw-na-sniegu-klasy-3-c-nadszedl-czas\/","title":{"rendered":"Zabaw na \u015bniegu klasy 3 c nadszed\u0142 czas!"},"content":{"rendered":"\n<p>W pi\u0105tek 19 grudnia klasa 3c wybra\u0142a si\u0119 na poblisk\u0105 g\u00f3rk\u0119 w&nbsp;Parku Dygasi\u0144skiego, aby nacieszy\u0107 si\u0119 zimow\u0105 aur\u0105. Uczniowie zje\u017cd\u017cali na saneczkach, a&nbsp;tak\u017ce jab\u0142uszkach. Panowa\u0142a radosna atmosfera. Mamy nadziej\u0119, \u017ce zima szybko nas nie opu\u015bci i&nbsp;wkr\u00f3tce powt\u00f3rzymy wyj\u015bcie na saneczki.<\/p>\n\n\n\n<p class=\"has-text-align-right\">Klaudia Gola<\/p>\n\n\n\n<figure class=\"wp-block-gallery has-nested-images columns-4 is-cropped wp-block-gallery-1 is-layout-flex wp-block-gallery-is-layout-flex\">\n<figure class=\"wp-block-image size-large\"><a href=\"http:\/\/sp1.kielce.eu\/wp-content\/uploads\/2022\/12\/10BA7B6F-3D5E-4CB8-ABBA-036828715DDC-Copy.jpeg\"><img loading=\"lazy\" decoding=\"async\" width=\"675\" height=\"900\" data-id=\"25749\" src=\"http:\/\/sp1.kielce.eu\/wp-content\/uploads\/2022\/12\/10BA7B6F-3D5E-4CB8-ABBA-036828715DDC-Copy.jpeg\" alt=\"\" class=\"wp-image-25749\" srcset=\"https:\/\/sp1.kielce.eu\/wp-content\/uploads\/2022\/12\/10BA7B6F-3D5E-4CB8-ABBA-036828715DDC-Copy.jpeg 675w, https:\/\/sp1.kielce.eu\/wp-content\/uploads\/2022\/12\/10BA7B6F-3D5E-4CB8-ABBA-036828715DDC-Copy-225x300.jpeg 225w\" sizes=\"auto, (max-width: 675px) 100vw, 675px\" \/><\/a><\/figure>\n\n\n\n<figure class=\"wp-block-image size-large\"><a href=\"http:\/\/sp1.kielce.eu\/wp-content\/uploads\/2022\/12\/355ED330-A98B-4805-9AB7-52B8AFE1EF3C-Copy.jpeg\"><img loading=\"lazy\" decoding=\"async\" width=\"675\" height=\"900\" data-id=\"25750\" src=\"http:\/\/sp1.kielce.eu\/wp-content\/uploads\/2022\/12\/355ED330-A98B-4805-9AB7-52B8AFE1EF3C-Copy.jpeg\" alt=\"\" class=\"wp-image-25750\" srcset=\"https:\/\/sp1.kielce.eu\/wp-content\/uploads\/2022\/12\/355ED330-A98B-4805-9AB7-52B8AFE1EF3C-Copy.jpeg 675w, https:\/\/sp1.kielce.eu\/wp-content\/uploads\/2022\/12\/355ED330-A98B-4805-9AB7-52B8AFE1EF3C-Copy-225x300.jpeg 225w\" sizes=\"auto, (max-width: 675px) 100vw, 675px\" \/><\/a><\/figure>\n\n\n\n<figure class=\"wp-block-image size-large\"><a href=\"http:\/\/sp1.kielce.eu\/wp-content\/uploads\/2022\/12\/381A1D1D-99F1-4204-BC04-856FA18E51A8-Copy.jpeg\"><img loading=\"lazy\" decoding=\"async\" width=\"675\" height=\"900\" data-id=\"25751\" src=\"http:\/\/sp1.kielce.eu\/wp-content\/uploads\/2022\/12\/381A1D1D-99F1-4204-BC04-856FA18E51A8-Copy.jpeg\" alt=\"\" class=\"wp-image-25751\" srcset=\"https:\/\/sp1.kielce.eu\/wp-content\/uploads\/2022\/12\/381A1D1D-99F1-4204-BC04-856FA18E51A8-Copy.jpeg 675w, https:\/\/sp1.kielce.eu\/wp-content\/uploads\/2022\/12\/381A1D1D-99F1-4204-BC04-856FA18E51A8-Copy-225x300.jpeg 225w\" sizes=\"auto, (max-width: 675px) 100vw, 675px\" \/><\/a><\/figure>\n\n\n\n<figure class=\"wp-block-image size-large\"><a href=\"http:\/\/sp1.kielce.eu\/wp-content\/uploads\/2022\/12\/3271B18B-373F-4334-8EC9-293A3A0159D2-Copy.jpeg\"><img loading=\"lazy\" decoding=\"async\" width=\"675\" height=\"900\" data-id=\"25748\" src=\"http:\/\/sp1.kielce.eu\/wp-content\/uploads\/2022\/12\/3271B18B-373F-4334-8EC9-293A3A0159D2-Copy.jpeg\" alt=\"\" class=\"wp-image-25748\" srcset=\"https:\/\/sp1.kielce.eu\/wp-content\/uploads\/2022\/12\/3271B18B-373F-4334-8EC9-293A3A0159D2-Copy.jpeg 675w, https:\/\/sp1.kielce.eu\/wp-content\/uploads\/2022\/12\/3271B18B-373F-4334-8EC9-293A3A0159D2-Copy-225x300.jpeg 225w\" sizes=\"auto, (max-width: 675px) 100vw, 675px\" \/><\/a><\/figure>\n<\/figure>\n","protected":false},"excerpt":{"rendered":"<p>W pi\u0105tek 19 grudnia klasa 3c wybra\u0142a si\u0119 na poblisk\u0105 g\u00f3rk\u0119 w&nbsp;Parku Dygasi\u0144skiego, aby nacieszy\u0107 [&hellip;]<\/p>\n","protected":false},"author":14,"featured_media":25752,"comment_status":"closed","ping_status":"","sticky":false,"template":"","format":"standard","meta":{"footnotes":""},"categories":[3],"tags":[],"class_list":["post-25747","post","type-post","status-publish","format-standard","has-post-thumbnail","hentry","category-wycieczki"],"_links":{"self":[{"href":"https:\/\/sp1.kielce.eu\/index.php\/wp-json\/wp\/v2\/posts\/25747","targetHints":{"allow":["GET"]}}],"collection":[{"href":"https:\/\/sp1.kielce.eu\/index.php\/wp-json\/wp\/v2\/posts"}],"about":[{"href":"https:\/\/sp1.kielce.eu\/index.php\/wp-json\/wp\/v2\/types\/post"}],"author":[{"embeddable":true,"href":"https:\/\/sp1.kielce.eu\/index.php\/wp-json\/wp\/v2\/users\/14"}],"replies":[{"embeddable":true,"href":"https:\/\/sp1.kielce.eu\/index.php\/wp-json\/wp\/v2\/comments?post=25747"}],"version-history":[{"count":2,"href":"https:\/\/sp1.kielce.eu\/index.php\/wp-json\/wp\/v2\/posts\/25747\/revisions"}],"predecessor-version":[{"id":25755,"href":"https:\/\/sp1.kielce.eu\/index.php\/wp-json\/wp\/v2\/posts\/25747\/revisions\/25755"}],"wp:featuredmedia":[{"embeddable":true,"href":"https:\/\/sp1.kielce.eu\/index.php\/wp-json\/wp\/v2\/media\/25752"}],"wp:attachment":[{"href":"https:\/\/sp1.kielce.eu\/index.php\/wp-json\/wp\/v2\/media?parent=25747"}],"wp:term":[{"taxonomy":"category","embeddable":true,"href":"https:\/\/sp1.kielce.eu\/index.php\/wp-json\/wp\/v2\/categories?post=25747"},{"taxonomy":"post_tag","embeddable":true,"href":"https:\/\/sp1.kielce.eu\/index.php\/wp-json\/wp\/v2\/tags?post=25747"}],"curies":[{"name":"wp","href":"https:\/\/api.w.org\/{rel}","templated":true}]}}