{"id":25732,"date":"2022-12-22T09:41:22","date_gmt":"2022-12-22T08:41:22","guid":{"rendered":"http:\/\/sp1.kielce.eu\/?p=25732"},"modified":"2022-12-22T09:41:22","modified_gmt":"2022-12-22T08:41:22","slug":"obserwatorium-astronomiczne","status":"publish","type":"post","link":"https:\/\/sp1.kielce.eu\/index.php\/2022\/12\/22\/obserwatorium-astronomiczne\/","title":{"rendered":"Obserwatorium Astronomiczne"},"content":{"rendered":"\n<p>W dniu 09.12.2022 klasa 3c uda\u0142a si\u0119 do Obserwatorium Astronomicznego i\u00a0Planetarium UJK w\u00a0Kielcach. Uczniowie mieli okazj\u0119 obejrze\u0107 niebo i\u00a0znajduj\u0105ce si\u0119 na nim gwiazdy dzi\u0119ki nowoczesnemu wyposa\u017ceniu obserwatorium w\u00a0teleskop i\u00a0kamer\u0119. Pozwala to obserwowa\u0107 obiekty, kt\u00f3re s\u0105 kilka razy mniejsze ni\u017c te, jakie widzimy na niebie. Uczniowie dowiedzieli si\u0119 o\u00a0rodzajach gwiazd. Mieli okazj\u0119 zobaczy\u0107 wystaw\u0119 meteoryt\u00f3w o\u00a0r\u00f3\u017cnych kszta\u0142tach i\u00a0wielko\u015bciach. Wszyscy zadowoleni wzbogaceni o\u00a0now\u0105 wiedz\u0119 wr\u00f3cili do szko\u0142y.<\/p>\n\n\n\n<p class=\"has-text-align-right\">K. Gola<br>A. Szcze\u015bniak<\/p>\n\n\n\n<figure class=\"wp-block-gallery has-nested-images columns-4 is-cropped wp-block-gallery-1 is-layout-flex wp-block-gallery-is-layout-flex\">\n<figure class=\"wp-block-image size-large\"><a href=\"http:\/\/sp1.kielce.eu\/wp-content\/uploads\/2022\/12\/6EA7C165-1814-424D-AC8F-B629DFB6256D-Copy.jpeg\"><img loading=\"lazy\" decoding=\"async\" width=\"675\" height=\"900\" data-id=\"25733\" src=\"http:\/\/sp1.kielce.eu\/wp-content\/uploads\/2022\/12\/6EA7C165-1814-424D-AC8F-B629DFB6256D-Copy.jpeg\" alt=\"\" class=\"wp-image-25733\" srcset=\"https:\/\/sp1.kielce.eu\/wp-content\/uploads\/2022\/12\/6EA7C165-1814-424D-AC8F-B629DFB6256D-Copy.jpeg 675w, https:\/\/sp1.kielce.eu\/wp-content\/uploads\/2022\/12\/6EA7C165-1814-424D-AC8F-B629DFB6256D-Copy-225x300.jpeg 225w\" sizes=\"auto, (max-width: 675px) 100vw, 675px\" \/><\/a><\/figure>\n\n\n\n<figure class=\"wp-block-image size-large\"><a href=\"http:\/\/sp1.kielce.eu\/wp-content\/uploads\/2022\/12\/53D6E366-25AB-4B45-84CA-D391206DCFA7-Copy.jpeg\"><img loading=\"lazy\" decoding=\"async\" width=\"675\" height=\"900\" data-id=\"25735\" src=\"http:\/\/sp1.kielce.eu\/wp-content\/uploads\/2022\/12\/53D6E366-25AB-4B45-84CA-D391206DCFA7-Copy.jpeg\" alt=\"\" class=\"wp-image-25735\" srcset=\"https:\/\/sp1.kielce.eu\/wp-content\/uploads\/2022\/12\/53D6E366-25AB-4B45-84CA-D391206DCFA7-Copy.jpeg 675w, https:\/\/sp1.kielce.eu\/wp-content\/uploads\/2022\/12\/53D6E366-25AB-4B45-84CA-D391206DCFA7-Copy-225x300.jpeg 225w\" sizes=\"auto, (max-width: 675px) 100vw, 675px\" \/><\/a><\/figure>\n\n\n\n<figure class=\"wp-block-image size-large\"><a href=\"http:\/\/sp1.kielce.eu\/wp-content\/uploads\/2022\/12\/59C5A339-06E8-4CB4-AE2C-34C57CDF665D-Copy.jpeg\"><img loading=\"lazy\" decoding=\"async\" width=\"675\" height=\"900\" data-id=\"25736\" src=\"http:\/\/sp1.kielce.eu\/wp-content\/uploads\/2022\/12\/59C5A339-06E8-4CB4-AE2C-34C57CDF665D-Copy.jpeg\" alt=\"\" class=\"wp-image-25736\" srcset=\"https:\/\/sp1.kielce.eu\/wp-content\/uploads\/2022\/12\/59C5A339-06E8-4CB4-AE2C-34C57CDF665D-Copy.jpeg 675w, https:\/\/sp1.kielce.eu\/wp-content\/uploads\/2022\/12\/59C5A339-06E8-4CB4-AE2C-34C57CDF665D-Copy-225x300.jpeg 225w\" sizes=\"auto, (max-width: 675px) 100vw, 675px\" \/><\/a><\/figure>\n\n\n\n<figure class=\"wp-block-image size-large\"><a href=\"http:\/\/sp1.kielce.eu\/wp-content\/uploads\/2022\/12\/97D4CFC0-C8C6-4B03-A57A-47DB85EE8E401-Copy.jpeg\"><img loading=\"lazy\" decoding=\"async\" width=\"675\" height=\"900\" data-id=\"25734\" src=\"http:\/\/sp1.kielce.eu\/wp-content\/uploads\/2022\/12\/97D4CFC0-C8C6-4B03-A57A-47DB85EE8E401-Copy.jpeg\" alt=\"\" class=\"wp-image-25734\" srcset=\"https:\/\/sp1.kielce.eu\/wp-content\/uploads\/2022\/12\/97D4CFC0-C8C6-4B03-A57A-47DB85EE8E401-Copy.jpeg 675w, https:\/\/sp1.kielce.eu\/wp-content\/uploads\/2022\/12\/97D4CFC0-C8C6-4B03-A57A-47DB85EE8E401-Copy-225x300.jpeg 225w\" sizes=\"auto, (max-width: 675px) 100vw, 675px\" \/><\/a><\/figure>\n<\/figure>\n","protected":false},"excerpt":{"rendered":"<p>W dniu 09.12.2022 klasa 3c uda\u0142a si\u0119 do Obserwatorium Astronomicznego i\u00a0Planetarium UJK w\u00a0Kielcach. Uczniowie mieli [&hellip;]<\/p>\n","protected":false},"author":14,"featured_media":25737,"comment_status":"closed","ping_status":"","sticky":false,"template":"","format":"standard","meta":{"footnotes":""},"categories":[3],"tags":[],"class_list":["post-25732","post","type-post","status-publish","format-standard","has-post-thumbnail","hentry","category-wycieczki"],"_links":{"self":[{"href":"https:\/\/sp1.kielce.eu\/index.php\/wp-json\/wp\/v2\/posts\/25732","targetHints":{"allow":["GET"]}}],"collection":[{"href":"https:\/\/sp1.kielce.eu\/index.php\/wp-json\/wp\/v2\/posts"}],"about":[{"href":"https:\/\/sp1.kielce.eu\/index.php\/wp-json\/wp\/v2\/types\/post"}],"author":[{"embeddable":true,"href":"https:\/\/sp1.kielce.eu\/index.php\/wp-json\/wp\/v2\/users\/14"}],"replies":[{"embeddable":true,"href":"https:\/\/sp1.kielce.eu\/index.php\/wp-json\/wp\/v2\/comments?post=25732"}],"version-history":[{"count":1,"href":"https:\/\/sp1.kielce.eu\/index.php\/wp-json\/wp\/v2\/posts\/25732\/revisions"}],"predecessor-version":[{"id":25738,"href":"https:\/\/sp1.kielce.eu\/index.php\/wp-json\/wp\/v2\/posts\/25732\/revisions\/25738"}],"wp:featuredmedia":[{"embeddable":true,"href":"https:\/\/sp1.kielce.eu\/index.php\/wp-json\/wp\/v2\/media\/25737"}],"wp:attachment":[{"href":"https:\/\/sp1.kielce.eu\/index.php\/wp-json\/wp\/v2\/media?parent=25732"}],"wp:term":[{"taxonomy":"category","embeddable":true,"href":"https:\/\/sp1.kielce.eu\/index.php\/wp-json\/wp\/v2\/categories?post=25732"},{"taxonomy":"post_tag","embeddable":true,"href":"https:\/\/sp1.kielce.eu\/index.php\/wp-json\/wp\/v2\/tags?post=25732"}],"curies":[{"name":"wp","href":"https:\/\/api.w.org\/{rel}","templated":true}]}}