{"id":25705,"date":"2022-12-20T09:13:25","date_gmt":"2022-12-20T08:13:25","guid":{"rendered":"http:\/\/sp1.kielce.eu\/?p=25705"},"modified":"2023-06-27T17:54:03","modified_gmt":"2023-06-27T15:54:03","slug":"i-miejsce-w-xvii-miedzyszkolnym-konkursie-literacko-plastycznym-w-swiecie-utworow-mistrza-adama","status":"publish","type":"post","link":"https:\/\/sp1.kielce.eu\/index.php\/2022\/12\/20\/i-miejsce-w-xvii-miedzyszkolnym-konkursie-literacko-plastycznym-w-swiecie-utworow-mistrza-adama\/","title":{"rendered":"<strong>I miejsce w XVII Mi\u0119dzyszkolnym Konkursie Literacko \u2013 Plastycznym <\/strong><strong>,, W \u015bwiecie utwor\u00f3w Mistrza Adama<\/strong>"},"content":{"rendered":"\n<p><strong>Julia Graba<\/strong> z kl. 6a zaj\u0119\u0142a I miejsce w XVII Mi\u0119dzyszkolnym Konkursie Literacko \u2013 Plastycznym<\/p>\n\n\n\n<p>,, W \u015bwiecie utwor\u00f3w Mistrza Adama\u201d w kategorii \u2013 grafika komputerowa organizowanym przez SP<\/p>\n\n\n\n<p>nr 34 w Kielcach. Julia wykona\u0142a ilustracj\u0119 do utworu Mickiewicza w programie Paint. W nagrod\u0119<\/p>\n\n\n\n<p>&nbsp;otrzyma\u0142a pami\u0105tkowy dyplom oraz ksi\u0105\u017ck\u0119 &#8211; ,,Pan Tadeusz\u201d.<\/p>\n\n\n\n<p>Gratulujemy serdecznie<\/p>\n\n\n\n<p>&nbsp;&nbsp;&nbsp;&nbsp;&nbsp;&nbsp;&nbsp;&nbsp;&nbsp;&nbsp;&nbsp;&nbsp;&nbsp;&nbsp;&nbsp; &nbsp;&nbsp;&nbsp;&nbsp;&nbsp;&nbsp;&nbsp;&nbsp;&nbsp;&nbsp;&nbsp;&nbsp;&nbsp;&nbsp;&nbsp;&nbsp;&nbsp;&nbsp;&nbsp;&nbsp;&nbsp;&nbsp;&nbsp;&nbsp;&nbsp;&nbsp;&nbsp;&nbsp;&nbsp;&nbsp;&nbsp;&nbsp;&nbsp;&nbsp;&nbsp;&nbsp;&nbsp;&nbsp;&nbsp;&nbsp;&nbsp;&nbsp;&nbsp;&nbsp;&nbsp;&nbsp;&nbsp;&nbsp;&nbsp;&nbsp;&nbsp;&nbsp;&nbsp;&nbsp;&nbsp;&nbsp;&nbsp;&nbsp;&nbsp;&nbsp;&nbsp;&nbsp;&nbsp;&nbsp;&nbsp;&nbsp;&nbsp;&nbsp;&nbsp;&nbsp;&nbsp;&nbsp;&nbsp;&nbsp;&nbsp;&nbsp;&nbsp;&nbsp;&nbsp;&nbsp;&nbsp;&nbsp;&nbsp;&nbsp;Dorota Broni\u015b<\/p>\n\n\n\n<figure class=\"wp-block-gallery has-nested-images columns-default is-cropped wp-block-gallery-1 is-layout-flex wp-block-gallery-is-layout-flex\">\n<figure class=\"wp-block-image size-large\"><a href=\"http:\/\/sp1.kielce.eu\/wp-content\/uploads\/2022\/12\/20221219_200528-Medium-rotated.jpg\"><img loading=\"lazy\" decoding=\"async\" width=\"675\" height=\"900\" data-id=\"25707\" src=\"http:\/\/sp1.kielce.eu\/wp-content\/uploads\/2022\/12\/20221219_200528-Medium-675x900.jpg\" alt=\"\" class=\"wp-image-25707\" srcset=\"https:\/\/sp1.kielce.eu\/wp-content\/uploads\/2022\/12\/20221219_200528-Medium-675x900.jpg 675w, https:\/\/sp1.kielce.eu\/wp-content\/uploads\/2022\/12\/20221219_200528-Medium-225x300.jpg 225w, https:\/\/sp1.kielce.eu\/wp-content\/uploads\/2022\/12\/20221219_200528-Medium-rotated.jpg 768w\" sizes=\"auto, (max-width: 675px) 100vw, 675px\" \/><\/a><\/figure>\n\n\n\n<figure class=\"wp-block-image size-large\"><a href=\"http:\/\/sp1.kielce.eu\/wp-content\/uploads\/2022\/12\/tytueowe-Medium.jpg\"><img loading=\"lazy\" decoding=\"async\" width=\"675\" height=\"900\" data-id=\"25706\" src=\"http:\/\/sp1.kielce.eu\/wp-content\/uploads\/2022\/12\/tytueowe-Medium-675x900.jpg\" alt=\"\" class=\"wp-image-25706\" srcset=\"https:\/\/sp1.kielce.eu\/wp-content\/uploads\/2022\/12\/tytueowe-Medium-675x900.jpg 675w, https:\/\/sp1.kielce.eu\/wp-content\/uploads\/2022\/12\/tytueowe-Medium-225x300.jpg 225w, https:\/\/sp1.kielce.eu\/wp-content\/uploads\/2022\/12\/tytueowe-Medium.jpg 768w\" sizes=\"auto, (max-width: 675px) 100vw, 675px\" \/><\/a><\/figure>\n<\/figure>\n","protected":false},"excerpt":{"rendered":"<p>Julia Graba z kl. 6a zaj\u0119\u0142a I miejsce w XVII Mi\u0119dzyszkolnym Konkursie Literacko \u2013 Plastycznym [&hellip;]<\/p>\n","protected":false},"author":5,"featured_media":25706,"comment_status":"closed","ping_status":"","sticky":false,"template":"","format":"standard","meta":{"footnotes":""},"categories":[36,10,21],"tags":[],"class_list":["post-25705","post","type-post","status-publish","format-standard","has-post-thumbnail","hentry","category-wydarzenia","category-konkursy-przedmiotowe","category-konkursy"],"_links":{"self":[{"href":"https:\/\/sp1.kielce.eu\/index.php\/wp-json\/wp\/v2\/posts\/25705","targetHints":{"allow":["GET"]}}],"collection":[{"href":"https:\/\/sp1.kielce.eu\/index.php\/wp-json\/wp\/v2\/posts"}],"about":[{"href":"https:\/\/sp1.kielce.eu\/index.php\/wp-json\/wp\/v2\/types\/post"}],"author":[{"embeddable":true,"href":"https:\/\/sp1.kielce.eu\/index.php\/wp-json\/wp\/v2\/users\/5"}],"replies":[{"embeddable":true,"href":"https:\/\/sp1.kielce.eu\/index.php\/wp-json\/wp\/v2\/comments?post=25705"}],"version-history":[{"count":2,"href":"https:\/\/sp1.kielce.eu\/index.php\/wp-json\/wp\/v2\/posts\/25705\/revisions"}],"predecessor-version":[{"id":29714,"href":"https:\/\/sp1.kielce.eu\/index.php\/wp-json\/wp\/v2\/posts\/25705\/revisions\/29714"}],"wp:featuredmedia":[{"embeddable":true,"href":"https:\/\/sp1.kielce.eu\/index.php\/wp-json\/wp\/v2\/media\/25706"}],"wp:attachment":[{"href":"https:\/\/sp1.kielce.eu\/index.php\/wp-json\/wp\/v2\/media?parent=25705"}],"wp:term":[{"taxonomy":"category","embeddable":true,"href":"https:\/\/sp1.kielce.eu\/index.php\/wp-json\/wp\/v2\/categories?post=25705"},{"taxonomy":"post_tag","embeddable":true,"href":"https:\/\/sp1.kielce.eu\/index.php\/wp-json\/wp\/v2\/tags?post=25705"}],"curies":[{"name":"wp","href":"https:\/\/api.w.org\/{rel}","templated":true}]}}