{"id":25697,"date":"2022-12-20T09:10:42","date_gmt":"2022-12-20T08:10:42","guid":{"rendered":"http:\/\/sp1.kielce.eu\/?p=25697"},"modified":"2022-12-20T09:10:42","modified_gmt":"2022-12-20T08:10:42","slug":"swiateczne-warsztaty-na-jezyku-niemieckim","status":"publish","type":"post","link":"https:\/\/sp1.kielce.eu\/index.php\/2022\/12\/20\/swiateczne-warsztaty-na-jezyku-niemieckim\/","title":{"rendered":"\u015awi\u0105teczne warsztaty na j\u0119zyku niemieckim"},"content":{"rendered":"\n<p>16 grudnia go\u015bciem w naszej szkole by\u0142 Pan Ralph Arzt &#8211; wyk\u0142adowca Uniwersytetu Jana Kochanowskiego w Kielcach. Tematem warsztat\u00f3w prowadzonych przez Pana Arzta by\u0142y tradycje bo\u017conarodzeniowe w Niemczech.&nbsp;Dla uczni\u00f3w by\u0142a to okazja do doskonalenia umiej\u0119tno\u015bci j\u0119zykowych oraz poszerzania wiedzy o krajach niemieckoj\u0119zycznych. W warsztatach wzi\u0119li udzia\u0142 uczniowie klas 7, kt\u00f3rzy aktywnie uczestniczyli w zaj\u0119ciach oraz \u0107wiczyli j\u0119zyk niemiecki podczas zada\u0144 j\u0119zykowych rozwi\u0105zuj\u0105c m.in. krzy\u017c\u00f3wk\u0119 ze s\u0142ownictwem zwi\u0105zanym z Bo\u017cym Narodzeniem.<\/p>\n\n\n\n<p>Warsztaty j\u0119zykowe zorganizowa\u0142y nauczycielki j\u0119zyka niemieckiego<\/p>\n\n\n\n<p>Katarzyna Sikora \u2013 Gorzela\u0144czyk<\/p>\n\n\n\n<p>Anna Stradomska<\/p>\n\n\n\n<figure class=\"wp-block-gallery has-nested-images columns-default is-cropped wp-block-gallery-1 is-layout-flex wp-block-gallery-is-layout-flex\">\n<figure class=\"wp-block-image size-large\"><a href=\"http:\/\/sp1.kielce.eu\/wp-content\/uploads\/2022\/12\/1671315357065-Medium.jpg\"><img loading=\"lazy\" decoding=\"async\" width=\"505\" height=\"900\" data-id=\"25699\" src=\"http:\/\/sp1.kielce.eu\/wp-content\/uploads\/2022\/12\/1671315357065-Medium-505x900.jpg\" alt=\"\" class=\"wp-image-25699\" srcset=\"https:\/\/sp1.kielce.eu\/wp-content\/uploads\/2022\/12\/1671315357065-Medium-505x900.jpg 505w, https:\/\/sp1.kielce.eu\/wp-content\/uploads\/2022\/12\/1671315357065-Medium-168x300.jpg 168w, https:\/\/sp1.kielce.eu\/wp-content\/uploads\/2022\/12\/1671315357065-Medium.jpg 766w\" sizes=\"auto, (max-width: 505px) 100vw, 505px\" \/><\/a><\/figure>\n\n\n\n<figure class=\"wp-block-image size-large\"><a href=\"http:\/\/sp1.kielce.eu\/wp-content\/uploads\/2022\/12\/1671315470982-Medium.jpg\"><img loading=\"lazy\" decoding=\"async\" width=\"1365\" height=\"768\" data-id=\"25701\" src=\"http:\/\/sp1.kielce.eu\/wp-content\/uploads\/2022\/12\/1671315470982-Medium.jpg\" alt=\"\" class=\"wp-image-25701\" srcset=\"https:\/\/sp1.kielce.eu\/wp-content\/uploads\/2022\/12\/1671315470982-Medium.jpg 1365w, https:\/\/sp1.kielce.eu\/wp-content\/uploads\/2022\/12\/1671315470982-Medium-300x169.jpg 300w, https:\/\/sp1.kielce.eu\/wp-content\/uploads\/2022\/12\/1671315470982-Medium-768x432.jpg 768w, https:\/\/sp1.kielce.eu\/wp-content\/uploads\/2022\/12\/1671315470982-Medium-820x461.jpg 820w\" sizes=\"auto, (max-width: 1365px) 100vw, 1365px\" \/><\/a><\/figure>\n\n\n\n<figure class=\"wp-block-image size-large\"><a href=\"http:\/\/sp1.kielce.eu\/wp-content\/uploads\/2022\/12\/1671315602224-Medium.jpeg\"><img loading=\"lazy\" decoding=\"async\" width=\"1365\" height=\"768\" data-id=\"25700\" src=\"http:\/\/sp1.kielce.eu\/wp-content\/uploads\/2022\/12\/1671315602224-Medium.jpeg\" alt=\"\" class=\"wp-image-25700\" srcset=\"https:\/\/sp1.kielce.eu\/wp-content\/uploads\/2022\/12\/1671315602224-Medium.jpeg 1365w, https:\/\/sp1.kielce.eu\/wp-content\/uploads\/2022\/12\/1671315602224-Medium-300x169.jpeg 300w, https:\/\/sp1.kielce.eu\/wp-content\/uploads\/2022\/12\/1671315602224-Medium-768x432.jpeg 768w, https:\/\/sp1.kielce.eu\/wp-content\/uploads\/2022\/12\/1671315602224-Medium-820x461.jpeg 820w\" sizes=\"auto, (max-width: 1365px) 100vw, 1365px\" \/><\/a><\/figure>\n\n\n\n<figure class=\"wp-block-image size-large\"><a href=\"http:\/\/sp1.kielce.eu\/wp-content\/uploads\/2022\/12\/1671315780623-Medium.jpg\"><img loading=\"lazy\" decoding=\"async\" width=\"506\" height=\"900\" data-id=\"25698\" src=\"http:\/\/sp1.kielce.eu\/wp-content\/uploads\/2022\/12\/1671315780623-Medium-506x900.jpg\" alt=\"\" class=\"wp-image-25698\" srcset=\"https:\/\/sp1.kielce.eu\/wp-content\/uploads\/2022\/12\/1671315780623-Medium-506x900.jpg 506w, https:\/\/sp1.kielce.eu\/wp-content\/uploads\/2022\/12\/1671315780623-Medium-169x300.jpg 169w, https:\/\/sp1.kielce.eu\/wp-content\/uploads\/2022\/12\/1671315780623-Medium.jpg 768w\" sizes=\"auto, (max-width: 506px) 100vw, 506px\" \/><\/a><\/figure>\n\n\n\n<figure class=\"wp-block-image size-large\"><a href=\"http:\/\/sp1.kielce.eu\/wp-content\/uploads\/2022\/12\/1671368708252-Medium.jpg\"><img loading=\"lazy\" decoding=\"async\" width=\"506\" height=\"900\" data-id=\"25702\" src=\"http:\/\/sp1.kielce.eu\/wp-content\/uploads\/2022\/12\/1671368708252-Medium-506x900.jpg\" alt=\"\" class=\"wp-image-25702\" srcset=\"https:\/\/sp1.kielce.eu\/wp-content\/uploads\/2022\/12\/1671368708252-Medium-506x900.jpg 506w, https:\/\/sp1.kielce.eu\/wp-content\/uploads\/2022\/12\/1671368708252-Medium-169x300.jpg 169w, https:\/\/sp1.kielce.eu\/wp-content\/uploads\/2022\/12\/1671368708252-Medium.jpg 768w\" sizes=\"auto, (max-width: 506px) 100vw, 506px\" \/><\/a><\/figure>\n\n\n\n<figure class=\"wp-block-image size-large\"><a href=\"http:\/\/sp1.kielce.eu\/wp-content\/uploads\/2022\/12\/1671375795188-Medium-rotated.jpg\"><img loading=\"lazy\" decoding=\"async\" width=\"506\" height=\"900\" data-id=\"25703\" src=\"http:\/\/sp1.kielce.eu\/wp-content\/uploads\/2022\/12\/1671375795188-Medium-506x900.jpg\" alt=\"\" class=\"wp-image-25703\" srcset=\"https:\/\/sp1.kielce.eu\/wp-content\/uploads\/2022\/12\/1671375795188-Medium-506x900.jpg 506w, https:\/\/sp1.kielce.eu\/wp-content\/uploads\/2022\/12\/1671375795188-Medium-169x300.jpg 169w, https:\/\/sp1.kielce.eu\/wp-content\/uploads\/2022\/12\/1671375795188-Medium-rotated.jpg 768w\" sizes=\"auto, (max-width: 506px) 100vw, 506px\" \/><\/a><\/figure>\n<\/figure>\n","protected":false},"excerpt":{"rendered":"<p>16 grudnia go\u015bciem w naszej szkole by\u0142 Pan Ralph Arzt &#8211; wyk\u0142adowca Uniwersytetu Jana Kochanowskiego [&hellip;]<\/p>\n","protected":false},"author":5,"featured_media":25702,"comment_status":"closed","ping_status":"","sticky":false,"template":"","format":"standard","meta":{"footnotes":""},"categories":[36],"tags":[],"class_list":["post-25697","post","type-post","status-publish","format-standard","has-post-thumbnail","hentry","category-wydarzenia"],"_links":{"self":[{"href":"https:\/\/sp1.kielce.eu\/index.php\/wp-json\/wp\/v2\/posts\/25697","targetHints":{"allow":["GET"]}}],"collection":[{"href":"https:\/\/sp1.kielce.eu\/index.php\/wp-json\/wp\/v2\/posts"}],"about":[{"href":"https:\/\/sp1.kielce.eu\/index.php\/wp-json\/wp\/v2\/types\/post"}],"author":[{"embeddable":true,"href":"https:\/\/sp1.kielce.eu\/index.php\/wp-json\/wp\/v2\/users\/5"}],"replies":[{"embeddable":true,"href":"https:\/\/sp1.kielce.eu\/index.php\/wp-json\/wp\/v2\/comments?post=25697"}],"version-history":[{"count":1,"href":"https:\/\/sp1.kielce.eu\/index.php\/wp-json\/wp\/v2\/posts\/25697\/revisions"}],"predecessor-version":[{"id":25704,"href":"https:\/\/sp1.kielce.eu\/index.php\/wp-json\/wp\/v2\/posts\/25697\/revisions\/25704"}],"wp:featuredmedia":[{"embeddable":true,"href":"https:\/\/sp1.kielce.eu\/index.php\/wp-json\/wp\/v2\/media\/25702"}],"wp:attachment":[{"href":"https:\/\/sp1.kielce.eu\/index.php\/wp-json\/wp\/v2\/media?parent=25697"}],"wp:term":[{"taxonomy":"category","embeddable":true,"href":"https:\/\/sp1.kielce.eu\/index.php\/wp-json\/wp\/v2\/categories?post=25697"},{"taxonomy":"post_tag","embeddable":true,"href":"https:\/\/sp1.kielce.eu\/index.php\/wp-json\/wp\/v2\/tags?post=25697"}],"curies":[{"name":"wp","href":"https:\/\/api.w.org\/{rel}","templated":true}]}}