{"id":25606,"date":"2022-12-18T23:54:21","date_gmt":"2022-12-18T22:54:21","guid":{"rendered":"http:\/\/sp1.kielce.eu\/?p=25606"},"modified":"2022-12-18T23:54:21","modified_gmt":"2022-12-18T22:54:21","slug":"xvii-swietokrzyska-gala-wolontariatu","status":"publish","type":"post","link":"https:\/\/sp1.kielce.eu\/index.php\/2022\/12\/18\/xvii-swietokrzyska-gala-wolontariatu\/","title":{"rendered":"XVII \u015awi\u0119tokrzyska Gala Wolontariatu"},"content":{"rendered":"\n<p>5 grudnia 2022 roku w\u00a0Zespole Pa\u0144stwowych Szk\u00f3\u0142 Muzycznych im.\u00a0Ludomira R\u00f3\u017cyckiego w\u00a0Kielcach odby\u0142a si\u0119 XVII\u00a0\u015awi\u0119tokrzyska Gala Wolontariatu. Tego dnia przypada Mi\u0119dzynarodowy Dzie\u0144 Wolontariusza.<\/p>\n\n\n\n<p>Do tegorocznego plebiscytu zosta\u0142o zg\u0142oszonych 40 os\u00f3b indywidualnych oraz grup wolontaryjnych. W\u015br\u00f3d kandydat\u00f3w znale\u017ali si\u0119 wolontariusze pracuj\u0105cy z&nbsp;osobami chorymi, udzielaj\u0105cy si\u0119 na rzecz kultury i&nbsp;sztuki oraz nios\u0105cy pomoc w&nbsp;domach pomocy spo\u0142ecznej, szko\u0142ach i&nbsp;fundacjach. Wszystkich \u0142\u0105czy jedno, s\u0105 lud\u017ami o&nbsp;wielkich sercach, a&nbsp;swoim czasem i&nbsp;umiej\u0119tno\u015bciami dziel\u0105 si\u0119 z&nbsp;innymi.<\/p>\n\n\n\n<p>Jak m\u00f3wi Monika Wilk, koordynatorka Diecezjalnego Centrum Wolontariatu w&nbsp;Kielcach, powod\u00f3w, dla kt\u00f3rych warto by\u0107 wolontariuszem jest tyle, ile u\u015bmiech\u00f3w na twarzy, kt\u00f3re mo\u017cemy wywo\u0142a\u0107 u&nbsp;drugiego cz\u0142owieka, oferuj\u0105c mu bezinteresown\u0105 pomoc. Jednak do najwa\u017cniejszych z&nbsp;nich nale\u017cy uspo\u0142ecznienie.<\/p>\n\n\n\n<p>\u2013 Pomoc innym to stawanie si\u0119 lepszym cz\u0142owiekiem, to mo\u017cliwo\u015b\u0107 poszerzania swoich horyzont\u00f3w, zawierania pi\u0119knych, nowych przyja\u017ani. Wolontariusze s\u0105 jak jedna wielka rodzina, kt\u00f3ra zmienia \u015bwiat na lepsze. Dzisiejszy dzie\u0144 jest wyj\u0105tkowy, poniewa\u017c obchodzimy Mi\u0119dzynarodowy Dzie\u0144 Wolontariatu i&nbsp;po raz 17. nagrodzili\u015bmy najaktywniejszych wolontariuszy z&nbsp;regionu \u2013 dodaje Monika Wilk.<\/p>\n\n\n\n<p>Magdalena Go\u015bciniewicz, dyrektor Miejskiego O\u015brodka Pomocy Rodzinie w&nbsp;Kielcach, przyznaje, \u017ce dzia\u0142aj\u0105cy przy MOPR wolontariat jest niezast\u0105piony. \u2013 Wszystkie osoby s\u0105 bardzo oddane w&nbsp;pomaganiu innym. Nie traktuj\u0105 tego jak pracy, tylko jak s\u0142u\u017cb\u0119 drugiemu cz\u0142owiekowi na ka\u017cdym kroku, gdy tego potrzebuje \u2013 dodaje dyrektor MOPR.<\/p>\n\n\n\n<p>Wiktor Tutaj, prezes zarz\u0105du Regionalnego Centrum Wolontariatu w&nbsp;Kielcach przyznaje, \u017ce tegoroczne zg\u0142oszenia by\u0142y bardzo ciekawe, cz\u0119sto innowacyjne. \u2013 Wolontariat to ju\u017c nie tylko praca w&nbsp;schronisku, czy praca z&nbsp;dzie\u0107mi, to tak\u017ce cz\u0119sto praca biurowa na rzecz innych organizacji, takie zg\u0142oszenia te\u017c do nas wp\u0142yn\u0119\u0142y. Wolontariat nie ma p\u0142ci, nie ma wieku, nie ma wykszta\u0142cenia, poniewa\u017c wolontariuszem mo\u017ce zosta\u0107 ka\u017cdy, kto chce pomaga\u0107, ale te\u017c si\u0119 rozwija\u0107, poniewa\u017c wolontariat to nie tylko dawanie od siebie, ale to te\u017c przyjmowanie, nabywanie nowych umiej\u0119tno\u015bci, nowych kompetencji \u2013 dodaje Wiktor Tutaj.<\/p>\n\n\n\n<p>W gali uczestniczy\u0142 m.in. senator Krzysztof S\u0142o\u0144, kt\u00f3ry z&nbsp;wolontariatem, szczeg\u00f3lnie wobec os\u00f3b niepe\u0142nosprawnych, zwi\u0105zany jest od wielu lat i&nbsp;zawsze podkre\u015bla walor \u201edawania z&nbsp;siebie\u201d.<\/p>\n\n\n\n<p><strong>Tradycyjnie podczas 17. \u015awi\u0119tokrzyskiej Gali Wolontariatu zosta\u0142 przyznany tytu\u0142 \u201eAnimator wolontariatu\u201d za inspirowanie, organizowanie i&nbsp;wspieranie dzia\u0142a\u0144 wolontaryjnych w&nbsp;\u015brodowisku lokalnym. Otrzymali go: Anna Pa\u0142ys oraz ks. Konrad Walerczak.<\/strong><\/p>\n\n\n\n<p><strong>Podczas gali przedstawiciele naszego Szkolnego Ko\u0142a Wolontariatu JEDYNKA odebrali podzi\u0119kowania za swoj\u0105 dzia\u0142alno\u015b\u0107. To dzi\u0119ki nim mo\u017cemy razem pomaga\u0107 innym.<\/strong><\/p>\n\n\n\n<p>Gal\u0119 zorganizowa\u0142y Regionalne Centrum Wolontariatu, Diecezjalne Centrum Wolontariatu i\u00a0Miejski O\u015brodek Pomocy Rodzinie w\u00a0Kielcach. <\/p>\n\n\n\n<p class=\"has-text-align-right\">dyr. \u017baneta Szczepaniak<br>ks.Konrad Walerczak<br>Agnieszka Rycombel<br>El\u017cbieta Litwinek<br>Agnieszka M\u0142ynarczyk<\/p>\n\n\n\n<figure class=\"wp-block-gallery has-nested-images columns-5 is-cropped wp-block-gallery-1 is-layout-flex wp-block-gallery-is-layout-flex\">\n<figure class=\"wp-block-image size-large\"><a href=\"http:\/\/sp1.kielce.eu\/wp-content\/uploads\/2022\/12\/318025949_10222497426167613_2147130098111284702_n-Copy.jpg\"><img loading=\"lazy\" decoding=\"async\" width=\"569\" height=\"900\" data-id=\"25610\" src=\"http:\/\/sp1.kielce.eu\/wp-content\/uploads\/2022\/12\/318025949_10222497426167613_2147130098111284702_n-Copy.jpg\" alt=\"\" class=\"wp-image-25610\" srcset=\"https:\/\/sp1.kielce.eu\/wp-content\/uploads\/2022\/12\/318025949_10222497426167613_2147130098111284702_n-Copy.jpg 569w, https:\/\/sp1.kielce.eu\/wp-content\/uploads\/2022\/12\/318025949_10222497426167613_2147130098111284702_n-Copy-190x300.jpg 190w\" sizes=\"auto, (max-width: 569px) 100vw, 569px\" \/><\/a><\/figure>\n\n\n\n<figure class=\"wp-block-image size-large\"><a href=\"http:\/\/sp1.kielce.eu\/wp-content\/uploads\/2022\/12\/317838393_10222497426607624_922429823176930831_n-Copy.jpg\"><img loading=\"lazy\" decoding=\"async\" width=\"1200\" height=\"805\" data-id=\"25612\" src=\"http:\/\/sp1.kielce.eu\/wp-content\/uploads\/2022\/12\/317838393_10222497426607624_922429823176930831_n-Copy.jpg\" alt=\"\" class=\"wp-image-25612\" srcset=\"https:\/\/sp1.kielce.eu\/wp-content\/uploads\/2022\/12\/317838393_10222497426607624_922429823176930831_n-Copy.jpg 1200w, https:\/\/sp1.kielce.eu\/wp-content\/uploads\/2022\/12\/317838393_10222497426607624_922429823176930831_n-Copy-300x201.jpg 300w, https:\/\/sp1.kielce.eu\/wp-content\/uploads\/2022\/12\/317838393_10222497426607624_922429823176930831_n-Copy-768x515.jpg 768w, https:\/\/sp1.kielce.eu\/wp-content\/uploads\/2022\/12\/317838393_10222497426607624_922429823176930831_n-Copy-820x550.jpg 820w\" sizes=\"auto, (max-width: 1200px) 100vw, 1200px\" \/><\/a><\/figure>\n\n\n\n<figure class=\"wp-block-image size-large\"><a href=\"http:\/\/sp1.kielce.eu\/wp-content\/uploads\/2022\/12\/20221207_222428-Copy.jpg\"><img loading=\"lazy\" decoding=\"async\" width=\"637\" height=\"900\" data-id=\"25607\" src=\"http:\/\/sp1.kielce.eu\/wp-content\/uploads\/2022\/12\/20221207_222428-Copy.jpg\" alt=\"\" class=\"wp-image-25607\" srcset=\"https:\/\/sp1.kielce.eu\/wp-content\/uploads\/2022\/12\/20221207_222428-Copy.jpg 637w, https:\/\/sp1.kielce.eu\/wp-content\/uploads\/2022\/12\/20221207_222428-Copy-212x300.jpg 212w\" sizes=\"auto, (max-width: 637px) 100vw, 637px\" \/><\/a><\/figure>\n\n\n\n<figure class=\"wp-block-image size-large\"><a href=\"http:\/\/sp1.kielce.eu\/wp-content\/uploads\/2022\/12\/20221205-181943-Copy.jpg\"><img loading=\"lazy\" decoding=\"async\" width=\"1200\" height=\"900\" data-id=\"25608\" src=\"http:\/\/sp1.kielce.eu\/wp-content\/uploads\/2022\/12\/20221205-181943-Copy.jpg\" alt=\"\" class=\"wp-image-25608\" srcset=\"https:\/\/sp1.kielce.eu\/wp-content\/uploads\/2022\/12\/20221205-181943-Copy.jpg 1200w, https:\/\/sp1.kielce.eu\/wp-content\/uploads\/2022\/12\/20221205-181943-Copy-300x225.jpg 300w, https:\/\/sp1.kielce.eu\/wp-content\/uploads\/2022\/12\/20221205-181943-Copy-768x576.jpg 768w, https:\/\/sp1.kielce.eu\/wp-content\/uploads\/2022\/12\/20221205-181943-Copy-820x615.jpg 820w\" sizes=\"auto, (max-width: 1200px) 100vw, 1200px\" \/><\/a><\/figure>\n\n\n\n<figure class=\"wp-block-image size-large\"><a href=\"http:\/\/sp1.kielce.eu\/wp-content\/uploads\/2022\/12\/318311085_183249497662892_254111999957593693_n-Copy.jpg\"><img loading=\"lazy\" decoding=\"async\" width=\"1200\" height=\"800\" data-id=\"25611\" src=\"http:\/\/sp1.kielce.eu\/wp-content\/uploads\/2022\/12\/318311085_183249497662892_254111999957593693_n-Copy.jpg\" alt=\"\" class=\"wp-image-25611\" srcset=\"https:\/\/sp1.kielce.eu\/wp-content\/uploads\/2022\/12\/318311085_183249497662892_254111999957593693_n-Copy.jpg 1200w, https:\/\/sp1.kielce.eu\/wp-content\/uploads\/2022\/12\/318311085_183249497662892_254111999957593693_n-Copy-300x200.jpg 300w, https:\/\/sp1.kielce.eu\/wp-content\/uploads\/2022\/12\/318311085_183249497662892_254111999957593693_n-Copy-768x512.jpg 768w, https:\/\/sp1.kielce.eu\/wp-content\/uploads\/2022\/12\/318311085_183249497662892_254111999957593693_n-Copy-600x400.jpg 600w, https:\/\/sp1.kielce.eu\/wp-content\/uploads\/2022\/12\/318311085_183249497662892_254111999957593693_n-Copy-820x547.jpg 820w\" sizes=\"auto, (max-width: 1200px) 100vw, 1200px\" \/><\/a><\/figure>\n\n\n\n<figure class=\"wp-block-image size-large\"><a href=\"http:\/\/sp1.kielce.eu\/wp-content\/uploads\/2022\/12\/318327596_183249750996200_3477348992796605310_n-Copy.jpg\"><img loading=\"lazy\" decoding=\"async\" width=\"1200\" height=\"872\" data-id=\"25609\" src=\"http:\/\/sp1.kielce.eu\/wp-content\/uploads\/2022\/12\/318327596_183249750996200_3477348992796605310_n-Copy.jpg\" alt=\"\" class=\"wp-image-25609\" srcset=\"https:\/\/sp1.kielce.eu\/wp-content\/uploads\/2022\/12\/318327596_183249750996200_3477348992796605310_n-Copy.jpg 1200w, https:\/\/sp1.kielce.eu\/wp-content\/uploads\/2022\/12\/318327596_183249750996200_3477348992796605310_n-Copy-300x218.jpg 300w, https:\/\/sp1.kielce.eu\/wp-content\/uploads\/2022\/12\/318327596_183249750996200_3477348992796605310_n-Copy-768x558.jpg 768w, https:\/\/sp1.kielce.eu\/wp-content\/uploads\/2022\/12\/318327596_183249750996200_3477348992796605310_n-Copy-820x596.jpg 820w\" sizes=\"auto, (max-width: 1200px) 100vw, 1200px\" \/><\/a><\/figure>\n\n\n\n<figure class=\"wp-block-image size-large\"><a href=\"http:\/\/sp1.kielce.eu\/wp-content\/uploads\/2022\/12\/318345136_183249310996244_792624114164776481_n-Copy.jpg\"><img loading=\"lazy\" decoding=\"async\" width=\"1200\" height=\"800\" data-id=\"25613\" src=\"http:\/\/sp1.kielce.eu\/wp-content\/uploads\/2022\/12\/318345136_183249310996244_792624114164776481_n-Copy.jpg\" alt=\"\" class=\"wp-image-25613\" srcset=\"https:\/\/sp1.kielce.eu\/wp-content\/uploads\/2022\/12\/318345136_183249310996244_792624114164776481_n-Copy.jpg 1200w, https:\/\/sp1.kielce.eu\/wp-content\/uploads\/2022\/12\/318345136_183249310996244_792624114164776481_n-Copy-300x200.jpg 300w, https:\/\/sp1.kielce.eu\/wp-content\/uploads\/2022\/12\/318345136_183249310996244_792624114164776481_n-Copy-768x512.jpg 768w, https:\/\/sp1.kielce.eu\/wp-content\/uploads\/2022\/12\/318345136_183249310996244_792624114164776481_n-Copy-600x400.jpg 600w, https:\/\/sp1.kielce.eu\/wp-content\/uploads\/2022\/12\/318345136_183249310996244_792624114164776481_n-Copy-820x547.jpg 820w\" sizes=\"auto, (max-width: 1200px) 100vw, 1200px\" \/><\/a><\/figure>\n\n\n\n<figure class=\"wp-block-image size-large\"><a href=\"http:\/\/sp1.kielce.eu\/wp-content\/uploads\/2022\/12\/318405670_183249587662883_5485816846030788908_n-Copy.jpg\"><img loading=\"lazy\" decoding=\"async\" width=\"1200\" height=\"800\" data-id=\"25614\" src=\"http:\/\/sp1.kielce.eu\/wp-content\/uploads\/2022\/12\/318405670_183249587662883_5485816846030788908_n-Copy.jpg\" alt=\"\" class=\"wp-image-25614\" srcset=\"https:\/\/sp1.kielce.eu\/wp-content\/uploads\/2022\/12\/318405670_183249587662883_5485816846030788908_n-Copy.jpg 1200w, https:\/\/sp1.kielce.eu\/wp-content\/uploads\/2022\/12\/318405670_183249587662883_5485816846030788908_n-Copy-300x200.jpg 300w, https:\/\/sp1.kielce.eu\/wp-content\/uploads\/2022\/12\/318405670_183249587662883_5485816846030788908_n-Copy-768x512.jpg 768w, https:\/\/sp1.kielce.eu\/wp-content\/uploads\/2022\/12\/318405670_183249587662883_5485816846030788908_n-Copy-600x400.jpg 600w, https:\/\/sp1.kielce.eu\/wp-content\/uploads\/2022\/12\/318405670_183249587662883_5485816846030788908_n-Copy-820x547.jpg 820w\" sizes=\"auto, (max-width: 1200px) 100vw, 1200px\" \/><\/a><\/figure>\n\n\n\n<figure class=\"wp-block-image size-large\"><a href=\"http:\/\/sp1.kielce.eu\/wp-content\/uploads\/2022\/12\/318427107_183249657662876_1566686521396792757_n-Copy.jpg\"><img loading=\"lazy\" decoding=\"async\" width=\"1200\" height=\"800\" data-id=\"25615\" src=\"http:\/\/sp1.kielce.eu\/wp-content\/uploads\/2022\/12\/318427107_183249657662876_1566686521396792757_n-Copy.jpg\" alt=\"\" class=\"wp-image-25615\" srcset=\"https:\/\/sp1.kielce.eu\/wp-content\/uploads\/2022\/12\/318427107_183249657662876_1566686521396792757_n-Copy.jpg 1200w, https:\/\/sp1.kielce.eu\/wp-content\/uploads\/2022\/12\/318427107_183249657662876_1566686521396792757_n-Copy-300x200.jpg 300w, https:\/\/sp1.kielce.eu\/wp-content\/uploads\/2022\/12\/318427107_183249657662876_1566686521396792757_n-Copy-768x512.jpg 768w, https:\/\/sp1.kielce.eu\/wp-content\/uploads\/2022\/12\/318427107_183249657662876_1566686521396792757_n-Copy-600x400.jpg 600w, https:\/\/sp1.kielce.eu\/wp-content\/uploads\/2022\/12\/318427107_183249657662876_1566686521396792757_n-Copy-820x547.jpg 820w\" sizes=\"auto, (max-width: 1200px) 100vw, 1200px\" \/><\/a><\/figure>\n\n\n\n<figure class=\"wp-block-image size-large\"><a href=\"http:\/\/sp1.kielce.eu\/wp-content\/uploads\/2022\/12\/318441261_183249384329570_2976636010063110005_n-Copy.jpg\"><img loading=\"lazy\" decoding=\"async\" width=\"1200\" height=\"800\" data-id=\"25616\" src=\"http:\/\/sp1.kielce.eu\/wp-content\/uploads\/2022\/12\/318441261_183249384329570_2976636010063110005_n-Copy.jpg\" alt=\"\" class=\"wp-image-25616\" srcset=\"https:\/\/sp1.kielce.eu\/wp-content\/uploads\/2022\/12\/318441261_183249384329570_2976636010063110005_n-Copy.jpg 1200w, https:\/\/sp1.kielce.eu\/wp-content\/uploads\/2022\/12\/318441261_183249384329570_2976636010063110005_n-Copy-300x200.jpg 300w, https:\/\/sp1.kielce.eu\/wp-content\/uploads\/2022\/12\/318441261_183249384329570_2976636010063110005_n-Copy-768x512.jpg 768w, https:\/\/sp1.kielce.eu\/wp-content\/uploads\/2022\/12\/318441261_183249384329570_2976636010063110005_n-Copy-600x400.jpg 600w, https:\/\/sp1.kielce.eu\/wp-content\/uploads\/2022\/12\/318441261_183249384329570_2976636010063110005_n-Copy-820x547.jpg 820w\" sizes=\"auto, (max-width: 1200px) 100vw, 1200px\" \/><\/a><\/figure>\n<\/figure>\n","protected":false},"excerpt":{"rendered":"<p>5 grudnia 2022 roku w\u00a0Zespole Pa\u0144stwowych Szk\u00f3\u0142 Muzycznych im.\u00a0Ludomira R\u00f3\u017cyckiego w\u00a0Kielcach odby\u0142a si\u0119 XVII\u00a0\u015awi\u0119tokrzyska Gala [&hellip;]<\/p>\n","protected":false},"author":14,"featured_media":25618,"comment_status":"closed","ping_status":"","sticky":false,"template":"","format":"standard","meta":{"footnotes":""},"categories":[163],"tags":[],"class_list":["post-25606","post","type-post","status-publish","format-standard","has-post-thumbnail","hentry","category-skw"],"_links":{"self":[{"href":"https:\/\/sp1.kielce.eu\/index.php\/wp-json\/wp\/v2\/posts\/25606","targetHints":{"allow":["GET"]}}],"collection":[{"href":"https:\/\/sp1.kielce.eu\/index.php\/wp-json\/wp\/v2\/posts"}],"about":[{"href":"https:\/\/sp1.kielce.eu\/index.php\/wp-json\/wp\/v2\/types\/post"}],"author":[{"embeddable":true,"href":"https:\/\/sp1.kielce.eu\/index.php\/wp-json\/wp\/v2\/users\/14"}],"replies":[{"embeddable":true,"href":"https:\/\/sp1.kielce.eu\/index.php\/wp-json\/wp\/v2\/comments?post=25606"}],"version-history":[{"count":2,"href":"https:\/\/sp1.kielce.eu\/index.php\/wp-json\/wp\/v2\/posts\/25606\/revisions"}],"predecessor-version":[{"id":25619,"href":"https:\/\/sp1.kielce.eu\/index.php\/wp-json\/wp\/v2\/posts\/25606\/revisions\/25619"}],"wp:featuredmedia":[{"embeddable":true,"href":"https:\/\/sp1.kielce.eu\/index.php\/wp-json\/wp\/v2\/media\/25618"}],"wp:attachment":[{"href":"https:\/\/sp1.kielce.eu\/index.php\/wp-json\/wp\/v2\/media?parent=25606"}],"wp:term":[{"taxonomy":"category","embeddable":true,"href":"https:\/\/sp1.kielce.eu\/index.php\/wp-json\/wp\/v2\/categories?post=25606"},{"taxonomy":"post_tag","embeddable":true,"href":"https:\/\/sp1.kielce.eu\/index.php\/wp-json\/wp\/v2\/tags?post=25606"}],"curies":[{"name":"wp","href":"https:\/\/api.w.org\/{rel}","templated":true}]}}