{"id":25592,"date":"2022-12-16T20:21:31","date_gmt":"2022-12-16T19:21:31","guid":{"rendered":"http:\/\/sp1.kielce.eu\/?p=25592"},"modified":"2022-12-16T20:21:31","modified_gmt":"2022-12-16T19:21:31","slug":"piosenka-na-gwiazdke-iii-miedzyszkolny-konkurs-piosenki-swiatecznej-w-jezyku-obcym","status":"publish","type":"post","link":"https:\/\/sp1.kielce.eu\/index.php\/2022\/12\/16\/piosenka-na-gwiazdke-iii-miedzyszkolny-konkurs-piosenki-swiatecznej-w-jezyku-obcym\/","title":{"rendered":"\u201ePiosenka na Gwiazdk\u0119\u201d &#8211; III Mi\u0119dzyszkolny Konkurs Piosenki \u015awi\u0105tecznej w J\u0119zyku Obcym"},"content":{"rendered":"\n<p>16 grudnia w&nbsp;Sali Teatralnej SP&nbsp;39 w&nbsp;Kielcach o&nbsp;godzinie 9.00 odby\u0142a si\u0119 III&nbsp;edycja Mi\u0119dzyszkolnego Konkursu Piosenki \u015awi\u0105tecznej w&nbsp;J\u0119zyku Obcym pod tytu\u0142em \u201ePiosenka na Gwiazdk\u0119\u201d. W&nbsp;konkursie wzi\u0119\u0142y udzia\u0142 cztery uczennice z&nbsp;naszej szko\u0142y, czyli Nina Ajchel i&nbsp;Liliana Kowalska z&nbsp;klasy 2c oraz Laura Marks i&nbsp;Nadia G\u00f3rak z&nbsp;klasy 3c. Poziom konkursu by\u0142 bardzo wysoki, jednak nasze dziewczyny zaprezentowa\u0142y si\u0119 fenomenalnie, daj\u0105c doskona\u0142y pokaz swoich umiej\u0119tno\u015bci. Decyzj\u0105 jury Nina Ajchel i&nbsp;Liliana Kowalska zaj\u0119\u0142y 2&nbsp;miejsce w&nbsp;kategorii klas 1-3 za za\u015bpiewanie w&nbsp;duecie piosenki \u201eSanta Claus is coming to town\u201d.<\/p>\n\n\n\n<p>Serdecznie gratulujemy!<\/p>\n\n\n\n<p class=\"has-text-align-right\">Marta Pawlak<br>Klaudia Gola<br>Emilia Orkisz<\/p>\n\n\n\n<figure class=\"wp-block-gallery has-nested-images columns-default is-cropped wp-block-gallery-1 is-layout-flex wp-block-gallery-is-layout-flex\">\n<figure class=\"wp-block-image size-large\"><a href=\"http:\/\/sp1.kielce.eu\/wp-content\/uploads\/2022\/12\/1671212436185-scaled.jpg\"><img loading=\"lazy\" decoding=\"async\" width=\"889\" height=\"900\" data-id=\"25594\" src=\"http:\/\/sp1.kielce.eu\/wp-content\/uploads\/2022\/12\/1671212436185-889x900.jpg\" alt=\"\" class=\"wp-image-25594\" srcset=\"https:\/\/sp1.kielce.eu\/wp-content\/uploads\/2022\/12\/1671212436185-889x900.jpg 889w, https:\/\/sp1.kielce.eu\/wp-content\/uploads\/2022\/12\/1671212436185-296x300.jpg 296w, https:\/\/sp1.kielce.eu\/wp-content\/uploads\/2022\/12\/1671212436185-768x778.jpg 768w, https:\/\/sp1.kielce.eu\/wp-content\/uploads\/2022\/12\/1671212436185-1516x1536.jpg 1516w, https:\/\/sp1.kielce.eu\/wp-content\/uploads\/2022\/12\/1671212436185-2022x2048.jpg 2022w, https:\/\/sp1.kielce.eu\/wp-content\/uploads\/2022\/12\/1671212436185-820x831.jpg 820w\" sizes=\"auto, (max-width: 889px) 100vw, 889px\" \/><\/a><\/figure>\n\n\n\n<figure class=\"wp-block-image size-large\"><a href=\"http:\/\/sp1.kielce.eu\/wp-content\/uploads\/2022\/12\/1671212436270-scaled.jpg\"><img loading=\"lazy\" decoding=\"async\" width=\"1076\" height=\"900\" data-id=\"25593\" src=\"http:\/\/sp1.kielce.eu\/wp-content\/uploads\/2022\/12\/1671212436270-1076x900.jpg\" alt=\"\" class=\"wp-image-25593\" srcset=\"https:\/\/sp1.kielce.eu\/wp-content\/uploads\/2022\/12\/1671212436270-1076x900.jpg 1076w, https:\/\/sp1.kielce.eu\/wp-content\/uploads\/2022\/12\/1671212436270-300x251.jpg 300w, https:\/\/sp1.kielce.eu\/wp-content\/uploads\/2022\/12\/1671212436270-768x642.jpg 768w, https:\/\/sp1.kielce.eu\/wp-content\/uploads\/2022\/12\/1671212436270-1536x1285.jpg 1536w, https:\/\/sp1.kielce.eu\/wp-content\/uploads\/2022\/12\/1671212436270-2048x1713.jpg 2048w, https:\/\/sp1.kielce.eu\/wp-content\/uploads\/2022\/12\/1671212436270-820x686.jpg 820w\" sizes=\"auto, (max-width: 1076px) 100vw, 1076px\" \/><\/a><\/figure>\n<\/figure>\n","protected":false},"excerpt":{"rendered":"<p>16 grudnia w&nbsp;Sali Teatralnej SP&nbsp;39 w&nbsp;Kielcach o&nbsp;godzinie 9.00 odby\u0142a si\u0119 III&nbsp;edycja Mi\u0119dzyszkolnego Konkursu Piosenki \u015awi\u0105tecznej [&hellip;]<\/p>\n","protected":false},"author":14,"featured_media":25595,"comment_status":"closed","ping_status":"","sticky":false,"template":"","format":"standard","meta":{"footnotes":""},"categories":[10,21],"tags":[],"class_list":["post-25592","post","type-post","status-publish","format-standard","has-post-thumbnail","hentry","category-konkursy-przedmiotowe","category-konkursy"],"_links":{"self":[{"href":"https:\/\/sp1.kielce.eu\/index.php\/wp-json\/wp\/v2\/posts\/25592","targetHints":{"allow":["GET"]}}],"collection":[{"href":"https:\/\/sp1.kielce.eu\/index.php\/wp-json\/wp\/v2\/posts"}],"about":[{"href":"https:\/\/sp1.kielce.eu\/index.php\/wp-json\/wp\/v2\/types\/post"}],"author":[{"embeddable":true,"href":"https:\/\/sp1.kielce.eu\/index.php\/wp-json\/wp\/v2\/users\/14"}],"replies":[{"embeddable":true,"href":"https:\/\/sp1.kielce.eu\/index.php\/wp-json\/wp\/v2\/comments?post=25592"}],"version-history":[{"count":1,"href":"https:\/\/sp1.kielce.eu\/index.php\/wp-json\/wp\/v2\/posts\/25592\/revisions"}],"predecessor-version":[{"id":25596,"href":"https:\/\/sp1.kielce.eu\/index.php\/wp-json\/wp\/v2\/posts\/25592\/revisions\/25596"}],"wp:featuredmedia":[{"embeddable":true,"href":"https:\/\/sp1.kielce.eu\/index.php\/wp-json\/wp\/v2\/media\/25595"}],"wp:attachment":[{"href":"https:\/\/sp1.kielce.eu\/index.php\/wp-json\/wp\/v2\/media?parent=25592"}],"wp:term":[{"taxonomy":"category","embeddable":true,"href":"https:\/\/sp1.kielce.eu\/index.php\/wp-json\/wp\/v2\/categories?post=25592"},{"taxonomy":"post_tag","embeddable":true,"href":"https:\/\/sp1.kielce.eu\/index.php\/wp-json\/wp\/v2\/tags?post=25592"}],"curies":[{"name":"wp","href":"https:\/\/api.w.org\/{rel}","templated":true}]}}