{"id":25511,"date":"2022-12-12T23:01:07","date_gmt":"2022-12-12T22:01:07","guid":{"rendered":"http:\/\/sp1.kielce.eu\/?p=25511"},"modified":"2022-12-12T23:01:07","modified_gmt":"2022-12-12T22:01:07","slug":"europejski-tydzien-autyzmu-2","status":"publish","type":"post","link":"https:\/\/sp1.kielce.eu\/index.php\/2022\/12\/12\/europejski-tydzien-autyzmu-2\/","title":{"rendered":"EUROPEJSKI TYDZIE\u0143 AUTYZMU"},"content":{"rendered":"\n<p>W dniach 1-7 grudnia obchodzimy Europejski Tydzie\u0144 Autyzmu, kt\u00f3ry zosta\u0142 zainicjowany przez Parlament Europejski w\u00a01996r. Celem tego \u015bwi\u0119ta jest dostarczanie wiedzy, podnoszenie \u015bwiadomo\u015bci spo\u0142ecze\u0144stwa na temat zaburze\u0144 ze spektrum autyzmu.<br>Autyzm to nieprawid\u0142owo\u015b\u0107 w\u00a0rozwoju zwi\u0105zana z\u00a0funkcjonowaniem. Osoby te cz\u0119sto maj\u0105 problem z\u00a0komunikowaniem si\u0119 i\u00a0kontaktami w\u00a0spo\u0142ecze\u0144stwie. W\u00a0czasie Europejskiego Tygodnia Autyzmu w\u00a0wielu miastach prowadzone s\u0105 warsztaty i\u00a0konsultacje dla ludzi nale\u017c\u0105cych do tej grupy. Nasza szko\u0142a r\u00f3wnie\u017c solidaryzuje si\u0119 z\u00a0osobami chorymi na autyzm i\u00a0ich rodzinami. <\/p>\n\n\n\n<p class=\"has-text-align-right\">B.Smag\u00f3r<br>M.Wojciechowska<br>A.Szcze\u015bniak<br>A. Kotwica<\/p>\n\n\n\n<figure class=\"wp-block-gallery has-nested-images columns-default is-cropped wp-block-gallery-1 is-layout-flex wp-block-gallery-is-layout-flex\">\n<figure class=\"wp-block-image size-large\"><img loading=\"lazy\" decoding=\"async\" width=\"1200\" height=\"558\" data-id=\"25512\" src=\"http:\/\/sp1.kielce.eu\/wp-content\/uploads\/2022\/12\/1-Copy-1.jpg\" alt=\"\" class=\"wp-image-25512\" srcset=\"https:\/\/sp1.kielce.eu\/wp-content\/uploads\/2022\/12\/1-Copy-1.jpg 1200w, https:\/\/sp1.kielce.eu\/wp-content\/uploads\/2022\/12\/1-Copy-1-300x140.jpg 300w, https:\/\/sp1.kielce.eu\/wp-content\/uploads\/2022\/12\/1-Copy-1-768x357.jpg 768w, https:\/\/sp1.kielce.eu\/wp-content\/uploads\/2022\/12\/1-Copy-1-820x381.jpg 820w\" sizes=\"auto, (max-width: 1200px) 100vw, 1200px\" \/><\/figure>\n<\/figure>\n","protected":false},"excerpt":{"rendered":"<p>W dniach 1-7 grudnia obchodzimy Europejski Tydzie\u0144 Autyzmu, kt\u00f3ry zosta\u0142 zainicjowany przez Parlament Europejski w\u00a01996r. [&hellip;]<\/p>\n","protected":false},"author":14,"featured_media":25513,"comment_status":"closed","ping_status":"","sticky":false,"template":"","format":"standard","meta":{"footnotes":""},"categories":[36],"tags":[],"class_list":["post-25511","post","type-post","status-publish","format-standard","has-post-thumbnail","hentry","category-wydarzenia"],"_links":{"self":[{"href":"https:\/\/sp1.kielce.eu\/index.php\/wp-json\/wp\/v2\/posts\/25511","targetHints":{"allow":["GET"]}}],"collection":[{"href":"https:\/\/sp1.kielce.eu\/index.php\/wp-json\/wp\/v2\/posts"}],"about":[{"href":"https:\/\/sp1.kielce.eu\/index.php\/wp-json\/wp\/v2\/types\/post"}],"author":[{"embeddable":true,"href":"https:\/\/sp1.kielce.eu\/index.php\/wp-json\/wp\/v2\/users\/14"}],"replies":[{"embeddable":true,"href":"https:\/\/sp1.kielce.eu\/index.php\/wp-json\/wp\/v2\/comments?post=25511"}],"version-history":[{"count":1,"href":"https:\/\/sp1.kielce.eu\/index.php\/wp-json\/wp\/v2\/posts\/25511\/revisions"}],"predecessor-version":[{"id":25514,"href":"https:\/\/sp1.kielce.eu\/index.php\/wp-json\/wp\/v2\/posts\/25511\/revisions\/25514"}],"wp:featuredmedia":[{"embeddable":true,"href":"https:\/\/sp1.kielce.eu\/index.php\/wp-json\/wp\/v2\/media\/25513"}],"wp:attachment":[{"href":"https:\/\/sp1.kielce.eu\/index.php\/wp-json\/wp\/v2\/media?parent=25511"}],"wp:term":[{"taxonomy":"category","embeddable":true,"href":"https:\/\/sp1.kielce.eu\/index.php\/wp-json\/wp\/v2\/categories?post=25511"},{"taxonomy":"post_tag","embeddable":true,"href":"https:\/\/sp1.kielce.eu\/index.php\/wp-json\/wp\/v2\/tags?post=25511"}],"curies":[{"name":"wp","href":"https:\/\/api.w.org\/{rel}","templated":true}]}}