{"id":25506,"date":"2022-12-12T22:57:59","date_gmt":"2022-12-12T21:57:59","guid":{"rendered":"http:\/\/sp1.kielce.eu\/?p=25506"},"modified":"2022-12-12T22:57:59","modified_gmt":"2022-12-12T21:57:59","slug":"certyfikat-dla-szkoly-za-udzial-w-miedzynarodowej-kampaniimilion-dzieci-modli-sie-na-rozancu","status":"publish","type":"post","link":"https:\/\/sp1.kielce.eu\/index.php\/2022\/12\/12\/certyfikat-dla-szkoly-za-udzial-w-miedzynarodowej-kampaniimilion-dzieci-modli-sie-na-rozancu\/","title":{"rendered":"<strong>Certyfikat dla szko\u0142y za udzia\u0142 w&nbsp;mi\u0119dzynarodowej kampanii<\/strong><strong>\u201eMilion dzieci modli si\u0119 na r\u00f3\u017ca\u0144cu\u201d<\/strong>"},"content":{"rendered":"\n<p>\u201eMilion dzieci modli si\u0119 na r\u00f3\u017ca\u0144cu\u201d to inicjatywa Papieskiego Stowarzyszenia Pomoc Ko\u015bcio\u0142owi w&nbsp;Potrzebie. Wszyscy jeste\u015bmy wezwani, by szuka\u0107 dr\u00f3g do zjednoczenia ludzko\u015bci w&nbsp;wyj\u0105tkow\u0105 rodzin\u0119, w&nbsp;kt\u00f3rej r\u00f3\u017cnice postrzegane s\u0105 jako bogactwo do\u015bwiadcze\u0144 i nie prowadz\u0105 do wrogo\u015bci. Wo\u0142anie o pojednanie i&nbsp;sprawiedliwy pok\u00f3j s\u0142ycha\u0107 dzi\u015b szczeg\u00f3lnie na terenie okupowanej Ukrainy. Duchowym \u017ar\u00f3d\u0142em pokoju serc jest modlitwa r\u00f3\u017ca\u0144cowa, do kt\u00f3rej jeste\u015bmy zaproszeni szczeg\u00f3lnie w pa\u017adzierniku.<\/p>\n\n\n\n<p>Na to zaproszenie do r\u00f3\u017ca\u0144ca odpowiedzieli uczniowie naszej szko\u0142y, kt\u00f3rzy aktywnie w\u0142\u0105czyli si\u0119 w&nbsp;kampani\u0119 odmawiaj\u0105c r\u00f3\u017caniec na katechezie i&nbsp;w&nbsp;ko\u015bciele. Wyj\u0105tkowym zaanga\u017cowaniem wyr\u00f3\u017cnia\u0142y si\u0119 dzieci z&nbsp;klas trzecich, kt\u00f3re w&nbsp;tym roku szkolnym przygotowuj\u0105 si\u0119 do przyj\u0119cia Pierwszej Komunii \u015awi\u0119tej.<\/p>\n\n\n\n<p>Modlili\u015bmy si\u0119 za ubogich, cierpi\u0105cych i&nbsp;prze\u015bladowanych. Certyfikat otrzymany dla szko\u0142y za udzia\u0142 w&nbsp;kampanii nie oznacza ko\u0144ca naszych duchowych wysi\u0142k\u00f3w. Pragniemy, aby sta\u0142 si\u0119 now\u0105 inspiracj\u0105 i&nbsp;zach\u0119t\u0105 nie tylko dla dzieci, ale tak\u017ce dla ca\u0142ych rodzin.<\/p>\n\n\n\n<p class=\"has-text-align-right\">Katecheci SP1<\/p>\n\n\n\n<figure class=\"wp-block-gallery has-nested-images columns-default is-cropped wp-block-gallery-1 is-layout-flex wp-block-gallery-is-layout-flex\">\n<figure class=\"wp-block-image size-large\"><a href=\"http:\/\/sp1.kielce.eu\/wp-content\/uploads\/2022\/12\/zdj.1.-Copy.jpg\"><img loading=\"lazy\" decoding=\"async\" width=\"1200\" height=\"675\" data-id=\"25507\" src=\"http:\/\/sp1.kielce.eu\/wp-content\/uploads\/2022\/12\/zdj.1.-Copy.jpg\" alt=\"\" class=\"wp-image-25507\" srcset=\"https:\/\/sp1.kielce.eu\/wp-content\/uploads\/2022\/12\/zdj.1.-Copy.jpg 1200w, https:\/\/sp1.kielce.eu\/wp-content\/uploads\/2022\/12\/zdj.1.-Copy-300x169.jpg 300w, https:\/\/sp1.kielce.eu\/wp-content\/uploads\/2022\/12\/zdj.1.-Copy-768x432.jpg 768w, https:\/\/sp1.kielce.eu\/wp-content\/uploads\/2022\/12\/zdj.1.-Copy-820x461.jpg 820w\" sizes=\"auto, (max-width: 1200px) 100vw, 1200px\" \/><\/a><\/figure>\n\n\n\n<figure class=\"wp-block-image size-large\"><a href=\"http:\/\/sp1.kielce.eu\/wp-content\/uploads\/2022\/12\/zdjecie-2-Copy-1.jpg\"><img loading=\"lazy\" decoding=\"async\" width=\"1200\" height=\"675\" data-id=\"25508\" src=\"http:\/\/sp1.kielce.eu\/wp-content\/uploads\/2022\/12\/zdjecie-2-Copy-1.jpg\" alt=\"\" class=\"wp-image-25508\" srcset=\"https:\/\/sp1.kielce.eu\/wp-content\/uploads\/2022\/12\/zdjecie-2-Copy-1.jpg 1200w, https:\/\/sp1.kielce.eu\/wp-content\/uploads\/2022\/12\/zdjecie-2-Copy-1-300x169.jpg 300w, https:\/\/sp1.kielce.eu\/wp-content\/uploads\/2022\/12\/zdjecie-2-Copy-1-768x432.jpg 768w, https:\/\/sp1.kielce.eu\/wp-content\/uploads\/2022\/12\/zdjecie-2-Copy-1-820x461.jpg 820w\" sizes=\"auto, (max-width: 1200px) 100vw, 1200px\" \/><\/a><\/figure>\n<\/figure>\n","protected":false},"excerpt":{"rendered":"<p>\u201eMilion dzieci modli si\u0119 na r\u00f3\u017ca\u0144cu\u201d to inicjatywa Papieskiego Stowarzyszenia Pomoc Ko\u015bcio\u0142owi w&nbsp;Potrzebie. Wszyscy jeste\u015bmy [&hellip;]<\/p>\n","protected":false},"author":14,"featured_media":25509,"comment_status":"closed","ping_status":"","sticky":false,"template":"","format":"standard","meta":{"footnotes":""},"categories":[36],"tags":[],"class_list":["post-25506","post","type-post","status-publish","format-standard","has-post-thumbnail","hentry","category-wydarzenia"],"_links":{"self":[{"href":"https:\/\/sp1.kielce.eu\/index.php\/wp-json\/wp\/v2\/posts\/25506","targetHints":{"allow":["GET"]}}],"collection":[{"href":"https:\/\/sp1.kielce.eu\/index.php\/wp-json\/wp\/v2\/posts"}],"about":[{"href":"https:\/\/sp1.kielce.eu\/index.php\/wp-json\/wp\/v2\/types\/post"}],"author":[{"embeddable":true,"href":"https:\/\/sp1.kielce.eu\/index.php\/wp-json\/wp\/v2\/users\/14"}],"replies":[{"embeddable":true,"href":"https:\/\/sp1.kielce.eu\/index.php\/wp-json\/wp\/v2\/comments?post=25506"}],"version-history":[{"count":1,"href":"https:\/\/sp1.kielce.eu\/index.php\/wp-json\/wp\/v2\/posts\/25506\/revisions"}],"predecessor-version":[{"id":25510,"href":"https:\/\/sp1.kielce.eu\/index.php\/wp-json\/wp\/v2\/posts\/25506\/revisions\/25510"}],"wp:featuredmedia":[{"embeddable":true,"href":"https:\/\/sp1.kielce.eu\/index.php\/wp-json\/wp\/v2\/media\/25509"}],"wp:attachment":[{"href":"https:\/\/sp1.kielce.eu\/index.php\/wp-json\/wp\/v2\/media?parent=25506"}],"wp:term":[{"taxonomy":"category","embeddable":true,"href":"https:\/\/sp1.kielce.eu\/index.php\/wp-json\/wp\/v2\/categories?post=25506"},{"taxonomy":"post_tag","embeddable":true,"href":"https:\/\/sp1.kielce.eu\/index.php\/wp-json\/wp\/v2\/tags?post=25506"}],"curies":[{"name":"wp","href":"https:\/\/api.w.org\/{rel}","templated":true}]}}