{"id":25501,"date":"2022-12-12T22:55:54","date_gmt":"2022-12-12T21:55:54","guid":{"rendered":"http:\/\/sp1.kielce.eu\/?p=25501"},"modified":"2022-12-12T22:55:54","modified_gmt":"2022-12-12T21:55:54","slug":"biskup-mikolaj-w-parafii-sw-jozefa","status":"publish","type":"post","link":"https:\/\/sp1.kielce.eu\/index.php\/2022\/12\/12\/biskup-mikolaj-w-parafii-sw-jozefa\/","title":{"rendered":"Biskup Miko\u0142aj w Parafii \u015aw. J\u00f3zefa"},"content":{"rendered":"\n<p>\u015awi\u0119ty Biskup Miko\u0142aj zatrzyma\u0142 si\u0119 na chwil\u0119 w&nbsp;Parafii \u015awi\u0119tego J\u00f3zefa Robotnika w&nbsp;Kielcach. Zawita\u0142 do naszej parafialnej wsp\u00f3lnoty, by obdarowa\u0107 najm\u0142odszych cukierkami. Zachwyci\u0142 si\u0119 pi\u0119knym \u015bpiewem i&nbsp;modlitw\u0105 dzieci podczas Mszy \u015awi\u0119tej. Pob\u0142ogos\u0142awi\u0142 zgromadzonych i&nbsp;\u0142askawie przyj\u0105\u0142 zaproszenie na przysz\u0142y rok.<\/p>\n\n\n\n<p>Wszystkim rodzicom i\u00a0dzieciom dzi\u0119kujemy za wsp\u00f3ln\u0105 modlitw\u0119 i\u00a0zabaw\u0119! <\/p>\n\n\n\n<p class=\"has-text-align-right\">Katecheci SP1<\/p>\n\n\n\n<figure class=\"wp-block-gallery has-nested-images columns-default is-cropped wp-block-gallery-1 is-layout-flex wp-block-gallery-is-layout-flex\">\n<figure class=\"wp-block-image size-large\"><a href=\"http:\/\/sp1.kielce.eu\/wp-content\/uploads\/2022\/12\/zdj.-2a-Copy.jpg\"><img loading=\"lazy\" decoding=\"async\" width=\"1200\" height=\"675\" data-id=\"25503\" src=\"http:\/\/sp1.kielce.eu\/wp-content\/uploads\/2022\/12\/zdj.-2a-Copy.jpg\" alt=\"\" class=\"wp-image-25503\" srcset=\"https:\/\/sp1.kielce.eu\/wp-content\/uploads\/2022\/12\/zdj.-2a-Copy.jpg 1200w, https:\/\/sp1.kielce.eu\/wp-content\/uploads\/2022\/12\/zdj.-2a-Copy-300x169.jpg 300w, https:\/\/sp1.kielce.eu\/wp-content\/uploads\/2022\/12\/zdj.-2a-Copy-768x432.jpg 768w, https:\/\/sp1.kielce.eu\/wp-content\/uploads\/2022\/12\/zdj.-2a-Copy-820x461.jpg 820w\" sizes=\"auto, (max-width: 1200px) 100vw, 1200px\" \/><\/a><\/figure>\n\n\n\n<figure class=\"wp-block-image size-large\"><a href=\"http:\/\/sp1.kielce.eu\/wp-content\/uploads\/2022\/12\/zdj.1a-Copy.jpg\"><img loading=\"lazy\" decoding=\"async\" width=\"1200\" height=\"675\" data-id=\"25502\" src=\"http:\/\/sp1.kielce.eu\/wp-content\/uploads\/2022\/12\/zdj.1a-Copy.jpg\" alt=\"\" class=\"wp-image-25502\" srcset=\"https:\/\/sp1.kielce.eu\/wp-content\/uploads\/2022\/12\/zdj.1a-Copy.jpg 1200w, https:\/\/sp1.kielce.eu\/wp-content\/uploads\/2022\/12\/zdj.1a-Copy-300x169.jpg 300w, https:\/\/sp1.kielce.eu\/wp-content\/uploads\/2022\/12\/zdj.1a-Copy-768x432.jpg 768w, https:\/\/sp1.kielce.eu\/wp-content\/uploads\/2022\/12\/zdj.1a-Copy-820x461.jpg 820w\" sizes=\"auto, (max-width: 1200px) 100vw, 1200px\" \/><\/a><\/figure>\n<\/figure>\n","protected":false},"excerpt":{"rendered":"<p>\u015awi\u0119ty Biskup Miko\u0142aj zatrzyma\u0142 si\u0119 na chwil\u0119 w&nbsp;Parafii \u015awi\u0119tego J\u00f3zefa Robotnika w&nbsp;Kielcach. Zawita\u0142 do naszej [&hellip;]<\/p>\n","protected":false},"author":14,"featured_media":25504,"comment_status":"closed","ping_status":"","sticky":false,"template":"","format":"standard","meta":{"footnotes":""},"categories":[36],"tags":[],"class_list":["post-25501","post","type-post","status-publish","format-standard","has-post-thumbnail","hentry","category-wydarzenia"],"_links":{"self":[{"href":"https:\/\/sp1.kielce.eu\/index.php\/wp-json\/wp\/v2\/posts\/25501","targetHints":{"allow":["GET"]}}],"collection":[{"href":"https:\/\/sp1.kielce.eu\/index.php\/wp-json\/wp\/v2\/posts"}],"about":[{"href":"https:\/\/sp1.kielce.eu\/index.php\/wp-json\/wp\/v2\/types\/post"}],"author":[{"embeddable":true,"href":"https:\/\/sp1.kielce.eu\/index.php\/wp-json\/wp\/v2\/users\/14"}],"replies":[{"embeddable":true,"href":"https:\/\/sp1.kielce.eu\/index.php\/wp-json\/wp\/v2\/comments?post=25501"}],"version-history":[{"count":1,"href":"https:\/\/sp1.kielce.eu\/index.php\/wp-json\/wp\/v2\/posts\/25501\/revisions"}],"predecessor-version":[{"id":25505,"href":"https:\/\/sp1.kielce.eu\/index.php\/wp-json\/wp\/v2\/posts\/25501\/revisions\/25505"}],"wp:featuredmedia":[{"embeddable":true,"href":"https:\/\/sp1.kielce.eu\/index.php\/wp-json\/wp\/v2\/media\/25504"}],"wp:attachment":[{"href":"https:\/\/sp1.kielce.eu\/index.php\/wp-json\/wp\/v2\/media?parent=25501"}],"wp:term":[{"taxonomy":"category","embeddable":true,"href":"https:\/\/sp1.kielce.eu\/index.php\/wp-json\/wp\/v2\/categories?post=25501"},{"taxonomy":"post_tag","embeddable":true,"href":"https:\/\/sp1.kielce.eu\/index.php\/wp-json\/wp\/v2\/tags?post=25501"}],"curies":[{"name":"wp","href":"https:\/\/api.w.org\/{rel}","templated":true}]}}