{"id":25455,"date":"2022-12-10T09:22:13","date_gmt":"2022-12-10T08:22:13","guid":{"rendered":"http:\/\/sp1.kielce.eu\/?p=25455"},"modified":"2022-12-10T09:22:13","modified_gmt":"2022-12-10T08:22:13","slug":"10-grudnia-miedzynarodowy-dzien-praw-czlowieka","status":"publish","type":"post","link":"https:\/\/sp1.kielce.eu\/index.php\/2022\/12\/10\/10-grudnia-miedzynarodowy-dzien-praw-czlowieka\/","title":{"rendered":"10 grudnia Mi\u0119dzynarodowy Dzie\u0144 Praw Cz\u0142owieka"},"content":{"rendered":"\n<p>Z okazji dnia Praw Cz\u0142owieka, kt\u00f3ry przypada 10 grudnia, Samorz\u0105d Uczniowski oraz pedagog szkolny i uczniowie klas \u00f3smych przygotowali kr\u00f3tk\u0105 informacj\u0119 przybli\u017caj\u0105ca to wa\u017cne dla ka\u017cdego cz\u0142owieka zagadnienie. W tym tygodniu, podczas lekcji WOS, starsi uczniowie poznawali ten temat i uznali, \u017ce warto podzieli\u0107 si\u0119 wiedz\u0105 z m\u0142odszymi kole\u017cankami i kolegami. Zapraszamy do lektury.<\/p>\n\n\n\n<p>PRAWA CZ\u0141OWIEKA<br>Prawa cz\u0142owieka to uprawnienia przys\u0142uguj\u0105ce ka\u017cdej osobie od urodzenia do \u015bmierci. Wynikaj\u0105 one z przekonania o godno\u015bci cz\u0142owieka, czyli o szczeg\u00f3lnej warto\u015bci jednostki.<br>Ju\u017c w staro\u017cytno\u015bci tworzono spisy praw ludzi. Do czas\u00f3w II wojny \u015bwiatowej prawa cz\u0142owieka i gwarancje ich przestrzegania by\u0142y wewn\u0119trzn\u0105 spraw\u0105 ka\u017cdego pa\u0144stwa. Dopiero tragiczne wydarzenia wojenne sk\u0142oni\u0142y polityk\u00f3w do uznania, \u017ce ochrona praw cz\u0142owieka nie mo\u017ce by\u0107 regulowana wy\u0142\u0105cznie przez ustawodawstwo krajowe.<br>10 grudnia 1948 r. Zgromadzenie Og\u00f3lne Organizacji Narod\u00f3w Zjednoczonych (ONZ) uchwali\u0142o Powszechn\u0105 deklaracj\u0119 praw cz\u0142owieka \u2013 pierwszy og\u00f3lno\u015bwiatowy zbi\u00f3r najwa\u017cniejszych praw i wolno\u015bci.<br>W 30 artyku\u0142ach tego dokumentu wymieniono m. in.:<\/p>\n\n\n\n<ul class=\"wp-block-list\"><li>prawo do \u017cycia,<\/li><li>prawo do wolno\u015bci i bezpiecze\u0144stwa,<\/li><li>prawo do r\u00f3wno\u015bci wobec prawa,<\/li><li>prawo do bezstronno\u015bci post\u0119powania s\u0105dowego,<\/li><li>prawo do ochrony \u017cycia prywatnego,<\/li><li>prawo do bezp\u0142atnego szkolnictwa na poziomie podstawowym,<\/li><li>prawo do pracy i godziwego wynagrodzenia,<\/li><li>prawo do wolno\u015bci s\u0142owa,<\/li><li>prawo do zgromadze\u0144 i stowarzysze\u0144,<\/li><li>prawo do w\u0142asno\u015bci.<br>Uchwalenie deklaracji rozpocz\u0119\u0142o proces budowy mi\u0119dzynarodowego systemu ochrony praw cz\u0142owieka. Sk\u0142adaj\u0105 si\u0119 na niego instytucje i dokumenty chroni\u0105ce prawa cz\u0142owieka.<br>W naszym kraju nad przestrzeganiem praw cz\u0142owieka czuwa Rzecznik Praw Obywatelskich (tel. 800 676 676) \u2013 jego g\u0142\u00f3wnym zadaniem jest interweniowanie w sytuacjach, gdy organ w\u0142adzy pa\u0144stwowej narusza prawa i wolno\u015bci obywateli lub gdy istnieje takie niebezpiecze\u0144stwo. Prawa dzieci chroni Rzecznik Praw Dziecka (tel. 800 12 12 12)<br>Has\u0142em tegorocznego Dnia Praw Cz\u0142owieka jest \u201eGodno\u015b\u0107, wolno\u015b\u0107 i sprawiedliwo\u015b\u0107 dla wszystkich\u201d.<\/li><\/ul>\n\n\n\n<p>Przygotowali: R. Kozie\u0142, B. Smag\u00f3r, P. Kozie\u0142, uczniowie klas \u00f3smych<\/p>\n","protected":false},"excerpt":{"rendered":"<p>Z okazji dnia Praw Cz\u0142owieka, kt\u00f3ry przypada 10 grudnia, Samorz\u0105d Uczniowski oraz pedagog szkolny i [&hellip;]<\/p>\n","protected":false},"author":13,"featured_media":25456,"comment_status":"closed","ping_status":"","sticky":false,"template":"","format":"standard","meta":{"footnotes":""},"categories":[36],"tags":[],"class_list":["post-25455","post","type-post","status-publish","format-standard","has-post-thumbnail","hentry","category-wydarzenia"],"_links":{"self":[{"href":"https:\/\/sp1.kielce.eu\/index.php\/wp-json\/wp\/v2\/posts\/25455","targetHints":{"allow":["GET"]}}],"collection":[{"href":"https:\/\/sp1.kielce.eu\/index.php\/wp-json\/wp\/v2\/posts"}],"about":[{"href":"https:\/\/sp1.kielce.eu\/index.php\/wp-json\/wp\/v2\/types\/post"}],"author":[{"embeddable":true,"href":"https:\/\/sp1.kielce.eu\/index.php\/wp-json\/wp\/v2\/users\/13"}],"replies":[{"embeddable":true,"href":"https:\/\/sp1.kielce.eu\/index.php\/wp-json\/wp\/v2\/comments?post=25455"}],"version-history":[{"count":1,"href":"https:\/\/sp1.kielce.eu\/index.php\/wp-json\/wp\/v2\/posts\/25455\/revisions"}],"predecessor-version":[{"id":25457,"href":"https:\/\/sp1.kielce.eu\/index.php\/wp-json\/wp\/v2\/posts\/25455\/revisions\/25457"}],"wp:featuredmedia":[{"embeddable":true,"href":"https:\/\/sp1.kielce.eu\/index.php\/wp-json\/wp\/v2\/media\/25456"}],"wp:attachment":[{"href":"https:\/\/sp1.kielce.eu\/index.php\/wp-json\/wp\/v2\/media?parent=25455"}],"wp:term":[{"taxonomy":"category","embeddable":true,"href":"https:\/\/sp1.kielce.eu\/index.php\/wp-json\/wp\/v2\/categories?post=25455"},{"taxonomy":"post_tag","embeddable":true,"href":"https:\/\/sp1.kielce.eu\/index.php\/wp-json\/wp\/v2\/tags?post=25455"}],"curies":[{"name":"wp","href":"https:\/\/api.w.org\/{rel}","templated":true}]}}