{"id":25448,"date":"2022-12-09T14:49:17","date_gmt":"2022-12-09T13:49:17","guid":{"rendered":"http:\/\/sp1.kielce.eu\/?p=25448"},"modified":"2022-12-09T14:49:17","modified_gmt":"2022-12-09T13:49:17","slug":"iii-edycja-akcji-zostan-swietym-mikolajem-2","status":"publish","type":"post","link":"https:\/\/sp1.kielce.eu\/index.php\/2022\/12\/09\/iii-edycja-akcji-zostan-swietym-mikolajem-2\/","title":{"rendered":"III edycja akcji ZOSTA\u0143 \u015aWI\u0118TYM MIKO\u0141AJEM"},"content":{"rendered":"\n<p>Kolejny raz w&nbsp;naszej szkole odby\u0142a si\u0119 zbi\u00f3rka ja\u015bk\u00f3w, kocyk\u00f3w i \u015bwi\u0105tecznych skarpet dla podopiecznych p.Natalii Pacholczyk, przebywaj\u0105cych na dzieci\u0119cym oddziale psychiatrii w&nbsp;\u015awi\u0119tokrzyskim Centrum Psychiatrii w&nbsp;Kielcach. Dzi\u0119ki naszym uczniom, rodzicom i nauczycielom SP1, 6 grudnia \u015awi\u0119ty Miko\u0142aj obdarowa\u0142 wszystkie dzieci z oddzia\u0142u pi\u0119knymi prezentami. To by\u0142 z pewno\u015bci\u0105 dzie\u0144 pe\u0142en rado\u015bci, wra\u017ce\u0144 i atrakcji.<\/p>\n\n\n\n<p>W zamian wszyscy obdarowani prezentami od \u015aw. Miko\u0142aja, na zaj\u0119ciach p.Natalii wykonali pi\u0119kne kartki \u015bwi\u0105teczne z \u017cyczeniami dla Szkolnego Ko\u0142a Wolontariatu JEDYNKA.<\/p>\n\n\n\n<p><strong>W akcji brali udzia\u0142:<\/strong><\/p>\n\n\n\n<p>Nikodem Kaszuba 1a<\/p>\n\n\n\n<p>Klasa 1b<\/p>\n\n\n\n<p>Antonina Bandura 2a<\/p>\n\n\n\n<p>Aleks Foremski 2a<\/p>\n\n\n\n<p>Wojciech Tomczyk 2a<\/p>\n\n\n\n<p>Julka Wypych 2a<\/p>\n\n\n\n<p>Hubert Kierku\u015b 2a<\/p>\n\n\n\n<p>Klasa 2b<\/p>\n\n\n\n<p>Maksim Ermolenko 2c<\/p>\n\n\n\n<p>Klasa 3a<\/p>\n\n\n\n<p>Oliwia Sieczka 3b<\/p>\n\n\n\n<p>Antek Piskorzewski 3c<\/p>\n\n\n\n<p>Klasa 3c<\/p>\n\n\n\n<p>Ma\u0142gorzata Adydan 4a<\/p>\n\n\n\n<p>Adam Gwadera 4b<\/p>\n\n\n\n<p>Klasa 4b<\/p>\n\n\n\n<p>Klasa 5b<\/p>\n\n\n\n<p>Klasa 6a<\/p>\n\n\n\n<p>Antoni Konicki 6b<\/p>\n\n\n\n<p>Piotr Kuku\u015b 7b<\/p>\n\n\n\n<p>J\u00f3zia Caraco 7b<\/p>\n\n\n\n<p>Klasa 8b<\/p>\n\n\n\n<p>Mateusz Adydan 8c<\/p>\n\n\n\n<p>Serdecznie dzi\u0119kujemy.<\/p>\n\n\n\n<p>Organizatorzy:<\/p>\n\n\n\n<p>Agnieszka Rycombel &#8211; kierownik \u015bwietlicy<\/p>\n\n\n\n<p>Beata Smag\u00f3r &#8211; pedagog szkolny<\/p>\n\n\n\n<p>Kinga Kozie\u0142 \u2013 nauczyciel edukacji wczesnoszkolnej<\/p>\n\n\n\n<figure class=\"wp-block-gallery has-nested-images columns-default is-cropped wp-block-gallery-1 is-layout-flex wp-block-gallery-is-layout-flex\">\n<figure class=\"wp-block-image size-large\"><img loading=\"lazy\" decoding=\"async\" width=\"1008\" height=\"756\" data-id=\"25451\" src=\"http:\/\/sp1.kielce.eu\/wp-content\/uploads\/2022\/12\/318092582_702082481233636_4513961778082117251_n-Copy.jpg\" alt=\"\" class=\"wp-image-25451\" srcset=\"https:\/\/sp1.kielce.eu\/wp-content\/uploads\/2022\/12\/318092582_702082481233636_4513961778082117251_n-Copy.jpg 1008w, https:\/\/sp1.kielce.eu\/wp-content\/uploads\/2022\/12\/318092582_702082481233636_4513961778082117251_n-Copy-300x225.jpg 300w, https:\/\/sp1.kielce.eu\/wp-content\/uploads\/2022\/12\/318092582_702082481233636_4513961778082117251_n-Copy-768x576.jpg 768w, https:\/\/sp1.kielce.eu\/wp-content\/uploads\/2022\/12\/318092582_702082481233636_4513961778082117251_n-Copy-820x615.jpg 820w\" sizes=\"auto, (max-width: 1008px) 100vw, 1008px\" \/><\/figure>\n\n\n\n<figure class=\"wp-block-image size-large\"><img loading=\"lazy\" decoding=\"async\" width=\"552\" height=\"756\" data-id=\"25449\" src=\"http:\/\/sp1.kielce.eu\/wp-content\/uploads\/2022\/12\/20221205_132818-Copy.jpg\" alt=\"\" class=\"wp-image-25449\" srcset=\"https:\/\/sp1.kielce.eu\/wp-content\/uploads\/2022\/12\/20221205_132818-Copy.jpg 552w, https:\/\/sp1.kielce.eu\/wp-content\/uploads\/2022\/12\/20221205_132818-Copy-219x300.jpg 219w\" sizes=\"auto, (max-width: 552px) 100vw, 552px\" \/><\/figure>\n\n\n\n<figure class=\"wp-block-image size-large\"><img loading=\"lazy\" decoding=\"async\" width=\"1008\" height=\"738\" data-id=\"25450\" src=\"http:\/\/sp1.kielce.eu\/wp-content\/uploads\/2022\/12\/20221208_131503-Copy.jpg\" alt=\"\" class=\"wp-image-25450\" srcset=\"https:\/\/sp1.kielce.eu\/wp-content\/uploads\/2022\/12\/20221208_131503-Copy.jpg 1008w, https:\/\/sp1.kielce.eu\/wp-content\/uploads\/2022\/12\/20221208_131503-Copy-300x220.jpg 300w, https:\/\/sp1.kielce.eu\/wp-content\/uploads\/2022\/12\/20221208_131503-Copy-768x562.jpg 768w, https:\/\/sp1.kielce.eu\/wp-content\/uploads\/2022\/12\/20221208_131503-Copy-820x600.jpg 820w\" sizes=\"auto, (max-width: 1008px) 100vw, 1008px\" \/><\/figure>\n<\/figure>\n","protected":false},"excerpt":{"rendered":"<p>Kolejny raz w&nbsp;naszej szkole odby\u0142a si\u0119 zbi\u00f3rka ja\u015bk\u00f3w, kocyk\u00f3w i \u015bwi\u0105tecznych skarpet dla podopiecznych p.Natalii [&hellip;]<\/p>\n","protected":false},"author":13,"featured_media":25452,"comment_status":"closed","ping_status":"","sticky":false,"template":"","format":"standard","meta":{"footnotes":""},"categories":[36,23],"tags":[],"class_list":["post-25448","post","type-post","status-publish","format-standard","has-post-thumbnail","hentry","category-wydarzenia","category-charytatywne"],"_links":{"self":[{"href":"https:\/\/sp1.kielce.eu\/index.php\/wp-json\/wp\/v2\/posts\/25448","targetHints":{"allow":["GET"]}}],"collection":[{"href":"https:\/\/sp1.kielce.eu\/index.php\/wp-json\/wp\/v2\/posts"}],"about":[{"href":"https:\/\/sp1.kielce.eu\/index.php\/wp-json\/wp\/v2\/types\/post"}],"author":[{"embeddable":true,"href":"https:\/\/sp1.kielce.eu\/index.php\/wp-json\/wp\/v2\/users\/13"}],"replies":[{"embeddable":true,"href":"https:\/\/sp1.kielce.eu\/index.php\/wp-json\/wp\/v2\/comments?post=25448"}],"version-history":[{"count":1,"href":"https:\/\/sp1.kielce.eu\/index.php\/wp-json\/wp\/v2\/posts\/25448\/revisions"}],"predecessor-version":[{"id":25453,"href":"https:\/\/sp1.kielce.eu\/index.php\/wp-json\/wp\/v2\/posts\/25448\/revisions\/25453"}],"wp:featuredmedia":[{"embeddable":true,"href":"https:\/\/sp1.kielce.eu\/index.php\/wp-json\/wp\/v2\/media\/25452"}],"wp:attachment":[{"href":"https:\/\/sp1.kielce.eu\/index.php\/wp-json\/wp\/v2\/media?parent=25448"}],"wp:term":[{"taxonomy":"category","embeddable":true,"href":"https:\/\/sp1.kielce.eu\/index.php\/wp-json\/wp\/v2\/categories?post=25448"},{"taxonomy":"post_tag","embeddable":true,"href":"https:\/\/sp1.kielce.eu\/index.php\/wp-json\/wp\/v2\/tags?post=25448"}],"curies":[{"name":"wp","href":"https:\/\/api.w.org\/{rel}","templated":true}]}}