{"id":25381,"date":"2022-12-08T17:28:13","date_gmt":"2022-12-08T16:28:13","guid":{"rendered":"http:\/\/sp1.kielce.eu\/?p=25381"},"modified":"2022-12-08T17:28:13","modified_gmt":"2022-12-08T16:28:13","slug":"mikolajki-w-2b","status":"publish","type":"post","link":"https:\/\/sp1.kielce.eu\/index.php\/2022\/12\/08\/mikolajki-w-2b\/","title":{"rendered":"Miko\u0142ajki w 2B"},"content":{"rendered":"\n<p>6 grudnia w klasie 2B\u00a0z okazji Miko\u0142ajek zorganizowane zosta\u0142y warsztaty mydlarskie, podczas kt\u00f3rych uczniowie wykonali myde\u0142ka glicerynowe.\u00a0Ka\u017cdy z uczestnik\u00f3w warsztat\u00f3w decydowa\u0142 o w\u0142asnym kszta\u0142cie, zapachu, czy kolorach myde\u0142ka.\u00a0Uczniowie zostali zapoznani z procesem powstawania myde\u0142ek. Zaj\u0119cia te by\u0142y dobr\u0105\u00a0okazj\u0105 do zdobywania wiedzy przez dzia\u0142anie, doskonalenia\u00a0 zdolno\u015bci manualnych\u00a0 i wyobra\u017ani.\u00a0<\/p>\n\n\n\n<p>Agata Szcze\u015bniak\u00a0<\/p>\n\n\n\n<p>Katarzyna Ostrowska<\/p>\n\n\n\n<figure class=\"wp-block-gallery has-nested-images columns-default is-cropped wp-block-gallery-1 is-layout-flex wp-block-gallery-is-layout-flex\">\n<figure class=\"wp-block-image size-large\"><img loading=\"lazy\" decoding=\"async\" width=\"360\" height=\"480\" data-id=\"25384\" src=\"http:\/\/sp1.kielce.eu\/wp-content\/uploads\/2022\/12\/5-Copy.jpg\" alt=\"\" class=\"wp-image-25384\" srcset=\"https:\/\/sp1.kielce.eu\/wp-content\/uploads\/2022\/12\/5-Copy.jpg 360w, https:\/\/sp1.kielce.eu\/wp-content\/uploads\/2022\/12\/5-Copy-225x300.jpg 225w\" sizes=\"auto, (max-width: 360px) 100vw, 360px\" \/><\/figure>\n\n\n\n<figure class=\"wp-block-image size-large\"><img loading=\"lazy\" decoding=\"async\" width=\"640\" height=\"480\" data-id=\"25386\" src=\"http:\/\/sp1.kielce.eu\/wp-content\/uploads\/2022\/12\/1-2-Copy.jpg\" alt=\"\" class=\"wp-image-25386\" srcset=\"https:\/\/sp1.kielce.eu\/wp-content\/uploads\/2022\/12\/1-2-Copy.jpg 640w, https:\/\/sp1.kielce.eu\/wp-content\/uploads\/2022\/12\/1-2-Copy-300x225.jpg 300w\" sizes=\"auto, (max-width: 640px) 100vw, 640px\" \/><\/figure>\n\n\n\n<figure class=\"wp-block-image size-large\"><img loading=\"lazy\" decoding=\"async\" width=\"640\" height=\"480\" data-id=\"25382\" src=\"http:\/\/sp1.kielce.eu\/wp-content\/uploads\/2022\/12\/2-2-Copy.jpg\" alt=\"\" class=\"wp-image-25382\" srcset=\"https:\/\/sp1.kielce.eu\/wp-content\/uploads\/2022\/12\/2-2-Copy.jpg 640w, https:\/\/sp1.kielce.eu\/wp-content\/uploads\/2022\/12\/2-2-Copy-300x225.jpg 300w\" sizes=\"auto, (max-width: 640px) 100vw, 640px\" \/><\/figure>\n\n\n\n<figure class=\"wp-block-image size-large\"><img loading=\"lazy\" decoding=\"async\" width=\"640\" height=\"480\" data-id=\"25385\" src=\"http:\/\/sp1.kielce.eu\/wp-content\/uploads\/2022\/12\/3-2-Copy.jpg\" alt=\"\" class=\"wp-image-25385\" srcset=\"https:\/\/sp1.kielce.eu\/wp-content\/uploads\/2022\/12\/3-2-Copy.jpg 640w, https:\/\/sp1.kielce.eu\/wp-content\/uploads\/2022\/12\/3-2-Copy-300x225.jpg 300w\" sizes=\"auto, (max-width: 640px) 100vw, 640px\" \/><\/figure>\n<\/figure>\n","protected":false},"excerpt":{"rendered":"<p>6 grudnia w klasie 2B\u00a0z okazji Miko\u0142ajek zorganizowane zosta\u0142y warsztaty mydlarskie, podczas kt\u00f3rych uczniowie wykonali [&hellip;]<\/p>\n","protected":false},"author":13,"featured_media":25387,"comment_status":"closed","ping_status":"","sticky":false,"template":"","format":"standard","meta":{"footnotes":""},"categories":[36],"tags":[],"class_list":["post-25381","post","type-post","status-publish","format-standard","has-post-thumbnail","hentry","category-wydarzenia"],"_links":{"self":[{"href":"https:\/\/sp1.kielce.eu\/index.php\/wp-json\/wp\/v2\/posts\/25381","targetHints":{"allow":["GET"]}}],"collection":[{"href":"https:\/\/sp1.kielce.eu\/index.php\/wp-json\/wp\/v2\/posts"}],"about":[{"href":"https:\/\/sp1.kielce.eu\/index.php\/wp-json\/wp\/v2\/types\/post"}],"author":[{"embeddable":true,"href":"https:\/\/sp1.kielce.eu\/index.php\/wp-json\/wp\/v2\/users\/13"}],"replies":[{"embeddable":true,"href":"https:\/\/sp1.kielce.eu\/index.php\/wp-json\/wp\/v2\/comments?post=25381"}],"version-history":[{"count":1,"href":"https:\/\/sp1.kielce.eu\/index.php\/wp-json\/wp\/v2\/posts\/25381\/revisions"}],"predecessor-version":[{"id":25392,"href":"https:\/\/sp1.kielce.eu\/index.php\/wp-json\/wp\/v2\/posts\/25381\/revisions\/25392"}],"wp:featuredmedia":[{"embeddable":true,"href":"https:\/\/sp1.kielce.eu\/index.php\/wp-json\/wp\/v2\/media\/25387"}],"wp:attachment":[{"href":"https:\/\/sp1.kielce.eu\/index.php\/wp-json\/wp\/v2\/media?parent=25381"}],"wp:term":[{"taxonomy":"category","embeddable":true,"href":"https:\/\/sp1.kielce.eu\/index.php\/wp-json\/wp\/v2\/categories?post=25381"},{"taxonomy":"post_tag","embeddable":true,"href":"https:\/\/sp1.kielce.eu\/index.php\/wp-json\/wp\/v2\/tags?post=25381"}],"curies":[{"name":"wp","href":"https:\/\/api.w.org\/{rel}","templated":true}]}}