{"id":25351,"date":"2022-12-07T15:54:04","date_gmt":"2022-12-07T14:54:04","guid":{"rendered":"http:\/\/sp1.kielce.eu\/?p=25351"},"modified":"2022-12-07T15:54:20","modified_gmt":"2022-12-07T14:54:20","slug":"seans-grupowy-klas-1a-i-1b","status":"publish","type":"post","link":"https:\/\/sp1.kielce.eu\/index.php\/2022\/12\/07\/seans-grupowy-klas-1a-i-1b\/","title":{"rendered":"Seans grupowy klas 1a i 1b"},"content":{"rendered":"\n<p>30 listopada 2022r. klasy 1a i 1b pod opiek\u0105 wychowawc\u00f3w i opiekun\u00f3w wybra\u0142y si\u0119 do kina na animowany film pt. ,,Dziwny \u015bwiat\u201d. Uczniowie wsp\u00f3lnie z g\u0142\u00f3wnymi bohaterami mogli uczestniczy\u0107 w podr\u00f3\u017cy po niezbadanej i niebezpiecznej krainie pe\u0142nej fantastycznych przyg\u00f3d i akcji.<br>Obejrzany seans z ca\u0142\u0105 pewno\u015bci\u0105 pobudzi\u0142 w uczniach wyobra\u017ani\u0119 i doda\u0142 odwagi do odkrywania nowych, nieznanych \u015bwiat\u00f3w zwracaj\u0105c uwag\u0119 na to jak wa\u017cna w \u017cyciu jest rodzina.<\/p>\n\n\n\n<p><br>Kinga Kozie\u0142 \u2013 Wychowawca klasy 1b<br>Iwona Delipacy \u2013 Nauczyciel, opiekun klasy 1a<\/p>\n\n\n\n<figure class=\"wp-block-gallery has-nested-images columns-default is-cropped wp-block-gallery-1 is-layout-flex wp-block-gallery-is-layout-flex\">\n<figure class=\"wp-block-image size-large\"><img loading=\"lazy\" decoding=\"async\" width=\"640\" height=\"480\" data-id=\"25356\" src=\"http:\/\/sp1.kielce.eu\/wp-content\/uploads\/2022\/12\/IMG_20221130_130405-Copy-1.jpg\" alt=\"\" class=\"wp-image-25356\" srcset=\"https:\/\/sp1.kielce.eu\/wp-content\/uploads\/2022\/12\/IMG_20221130_130405-Copy-1.jpg 640w, https:\/\/sp1.kielce.eu\/wp-content\/uploads\/2022\/12\/IMG_20221130_130405-Copy-1-300x225.jpg 300w\" sizes=\"auto, (max-width: 640px) 100vw, 640px\" \/><\/figure>\n\n\n\n<figure class=\"wp-block-image size-large\"><img loading=\"lazy\" decoding=\"async\" width=\"640\" height=\"480\" data-id=\"25355\" src=\"http:\/\/sp1.kielce.eu\/wp-content\/uploads\/2022\/12\/317475471_841137603673170_2756614327593101155_n-Copy-1.jpg\" alt=\"\" class=\"wp-image-25355\" srcset=\"https:\/\/sp1.kielce.eu\/wp-content\/uploads\/2022\/12\/317475471_841137603673170_2756614327593101155_n-Copy-1.jpg 640w, https:\/\/sp1.kielce.eu\/wp-content\/uploads\/2022\/12\/317475471_841137603673170_2756614327593101155_n-Copy-1-300x225.jpg 300w\" sizes=\"auto, (max-width: 640px) 100vw, 640px\" \/><\/figure>\n<\/figure>\n","protected":false},"excerpt":{"rendered":"<p>30 listopada 2022r. klasy 1a i 1b pod opiek\u0105 wychowawc\u00f3w i opiekun\u00f3w wybra\u0142y si\u0119 do [&hellip;]<\/p>\n","protected":false},"author":13,"featured_media":25352,"comment_status":"closed","ping_status":"","sticky":false,"template":"","format":"standard","meta":{"footnotes":""},"categories":[36],"tags":[],"class_list":["post-25351","post","type-post","status-publish","format-standard","has-post-thumbnail","hentry","category-wydarzenia"],"_links":{"self":[{"href":"https:\/\/sp1.kielce.eu\/index.php\/wp-json\/wp\/v2\/posts\/25351","targetHints":{"allow":["GET"]}}],"collection":[{"href":"https:\/\/sp1.kielce.eu\/index.php\/wp-json\/wp\/v2\/posts"}],"about":[{"href":"https:\/\/sp1.kielce.eu\/index.php\/wp-json\/wp\/v2\/types\/post"}],"author":[{"embeddable":true,"href":"https:\/\/sp1.kielce.eu\/index.php\/wp-json\/wp\/v2\/users\/13"}],"replies":[{"embeddable":true,"href":"https:\/\/sp1.kielce.eu\/index.php\/wp-json\/wp\/v2\/comments?post=25351"}],"version-history":[{"count":2,"href":"https:\/\/sp1.kielce.eu\/index.php\/wp-json\/wp\/v2\/posts\/25351\/revisions"}],"predecessor-version":[{"id":25358,"href":"https:\/\/sp1.kielce.eu\/index.php\/wp-json\/wp\/v2\/posts\/25351\/revisions\/25358"}],"wp:featuredmedia":[{"embeddable":true,"href":"https:\/\/sp1.kielce.eu\/index.php\/wp-json\/wp\/v2\/media\/25352"}],"wp:attachment":[{"href":"https:\/\/sp1.kielce.eu\/index.php\/wp-json\/wp\/v2\/media?parent=25351"}],"wp:term":[{"taxonomy":"category","embeddable":true,"href":"https:\/\/sp1.kielce.eu\/index.php\/wp-json\/wp\/v2\/categories?post=25351"},{"taxonomy":"post_tag","embeddable":true,"href":"https:\/\/sp1.kielce.eu\/index.php\/wp-json\/wp\/v2\/tags?post=25351"}],"curies":[{"name":"wp","href":"https:\/\/api.w.org\/{rel}","templated":true}]}}