{"id":25291,"date":"2022-12-05T21:29:09","date_gmt":"2022-12-05T20:29:09","guid":{"rendered":"http:\/\/sp1.kielce.eu\/?p=25291"},"modified":"2022-12-05T21:29:09","modified_gmt":"2022-12-05T20:29:09","slug":"ulica-staszica-warsztaty-z-pracownikiem-swietlicy-4-katy","status":"publish","type":"post","link":"https:\/\/sp1.kielce.eu\/index.php\/2022\/12\/05\/ulica-staszica-warsztaty-z-pracownikiem-swietlicy-4-katy\/","title":{"rendered":"\u201e<strong>ULICA STASZICA\u201d \u2013 warsztaty z pracownikiem \u015awietlicy \u201e4 K\u0105ty\u201d<\/strong>"},"content":{"rendered":"\n<p>Ka\u017cdego roku nasi uczniowie staraj\u0105 si\u0119 odkrywa\u0107 \u015blady Stanis\u0142awa Staszica na terenie miasta. Patron Szko\u0142y Podstawowej nr 1 zwi\u0105zany by\u0142 z Kielcami przez wiele lat, dlatego miejsca zwi\u0105zane z pami\u0119ci\u0105 o nim znajdujemy bez trudu.<\/p>\n\n\n\n<p>Dzi\u0119ki Pani Agacie Szrek, kt\u00f3ra na co dzie\u0144 pracuje w \u015awietlicy \u015arodowiskowej dla Dzieci i M\u0142odzie\u017cy \u201e4 K\u0105ty\u201d Filia nr 3, odbyli\u015bmy wirtualny spacer po ulicy Ksi\u0119dza Stanis\u0142awa Staszica.<\/p>\n\n\n\n<p>Pani Agata zwr\u00f3ci\u0142a uwag\u0119 uczni\u00f3w klasy 3a na urokliwy kontrast szaro\u015bci ulicznej, granitowej kostki z kolorami jesiennych li\u015bci i kwiat\u00f3w. Wyja\u015bni\u0142a dzieciom zagadnienie perspektywy zbie\u017cnej. Perspektywa to spos\u00f3b ukazania g\u0142\u0119bi na p\u0142aszczy\u017anie, wra\u017cenie, iluzja tr\u00f3jwymiarowo\u015bci w obrazie. Warsztaty plastyczne prowadzone przez Pani\u0105 Agat\u0119 sta\u0142y si\u0119 okazj\u0105 do przypomnienia postaci i osi\u0105gni\u0119\u0107 Stanis\u0142awa Staszica, kt\u00f3ry nadzorowa\u0142 produkcj\u0119 kopal\u0144 i hut, budow\u0119 dr\u00f3g i trakt\u00f3w, organizowa\u0142 wystawy r\u0119kodzie\u0142 i przemys\u0142u.<\/p>\n\n\n\n<p><a><\/a> Trzecioklasi\u015bci podzi\u0119kowali Pani Agacie za wszystkie inspiracje, za przenoszenie nas w \u015bwiat historii i sztuki oraz zaprosili Drogiego Go\u015bcia na kolejne spotkanie! Organizatorkami warsztat\u00f3w, kt\u00f3re odby\u0142y si\u0119 w ramach realizacji innowacji pedagogicznej \u201eJedynkowe pejza\u017ce pi\u00f3rem i p\u0119dzlem malowane\u201d by\u0142a p. Iwona Ko\u015bcielecka oraz s. Faustyna Czajkowska.<\/p>\n\n\n\n<p><em>Iwona Ko\u015bcielecka, s. Faustyna Czajkowska<\/em><\/p>\n\n\n\n<figure class=\"wp-block-gallery has-nested-images columns-default is-cropped wp-block-gallery-1 is-layout-flex wp-block-gallery-is-layout-flex\">\n<figure class=\"wp-block-image size-large\"><img loading=\"lazy\" decoding=\"async\" width=\"640\" height=\"360\" data-id=\"25292\" src=\"http:\/\/sp1.kielce.eu\/wp-content\/uploads\/2022\/12\/ulica-Staszica-2-Copy.jpg\" alt=\"\" class=\"wp-image-25292\" srcset=\"https:\/\/sp1.kielce.eu\/wp-content\/uploads\/2022\/12\/ulica-Staszica-2-Copy.jpg 640w, https:\/\/sp1.kielce.eu\/wp-content\/uploads\/2022\/12\/ulica-Staszica-2-Copy-300x169.jpg 300w\" sizes=\"auto, (max-width: 640px) 100vw, 640px\" \/><\/figure>\n<\/figure>\n\n\n\n<figure class=\"wp-block-gallery has-nested-images columns-default is-cropped wp-block-gallery-2 is-layout-flex wp-block-gallery-is-layout-flex\">\n<figure class=\"wp-block-image size-large\"><img loading=\"lazy\" decoding=\"async\" width=\"640\" height=\"360\" data-id=\"25293\" src=\"http:\/\/sp1.kielce.eu\/wp-content\/uploads\/2022\/12\/ulica-Staszica-3-Copy.jpg\" alt=\"\" class=\"wp-image-25293\" srcset=\"https:\/\/sp1.kielce.eu\/wp-content\/uploads\/2022\/12\/ulica-Staszica-3-Copy.jpg 640w, https:\/\/sp1.kielce.eu\/wp-content\/uploads\/2022\/12\/ulica-Staszica-3-Copy-300x169.jpg 300w\" sizes=\"auto, (max-width: 640px) 100vw, 640px\" \/><\/figure>\n<\/figure>\n","protected":false},"excerpt":{"rendered":"<p>Ka\u017cdego roku nasi uczniowie staraj\u0105 si\u0119 odkrywa\u0107 \u015blady Stanis\u0142awa Staszica na terenie miasta. Patron Szko\u0142y [&hellip;]<\/p>\n","protected":false},"author":13,"featured_media":25294,"comment_status":"closed","ping_status":"","sticky":false,"template":"","format":"standard","meta":{"footnotes":""},"categories":[36],"tags":[],"class_list":["post-25291","post","type-post","status-publish","format-standard","has-post-thumbnail","hentry","category-wydarzenia"],"_links":{"self":[{"href":"https:\/\/sp1.kielce.eu\/index.php\/wp-json\/wp\/v2\/posts\/25291","targetHints":{"allow":["GET"]}}],"collection":[{"href":"https:\/\/sp1.kielce.eu\/index.php\/wp-json\/wp\/v2\/posts"}],"about":[{"href":"https:\/\/sp1.kielce.eu\/index.php\/wp-json\/wp\/v2\/types\/post"}],"author":[{"embeddable":true,"href":"https:\/\/sp1.kielce.eu\/index.php\/wp-json\/wp\/v2\/users\/13"}],"replies":[{"embeddable":true,"href":"https:\/\/sp1.kielce.eu\/index.php\/wp-json\/wp\/v2\/comments?post=25291"}],"version-history":[{"count":1,"href":"https:\/\/sp1.kielce.eu\/index.php\/wp-json\/wp\/v2\/posts\/25291\/revisions"}],"predecessor-version":[{"id":25295,"href":"https:\/\/sp1.kielce.eu\/index.php\/wp-json\/wp\/v2\/posts\/25291\/revisions\/25295"}],"wp:featuredmedia":[{"embeddable":true,"href":"https:\/\/sp1.kielce.eu\/index.php\/wp-json\/wp\/v2\/media\/25294"}],"wp:attachment":[{"href":"https:\/\/sp1.kielce.eu\/index.php\/wp-json\/wp\/v2\/media?parent=25291"}],"wp:term":[{"taxonomy":"category","embeddable":true,"href":"https:\/\/sp1.kielce.eu\/index.php\/wp-json\/wp\/v2\/categories?post=25291"},{"taxonomy":"post_tag","embeddable":true,"href":"https:\/\/sp1.kielce.eu\/index.php\/wp-json\/wp\/v2\/tags?post=25291"}],"curies":[{"name":"wp","href":"https:\/\/api.w.org\/{rel}","templated":true}]}}