{"id":25159,"date":"2022-11-30T08:18:20","date_gmt":"2022-11-30T07:18:20","guid":{"rendered":"http:\/\/sp1.kielce.eu\/?p=25159"},"modified":"2022-11-30T08:18:20","modified_gmt":"2022-11-30T07:18:20","slug":"plecak-dla-bezdomnego-podziekowanie","status":"publish","type":"post","link":"https:\/\/sp1.kielce.eu\/index.php\/2022\/11\/30\/plecak-dla-bezdomnego-podziekowanie\/","title":{"rendered":"\u201ePlecak dla bezdomnego\u201d \u2013 PODZI\u0118KOWANIE!"},"content":{"rendered":"\n<p><strong>Bardzo dzi\u0119kujemy<\/strong> wszystkim za tak pi\u0119kne zaanga\u017cowanie si\u0119 w tegoroczn\u0105 \u015bwi\u0105teczn\u0105 pomoc osobom bezdomnym, <strong>w akcj\u0119 charytatywn\u0105 \u201e<em>Plecak dla bezdomnego<\/em>\u201d.<\/strong><\/p>\n\n\n\n<p>Z naszej parafii \u015bw. J\u00f3zefa (wi\u0119ksza ilo\u015bci od ksi\u0119\u017cy) i w spo\u0142eczno\u015bci szkolnej <strong>zebrali\u015bmy 31 gotowych plecak\u00f3w, czyli wyposa\u017conych w&nbsp; niezb\u0119dne rzeczy pierwszej <\/strong>potrzeby zakupione wed\u0142ug zaproponowanej przez Caritas Kielce, li\u015bcie rzeczy (lista na plakacie)<\/p>\n\n\n\n<p>Dzi\u0119kujemy ca\u0142ej spo\u0142eczno\u015b\u0107 naszej Szko\u0142y, dzieciom, poszczeg\u00f3lnym klasom naszej Szko\u0142y, ich rodzicom i wszystkim sympatykom \u201eJedynki\u201d <strong>za niema\u0142y dar serca, czasu i \u015brodk\u00f3w pieni\u0119\u017cnych dla bezdomnych, aby z \u201eplecakiem, ich ma\u0142ym domem\u201d mog\u0142o im si\u0119 lepiej \u017cy\u0107, w ich trudem losie, niekoniecznie zawinionym przez nich samych. <\/strong>Dzi\u0119kujemy za tak szlachetn\u0105 i \u017cyczliw\u0105 postaw\u0119 bezinteresowno\u015bci wobec bezdomnych, od kt\u00f3rych przecie\u017c nie spodziewamy si\u0119 odwzajemnienia, czy wielkich podzi\u0119kowa\u0144. <strong>&nbsp;<\/strong><\/p>\n\n\n\n<p><strong>Wszystkie zebrane plecaki<\/strong> w szkole i na parafii <strong>zosta\u0142y przekazane przez naszych drogich Wolontariuszy do Diecezjalnego Centrum Wolontariatu<\/strong> (ul. Ma\u0142a 17\/3) \u2013 <strong>stamt\u0105d zostan\u0105 dostarczone do konkretnych bezdomnych.<\/strong><\/p>\n\n\n\n<p><strong>Dzi\u0119kujemy za ka\u017cdy przygotowany plecak dla bezdomnego<\/strong>!<\/p>\n\n\n\n<p><strong>B\u00d3G ZAP\u0141A\u0106!<\/strong><\/p>\n\n\n\n<p>Szkolne Ko\u0142o Wolontariatu \u201eJEDYNKA\u201d<\/p>\n\n\n\n<p>ks. Konrad Walerczak,<\/p>\n\n\n\n<p>p. Agnieszka Rycombel, p. El\u017cbieta Litwinek, p. Agnieszka M\u0142ynarczyk<\/p>\n\n\n\n<p>Wychowawcy klas I-VIII<\/p>\n\n\n\n<figure class=\"wp-block-gallery has-nested-images columns-default is-cropped wp-block-gallery-1 is-layout-flex wp-block-gallery-is-layout-flex\">\n<figure class=\"wp-block-image size-large\"><a href=\"http:\/\/sp1.kielce.eu\/wp-content\/uploads\/2022\/11\/20221107-125506-rotated.jpg\"><img loading=\"lazy\" decoding=\"async\" width=\"675\" height=\"900\" data-id=\"25160\" src=\"http:\/\/sp1.kielce.eu\/wp-content\/uploads\/2022\/11\/20221107-125506-675x900.jpg\" alt=\"\" class=\"wp-image-25160\" srcset=\"https:\/\/sp1.kielce.eu\/wp-content\/uploads\/2022\/11\/20221107-125506-675x900.jpg 675w, https:\/\/sp1.kielce.eu\/wp-content\/uploads\/2022\/11\/20221107-125506-225x300.jpg 225w, https:\/\/sp1.kielce.eu\/wp-content\/uploads\/2022\/11\/20221107-125506-rotated.jpg 756w\" sizes=\"auto, (max-width: 675px) 100vw, 675px\" \/><\/a><\/figure>\n\n\n\n<figure class=\"wp-block-image size-large\"><a href=\"http:\/\/sp1.kielce.eu\/wp-content\/uploads\/2022\/11\/20221107-125516-rotated.jpg\"><img loading=\"lazy\" decoding=\"async\" width=\"675\" height=\"900\" data-id=\"25161\" src=\"http:\/\/sp1.kielce.eu\/wp-content\/uploads\/2022\/11\/20221107-125516-675x900.jpg\" alt=\"\" class=\"wp-image-25161\" srcset=\"https:\/\/sp1.kielce.eu\/wp-content\/uploads\/2022\/11\/20221107-125516-675x900.jpg 675w, https:\/\/sp1.kielce.eu\/wp-content\/uploads\/2022\/11\/20221107-125516-225x300.jpg 225w, https:\/\/sp1.kielce.eu\/wp-content\/uploads\/2022\/11\/20221107-125516-rotated.jpg 756w\" sizes=\"auto, (max-width: 675px) 100vw, 675px\" \/><\/a><\/figure>\n\n\n\n<figure class=\"wp-block-image size-large\"><a href=\"http:\/\/sp1.kielce.eu\/wp-content\/uploads\/2022\/11\/20221107-131510-rotated.jpg\"><img loading=\"lazy\" decoding=\"async\" width=\"675\" height=\"900\" data-id=\"25164\" src=\"http:\/\/sp1.kielce.eu\/wp-content\/uploads\/2022\/11\/20221107-131510-675x900.jpg\" alt=\"\" class=\"wp-image-25164\" srcset=\"https:\/\/sp1.kielce.eu\/wp-content\/uploads\/2022\/11\/20221107-131510-675x900.jpg 675w, https:\/\/sp1.kielce.eu\/wp-content\/uploads\/2022\/11\/20221107-131510-225x300.jpg 225w, https:\/\/sp1.kielce.eu\/wp-content\/uploads\/2022\/11\/20221107-131510-rotated.jpg 756w\" sizes=\"auto, (max-width: 675px) 100vw, 675px\" \/><\/a><\/figure>\n\n\n\n<figure class=\"wp-block-image size-large\"><a href=\"http:\/\/sp1.kielce.eu\/wp-content\/uploads\/2022\/11\/20221107-131538-rotated.jpg\"><img loading=\"lazy\" decoding=\"async\" width=\"675\" height=\"900\" data-id=\"25163\" src=\"http:\/\/sp1.kielce.eu\/wp-content\/uploads\/2022\/11\/20221107-131538-675x900.jpg\" alt=\"\" class=\"wp-image-25163\" srcset=\"https:\/\/sp1.kielce.eu\/wp-content\/uploads\/2022\/11\/20221107-131538-675x900.jpg 675w, https:\/\/sp1.kielce.eu\/wp-content\/uploads\/2022\/11\/20221107-131538-225x300.jpg 225w, https:\/\/sp1.kielce.eu\/wp-content\/uploads\/2022\/11\/20221107-131538-rotated.jpg 756w\" sizes=\"auto, (max-width: 675px) 100vw, 675px\" \/><\/a><\/figure>\n\n\n\n<figure class=\"wp-block-image size-large\"><a href=\"http:\/\/sp1.kielce.eu\/wp-content\/uploads\/2022\/11\/20221107-131633-0-rotated.jpg\"><img loading=\"lazy\" decoding=\"async\" width=\"675\" height=\"900\" data-id=\"25165\" src=\"http:\/\/sp1.kielce.eu\/wp-content\/uploads\/2022\/11\/20221107-131633-0-675x900.jpg\" alt=\"\" class=\"wp-image-25165\" srcset=\"https:\/\/sp1.kielce.eu\/wp-content\/uploads\/2022\/11\/20221107-131633-0-675x900.jpg 675w, https:\/\/sp1.kielce.eu\/wp-content\/uploads\/2022\/11\/20221107-131633-0-225x300.jpg 225w, https:\/\/sp1.kielce.eu\/wp-content\/uploads\/2022\/11\/20221107-131633-0-rotated.jpg 756w\" sizes=\"auto, (max-width: 675px) 100vw, 675px\" \/><\/a><\/figure>\n\n\n\n<figure class=\"wp-block-image size-large\"><a href=\"http:\/\/sp1.kielce.eu\/wp-content\/uploads\/2022\/11\/20221110-101003-rotated.jpg\"><img loading=\"lazy\" decoding=\"async\" width=\"675\" height=\"900\" data-id=\"25162\" src=\"http:\/\/sp1.kielce.eu\/wp-content\/uploads\/2022\/11\/20221110-101003-675x900.jpg\" alt=\"\" class=\"wp-image-25162\" srcset=\"https:\/\/sp1.kielce.eu\/wp-content\/uploads\/2022\/11\/20221110-101003-675x900.jpg 675w, https:\/\/sp1.kielce.eu\/wp-content\/uploads\/2022\/11\/20221110-101003-225x300.jpg 225w, https:\/\/sp1.kielce.eu\/wp-content\/uploads\/2022\/11\/20221110-101003-rotated.jpg 756w\" sizes=\"auto, (max-width: 675px) 100vw, 675px\" \/><\/a><\/figure>\n\n\n\n<figure class=\"wp-block-image size-large\"><a href=\"http:\/\/sp1.kielce.eu\/wp-content\/uploads\/2022\/11\/20221114-131409-rotated.jpg\"><img loading=\"lazy\" decoding=\"async\" width=\"675\" height=\"900\" data-id=\"25166\" src=\"http:\/\/sp1.kielce.eu\/wp-content\/uploads\/2022\/11\/20221114-131409-675x900.jpg\" alt=\"\" class=\"wp-image-25166\" srcset=\"https:\/\/sp1.kielce.eu\/wp-content\/uploads\/2022\/11\/20221114-131409-675x900.jpg 675w, https:\/\/sp1.kielce.eu\/wp-content\/uploads\/2022\/11\/20221114-131409-225x300.jpg 225w, https:\/\/sp1.kielce.eu\/wp-content\/uploads\/2022\/11\/20221114-131409-rotated.jpg 756w\" sizes=\"auto, (max-width: 675px) 100vw, 675px\" \/><\/a><\/figure>\n\n\n\n<figure class=\"wp-block-image size-large\"><a href=\"http:\/\/sp1.kielce.eu\/wp-content\/uploads\/2022\/11\/20221115-102717.jpg\"><img loading=\"lazy\" decoding=\"async\" width=\"1008\" height=\"756\" data-id=\"25167\" src=\"http:\/\/sp1.kielce.eu\/wp-content\/uploads\/2022\/11\/20221115-102717.jpg\" alt=\"\" class=\"wp-image-25167\" srcset=\"https:\/\/sp1.kielce.eu\/wp-content\/uploads\/2022\/11\/20221115-102717.jpg 1008w, https:\/\/sp1.kielce.eu\/wp-content\/uploads\/2022\/11\/20221115-102717-300x225.jpg 300w, https:\/\/sp1.kielce.eu\/wp-content\/uploads\/2022\/11\/20221115-102717-768x576.jpg 768w, https:\/\/sp1.kielce.eu\/wp-content\/uploads\/2022\/11\/20221115-102717-820x615.jpg 820w\" sizes=\"auto, (max-width: 1008px) 100vw, 1008px\" \/><\/a><\/figure>\n\n\n\n<figure class=\"wp-block-image size-large\"><a href=\"http:\/\/sp1.kielce.eu\/wp-content\/uploads\/2022\/11\/20221115-103418.jpg\"><img loading=\"lazy\" decoding=\"async\" width=\"1008\" height=\"756\" data-id=\"25168\" src=\"http:\/\/sp1.kielce.eu\/wp-content\/uploads\/2022\/11\/20221115-103418.jpg\" alt=\"\" class=\"wp-image-25168\" srcset=\"https:\/\/sp1.kielce.eu\/wp-content\/uploads\/2022\/11\/20221115-103418.jpg 1008w, https:\/\/sp1.kielce.eu\/wp-content\/uploads\/2022\/11\/20221115-103418-300x225.jpg 300w, https:\/\/sp1.kielce.eu\/wp-content\/uploads\/2022\/11\/20221115-103418-768x576.jpg 768w, https:\/\/sp1.kielce.eu\/wp-content\/uploads\/2022\/11\/20221115-103418-820x615.jpg 820w\" sizes=\"auto, (max-width: 1008px) 100vw, 1008px\" \/><\/a><\/figure>\n\n\n\n<figure class=\"wp-block-image size-large\"><a href=\"http:\/\/sp1.kielce.eu\/wp-content\/uploads\/2022\/11\/20221123-112702.jpg\"><img loading=\"lazy\" decoding=\"async\" width=\"1008\" height=\"756\" data-id=\"25170\" src=\"http:\/\/sp1.kielce.eu\/wp-content\/uploads\/2022\/11\/20221123-112702.jpg\" alt=\"\" class=\"wp-image-25170\" srcset=\"https:\/\/sp1.kielce.eu\/wp-content\/uploads\/2022\/11\/20221123-112702.jpg 1008w, https:\/\/sp1.kielce.eu\/wp-content\/uploads\/2022\/11\/20221123-112702-300x225.jpg 300w, https:\/\/sp1.kielce.eu\/wp-content\/uploads\/2022\/11\/20221123-112702-768x576.jpg 768w, https:\/\/sp1.kielce.eu\/wp-content\/uploads\/2022\/11\/20221123-112702-820x615.jpg 820w\" sizes=\"auto, (max-width: 1008px) 100vw, 1008px\" \/><\/a><\/figure>\n\n\n\n<figure class=\"wp-block-image size-large\"><a href=\"http:\/\/sp1.kielce.eu\/wp-content\/uploads\/2022\/11\/Zdj\u00a6Ocie-tytueowe.-20221123-112722.jpg\"><img loading=\"lazy\" decoding=\"async\" width=\"1008\" height=\"756\" data-id=\"25169\" src=\"http:\/\/sp1.kielce.eu\/wp-content\/uploads\/2022\/11\/Zdj\u00a6Ocie-tytueowe.-20221123-112722.jpg\" alt=\"\" class=\"wp-image-25169\" srcset=\"https:\/\/sp1.kielce.eu\/wp-content\/uploads\/2022\/11\/Zdj\u00a6Ocie-tytueowe.-20221123-112722.jpg 1008w, https:\/\/sp1.kielce.eu\/wp-content\/uploads\/2022\/11\/Zdj\u00a6Ocie-tytueowe.-20221123-112722-300x225.jpg 300w, https:\/\/sp1.kielce.eu\/wp-content\/uploads\/2022\/11\/Zdj\u00a6Ocie-tytueowe.-20221123-112722-768x576.jpg 768w, https:\/\/sp1.kielce.eu\/wp-content\/uploads\/2022\/11\/Zdj\u00a6Ocie-tytueowe.-20221123-112722-820x615.jpg 820w\" sizes=\"auto, (max-width: 1008px) 100vw, 1008px\" \/><\/a><\/figure>\n<\/figure>\n","protected":false},"excerpt":{"rendered":"<p>Bardzo dzi\u0119kujemy wszystkim za tak pi\u0119kne zaanga\u017cowanie si\u0119 w tegoroczn\u0105 \u015bwi\u0105teczn\u0105 pomoc osobom bezdomnym, w [&hellip;]<\/p>\n","protected":false},"author":5,"featured_media":25169,"comment_status":"closed","ping_status":"","sticky":false,"template":"","format":"standard","meta":{"footnotes":""},"categories":[36,163],"tags":[],"class_list":["post-25159","post","type-post","status-publish","format-standard","has-post-thumbnail","hentry","category-wydarzenia","category-skw"],"_links":{"self":[{"href":"https:\/\/sp1.kielce.eu\/index.php\/wp-json\/wp\/v2\/posts\/25159","targetHints":{"allow":["GET"]}}],"collection":[{"href":"https:\/\/sp1.kielce.eu\/index.php\/wp-json\/wp\/v2\/posts"}],"about":[{"href":"https:\/\/sp1.kielce.eu\/index.php\/wp-json\/wp\/v2\/types\/post"}],"author":[{"embeddable":true,"href":"https:\/\/sp1.kielce.eu\/index.php\/wp-json\/wp\/v2\/users\/5"}],"replies":[{"embeddable":true,"href":"https:\/\/sp1.kielce.eu\/index.php\/wp-json\/wp\/v2\/comments?post=25159"}],"version-history":[{"count":1,"href":"https:\/\/sp1.kielce.eu\/index.php\/wp-json\/wp\/v2\/posts\/25159\/revisions"}],"predecessor-version":[{"id":25171,"href":"https:\/\/sp1.kielce.eu\/index.php\/wp-json\/wp\/v2\/posts\/25159\/revisions\/25171"}],"wp:featuredmedia":[{"embeddable":true,"href":"https:\/\/sp1.kielce.eu\/index.php\/wp-json\/wp\/v2\/media\/25169"}],"wp:attachment":[{"href":"https:\/\/sp1.kielce.eu\/index.php\/wp-json\/wp\/v2\/media?parent=25159"}],"wp:term":[{"taxonomy":"category","embeddable":true,"href":"https:\/\/sp1.kielce.eu\/index.php\/wp-json\/wp\/v2\/categories?post=25159"},{"taxonomy":"post_tag","embeddable":true,"href":"https:\/\/sp1.kielce.eu\/index.php\/wp-json\/wp\/v2\/tags?post=25159"}],"curies":[{"name":"wp","href":"https:\/\/api.w.org\/{rel}","templated":true}]}}