{"id":25155,"date":"2022-11-30T08:11:24","date_gmt":"2022-11-30T07:11:24","guid":{"rendered":"http:\/\/sp1.kielce.eu\/?p=25155"},"modified":"2022-11-30T08:11:24","modified_gmt":"2022-11-30T07:11:24","slug":"ida-swieta-wiec-pisze","status":"publish","type":"post","link":"https:\/\/sp1.kielce.eu\/index.php\/2022\/11\/30\/ida-swieta-wiec-pisze\/","title":{"rendered":"\u201eId\u0105 \u015awi\u0119ta, wi\u0119c pisz\u0119 \u2026\u201d"},"content":{"rendered":"\n<p>Id\u0105 \u015awi\u0119ta Bo\u017cego Narodzenia, wi\u0119c i my piszemy &#8230; <strong>Chcemy co\u015b wa\u017cnego napisa\u0107 do Pacjent\u00f3w Hospicjum i Zak\u0142adu Opieku\u0144czo-Leczniczego w Kielcach<\/strong>. W ten spos\u00f3b chcemy pokaza\u0107, \u017ce pami\u0119tamy o ludziach chorych ci\u0119\u017cko. I cho\u0107 nie mo\u017cemy nikomu przed\u0142u\u017cy\u0107 \u017cycia, mo\u017cemy tym dniom, tych \u015awi\u0119tom Narodzenia Pa\u0144skiego, kt\u00f3re b\u0119dzie nam i im dane prze\u017cy\u0107, doda\u0107 wi\u0119cej \u017cycia, mi\u0142o\u015bci, \u017cyczliwo\u015bci, dobrego, radosnego, pe\u0142nego nadziei s\u0142owa, <strong>w formie ma\u0142ego listu z dobrymi tre\u015bciami<\/strong>.<\/p>\n\n\n\n<p>Jako spo\u0142eczno\u015b\u0107 szkolna \u201eJedynki\u201d <strong>zaproszeni jeste\u015bmy przez Wolontariat Hospicyjny Caritas Kielce<\/strong> do podj\u0119cia nieco trudniejszego wyzwania napisania kr\u00f3tkiego listu z dobr\u0105 tre\u015bci\u0105.<\/p>\n\n\n\n<p>Tak, wi\u0119c do pisania \u2026.. Powodzenia!<\/p>\n\n\n\n<p>Co i jak trzeba napisa\u0107?<\/p>\n\n\n\n<p>Wszystko zosta\u0142o podpowiedziane <strong>na plakatach akcji \u201eId\u0105 \u015bwi\u0119ta, wi\u0119c pisz\u0119 \u2026\u201d.<\/strong><\/p>\n\n\n\n<p><strong>Dzi\u0119kujemy z g\u00f3ry z podj\u0119ty trud napisania ma\u0142ego listu (list\u00f3w) osobi\u015bcie, rodzinnie, grupowo, czy klasowo!<\/strong><\/p>\n\n\n\n<p>ks. Konrad Walerczak,<\/p>\n\n\n\n<p>p. Agnieszka Rycombel, p. El\u017cbieta Litwinek, p. Agnieszka M\u0142ynarczyk,<\/p>\n\n\n\n<p>Wychowawcy klas I-VIII\u00a0<\/p>\n\n\n\n<p><\/p>\n\n\n\n<figure class=\"wp-block-gallery has-nested-images columns-default is-cropped wp-block-gallery-1 is-layout-flex wp-block-gallery-is-layout-flex\">\n<figure class=\"wp-block-image size-large\"><a href=\"http:\/\/sp1.kielce.eu\/wp-content\/uploads\/2022\/11\/Id\u00a6u-Uwi\u00a6Ota-wi\u00a6Oc-pisz\u00a6O...-wskaz-wki-.jpg\"><img loading=\"lazy\" decoding=\"async\" width=\"636\" height=\"900\" data-id=\"25157\" src=\"http:\/\/sp1.kielce.eu\/wp-content\/uploads\/2022\/11\/Id\u00a6u-Uwi\u00a6Ota-wi\u00a6Oc-pisz\u00a6O...-wskaz-wki--636x900.jpg\" alt=\"\" class=\"wp-image-25157\" srcset=\"https:\/\/sp1.kielce.eu\/wp-content\/uploads\/2022\/11\/Id\u00a6u-Uwi\u00a6Ota-wi\u00a6Oc-pisz\u00a6O...-wskaz-wki--636x900.jpg 636w, https:\/\/sp1.kielce.eu\/wp-content\/uploads\/2022\/11\/Id\u00a6u-Uwi\u00a6Ota-wi\u00a6Oc-pisz\u00a6O...-wskaz-wki--212x300.jpg 212w, https:\/\/sp1.kielce.eu\/wp-content\/uploads\/2022\/11\/Id\u00a6u-Uwi\u00a6Ota-wi\u00a6Oc-pisz\u00a6O...-wskaz-wki--768x1086.jpg 768w, https:\/\/sp1.kielce.eu\/wp-content\/uploads\/2022\/11\/Id\u00a6u-Uwi\u00a6Ota-wi\u00a6Oc-pisz\u00a6O...-wskaz-wki--1086x1536.jpg 1086w, https:\/\/sp1.kielce.eu\/wp-content\/uploads\/2022\/11\/Id\u00a6u-Uwi\u00a6Ota-wi\u00a6Oc-pisz\u00a6O...-wskaz-wki--820x1160.jpg 820w, https:\/\/sp1.kielce.eu\/wp-content\/uploads\/2022\/11\/Id\u00a6u-Uwi\u00a6Ota-wi\u00a6Oc-pisz\u00a6O...-wskaz-wki-.jpg 1414w\" sizes=\"auto, (max-width: 636px) 100vw, 636px\" \/><\/a><\/figure>\n\n\n\n<figure class=\"wp-block-image size-large\"><a href=\"http:\/\/sp1.kielce.eu\/wp-content\/uploads\/2022\/11\/Zdj\u00a6Ocie-tytueowe.-Id\u00a6u-Uwi\u00a6Ota-wi\u00a6Oc-pisz\u00a6O...-plakat.jpg\"><img loading=\"lazy\" decoding=\"async\" width=\"636\" height=\"900\" data-id=\"25156\" src=\"http:\/\/sp1.kielce.eu\/wp-content\/uploads\/2022\/11\/Zdj\u00a6Ocie-tytueowe.-Id\u00a6u-Uwi\u00a6Ota-wi\u00a6Oc-pisz\u00a6O...-plakat-636x900.jpg\" alt=\"\" class=\"wp-image-25156\" srcset=\"https:\/\/sp1.kielce.eu\/wp-content\/uploads\/2022\/11\/Zdj\u00a6Ocie-tytueowe.-Id\u00a6u-Uwi\u00a6Ota-wi\u00a6Oc-pisz\u00a6O...-plakat-636x900.jpg 636w, https:\/\/sp1.kielce.eu\/wp-content\/uploads\/2022\/11\/Zdj\u00a6Ocie-tytueowe.-Id\u00a6u-Uwi\u00a6Ota-wi\u00a6Oc-pisz\u00a6O...-plakat-212x300.jpg 212w, https:\/\/sp1.kielce.eu\/wp-content\/uploads\/2022\/11\/Zdj\u00a6Ocie-tytueowe.-Id\u00a6u-Uwi\u00a6Ota-wi\u00a6Oc-pisz\u00a6O...-plakat-768x1086.jpg 768w, https:\/\/sp1.kielce.eu\/wp-content\/uploads\/2022\/11\/Zdj\u00a6Ocie-tytueowe.-Id\u00a6u-Uwi\u00a6Ota-wi\u00a6Oc-pisz\u00a6O...-plakat-1086x1536.jpg 1086w, https:\/\/sp1.kielce.eu\/wp-content\/uploads\/2022\/11\/Zdj\u00a6Ocie-tytueowe.-Id\u00a6u-Uwi\u00a6Ota-wi\u00a6Oc-pisz\u00a6O...-plakat-1448x2048.jpg 1448w, https:\/\/sp1.kielce.eu\/wp-content\/uploads\/2022\/11\/Zdj\u00a6Ocie-tytueowe.-Id\u00a6u-Uwi\u00a6Ota-wi\u00a6Oc-pisz\u00a6O...-plakat-820x1160.jpg 820w, https:\/\/sp1.kielce.eu\/wp-content\/uploads\/2022\/11\/Zdj\u00a6Ocie-tytueowe.-Id\u00a6u-Uwi\u00a6Ota-wi\u00a6Oc-pisz\u00a6O...-plakat.jpg 1587w\" sizes=\"auto, (max-width: 636px) 100vw, 636px\" \/><\/a><\/figure>\n<\/figure>\n","protected":false},"excerpt":{"rendered":"<p>Id\u0105 \u015awi\u0119ta Bo\u017cego Narodzenia, wi\u0119c i my piszemy &#8230; Chcemy co\u015b wa\u017cnego napisa\u0107 do Pacjent\u00f3w [&hellip;]<\/p>\n","protected":false},"author":5,"featured_media":25156,"comment_status":"closed","ping_status":"","sticky":false,"template":"","format":"standard","meta":{"footnotes":""},"categories":[36,163],"tags":[],"class_list":["post-25155","post","type-post","status-publish","format-standard","has-post-thumbnail","hentry","category-wydarzenia","category-skw"],"_links":{"self":[{"href":"https:\/\/sp1.kielce.eu\/index.php\/wp-json\/wp\/v2\/posts\/25155","targetHints":{"allow":["GET"]}}],"collection":[{"href":"https:\/\/sp1.kielce.eu\/index.php\/wp-json\/wp\/v2\/posts"}],"about":[{"href":"https:\/\/sp1.kielce.eu\/index.php\/wp-json\/wp\/v2\/types\/post"}],"author":[{"embeddable":true,"href":"https:\/\/sp1.kielce.eu\/index.php\/wp-json\/wp\/v2\/users\/5"}],"replies":[{"embeddable":true,"href":"https:\/\/sp1.kielce.eu\/index.php\/wp-json\/wp\/v2\/comments?post=25155"}],"version-history":[{"count":1,"href":"https:\/\/sp1.kielce.eu\/index.php\/wp-json\/wp\/v2\/posts\/25155\/revisions"}],"predecessor-version":[{"id":25158,"href":"https:\/\/sp1.kielce.eu\/index.php\/wp-json\/wp\/v2\/posts\/25155\/revisions\/25158"}],"wp:featuredmedia":[{"embeddable":true,"href":"https:\/\/sp1.kielce.eu\/index.php\/wp-json\/wp\/v2\/media\/25156"}],"wp:attachment":[{"href":"https:\/\/sp1.kielce.eu\/index.php\/wp-json\/wp\/v2\/media?parent=25155"}],"wp:term":[{"taxonomy":"category","embeddable":true,"href":"https:\/\/sp1.kielce.eu\/index.php\/wp-json\/wp\/v2\/categories?post=25155"},{"taxonomy":"post_tag","embeddable":true,"href":"https:\/\/sp1.kielce.eu\/index.php\/wp-json\/wp\/v2\/tags?post=25155"}],"curies":[{"name":"wp","href":"https:\/\/api.w.org\/{rel}","templated":true}]}}