{"id":25149,"date":"2022-11-29T21:54:09","date_gmt":"2022-11-29T20:54:09","guid":{"rendered":"http:\/\/sp1.kielce.eu\/?p=25149"},"modified":"2022-11-29T21:54:09","modified_gmt":"2022-11-29T20:54:09","slug":"swietlicowy-konkurs-poezji-patriotycznej-polsko-ojczyzno-moja","status":"publish","type":"post","link":"https:\/\/sp1.kielce.eu\/index.php\/2022\/11\/29\/swietlicowy-konkurs-poezji-patriotycznej-polsko-ojczyzno-moja\/","title":{"rendered":"\u015awietlicowy Konkurs Poezji Patriotycznej \u201ePolsko \u2013 Ojczyzno moja\u201d"},"content":{"rendered":"\n<p>Ojczyzna, wolno\u015b\u0107, patriotyzm to w oczach poet\u00f3w warto\u015bci rz\u0119du najwy\u017cszego, o kt\u00f3rych powsta\u0142o wiele zapis\u00f3w literackich. Poj\u0119cia ojczyzny, narodu, patriotyzmu odnale\u017ali\u015bmy w wierszach przedstawionych przez dzieci w ramach \u015awietlicowego Konkursu Poezji Patriotycznej \u201ePolsko \u2013 Ojczyzno moja\u201d.<\/p>\n\n\n\n<p>Zwyci\u0119zcami konkursu zostali:<\/p>\n\n\n\n<p>I miejsce&nbsp;<\/p>\n\n\n\n<p>Natalia Walasek klasa 1b, \u0141ukasz Walasek klasa 1b<\/p>\n\n\n\n<p>II miejsce<\/p>\n\n\n\n<p>Nela Kula klasa 2c, Oliwia Pierzak klasa 3b, Oliwia Sieczka klasa 3b, Oliwier Wiktor klasa 3b<\/p>\n\n\n\n<p>Organizatorzy konkursu:<\/p>\n\n\n\n<p>El\u017cbieta Litwinek i Anna Borowska<\/p>\n\n\n\n<figure class=\"wp-block-gallery has-nested-images columns-default is-cropped wp-block-gallery-1 is-layout-flex wp-block-gallery-is-layout-flex\">\n<figure class=\"wp-block-image size-large\"><img loading=\"lazy\" decoding=\"async\" width=\"600\" height=\"800\" data-id=\"25151\" src=\"http:\/\/sp1.kielce.eu\/wp-content\/uploads\/2022\/11\/received_465711102314176-Copy.jpeg\" alt=\"\" class=\"wp-image-25151\" srcset=\"https:\/\/sp1.kielce.eu\/wp-content\/uploads\/2022\/11\/received_465711102314176-Copy.jpeg 600w, https:\/\/sp1.kielce.eu\/wp-content\/uploads\/2022\/11\/received_465711102314176-Copy-225x300.jpeg 225w\" sizes=\"auto, (max-width: 600px) 100vw, 600px\" \/><\/figure>\n\n\n\n<figure class=\"wp-block-image size-large\"><img loading=\"lazy\" decoding=\"async\" width=\"600\" height=\"800\" data-id=\"25150\" src=\"http:\/\/sp1.kielce.eu\/wp-content\/uploads\/2022\/11\/received_502013865214817-Copy.jpeg\" alt=\"\" class=\"wp-image-25150\" srcset=\"https:\/\/sp1.kielce.eu\/wp-content\/uploads\/2022\/11\/received_502013865214817-Copy.jpeg 600w, https:\/\/sp1.kielce.eu\/wp-content\/uploads\/2022\/11\/received_502013865214817-Copy-225x300.jpeg 225w\" sizes=\"auto, (max-width: 600px) 100vw, 600px\" \/><\/figure>\n\n\n\n<figure class=\"wp-block-image size-large\"><img loading=\"lazy\" decoding=\"async\" width=\"600\" height=\"800\" data-id=\"25152\" src=\"http:\/\/sp1.kielce.eu\/wp-content\/uploads\/2022\/11\/received_844271570103820-Copy.jpeg\" alt=\"\" class=\"wp-image-25152\" srcset=\"https:\/\/sp1.kielce.eu\/wp-content\/uploads\/2022\/11\/received_844271570103820-Copy.jpeg 600w, https:\/\/sp1.kielce.eu\/wp-content\/uploads\/2022\/11\/received_844271570103820-Copy-225x300.jpeg 225w\" sizes=\"auto, (max-width: 600px) 100vw, 600px\" \/><\/figure>\n<\/figure>\n","protected":false},"excerpt":{"rendered":"<p>Ojczyzna, wolno\u015b\u0107, patriotyzm to w oczach poet\u00f3w warto\u015bci rz\u0119du najwy\u017cszego, o kt\u00f3rych powsta\u0142o wiele zapis\u00f3w [&hellip;]<\/p>\n","protected":false},"author":13,"featured_media":25153,"comment_status":"closed","ping_status":"","sticky":false,"template":"","format":"standard","meta":{"footnotes":""},"categories":[25],"tags":[],"class_list":["post-25149","post","type-post","status-publish","format-standard","has-post-thumbnail","hentry","category-swietlica"],"_links":{"self":[{"href":"https:\/\/sp1.kielce.eu\/index.php\/wp-json\/wp\/v2\/posts\/25149","targetHints":{"allow":["GET"]}}],"collection":[{"href":"https:\/\/sp1.kielce.eu\/index.php\/wp-json\/wp\/v2\/posts"}],"about":[{"href":"https:\/\/sp1.kielce.eu\/index.php\/wp-json\/wp\/v2\/types\/post"}],"author":[{"embeddable":true,"href":"https:\/\/sp1.kielce.eu\/index.php\/wp-json\/wp\/v2\/users\/13"}],"replies":[{"embeddable":true,"href":"https:\/\/sp1.kielce.eu\/index.php\/wp-json\/wp\/v2\/comments?post=25149"}],"version-history":[{"count":1,"href":"https:\/\/sp1.kielce.eu\/index.php\/wp-json\/wp\/v2\/posts\/25149\/revisions"}],"predecessor-version":[{"id":25154,"href":"https:\/\/sp1.kielce.eu\/index.php\/wp-json\/wp\/v2\/posts\/25149\/revisions\/25154"}],"wp:featuredmedia":[{"embeddable":true,"href":"https:\/\/sp1.kielce.eu\/index.php\/wp-json\/wp\/v2\/media\/25153"}],"wp:attachment":[{"href":"https:\/\/sp1.kielce.eu\/index.php\/wp-json\/wp\/v2\/media?parent=25149"}],"wp:term":[{"taxonomy":"category","embeddable":true,"href":"https:\/\/sp1.kielce.eu\/index.php\/wp-json\/wp\/v2\/categories?post=25149"},{"taxonomy":"post_tag","embeddable":true,"href":"https:\/\/sp1.kielce.eu\/index.php\/wp-json\/wp\/v2\/tags?post=25149"}],"curies":[{"name":"wp","href":"https:\/\/api.w.org\/{rel}","templated":true}]}}