{"id":25143,"date":"2022-11-29T21:48:21","date_gmt":"2022-11-29T20:48:21","guid":{"rendered":"http:\/\/sp1.kielce.eu\/?p=25143"},"modified":"2022-11-29T21:48:22","modified_gmt":"2022-11-29T20:48:22","slug":"pierwsze-miejsce-w-konkursie-profilaktycznym-odblaskowy-pokaz-mody","status":"publish","type":"post","link":"https:\/\/sp1.kielce.eu\/index.php\/2022\/11\/29\/pierwsze-miejsce-w-konkursie-profilaktycznym-odblaskowy-pokaz-mody\/","title":{"rendered":"Pierwsze miejsce &nbsp;w konkursie &nbsp;profilaktycznym \u201eOdblaskowy pokaz mody\u201d"},"content":{"rendered":"\n<p>Serdecznie gratulujemy uczniom klasy 1 c oraz 3 c &nbsp;zaj\u0119cia pierwszego miejsca w konkursie profilaktycznym \u201eOdblaskowy pokaz mody\u201d organizowanym przez Wydzia\u0142 Prewencji i Wydzia\u0142 Ruchu Drogowego KWP w Kielcach, Kuratorium O\u015bwiaty w Kielcach oraz Wojew\u00f3dzki O\u015brodek Ruchu Drogowego w Kielcach.&nbsp;<\/p>\n\n\n\n<p>Wielkie brawa Karolina Staniek, Tymek Tusie\u0144, Filip K\u0142usek, Laura Marks, Kalina Steczek, Marysia Mazur oraz Iza Kubicka. Jeste\u015bmy z Was dumni<\/p>\n\n\n\n<p>Poni\u017cej znajduje si\u0119 link pod kt\u00f3rym mo\u017cna obejrze\u0107 nasz odblaskowy pokaz mody.<\/p>\n\n\n\n<figure class=\"wp-block-embed is-type-video is-provider-youtube wp-block-embed-youtube wp-embed-aspect-16-9 wp-has-aspect-ratio\"><div class=\"wp-block-embed__wrapper\">\n<iframe loading=\"lazy\" title=\"KONKURS SP1 ODBLASK\" width=\"1160\" height=\"653\" src=\"https:\/\/www.youtube.com\/embed\/8X9Re6fMj2g?feature=oembed\" frameborder=\"0\" allow=\"accelerometer; autoplay; clipboard-write; encrypted-media; gyroscope; picture-in-picture\" allowfullscreen><\/iframe>\n<\/div><\/figure>\n\n\n\n<p>Agnieszka Siwek<\/p>\n\n\n\n<p>Klaudia Gola<\/p>\n\n\n\n<p>Emilia Orkisz<\/p>\n\n\n\n<figure class=\"wp-block-gallery has-nested-images columns-default is-cropped wp-block-gallery-1 is-layout-flex wp-block-gallery-is-layout-flex\">\n<figure class=\"wp-block-image size-large\"><img loading=\"lazy\" decoding=\"async\" width=\"800\" height=\"600\" data-id=\"25146\" src=\"http:\/\/sp1.kielce.eu\/wp-content\/uploads\/2022\/11\/IMG-6390-Copy.jpg\" alt=\"\" class=\"wp-image-25146\" srcset=\"https:\/\/sp1.kielce.eu\/wp-content\/uploads\/2022\/11\/IMG-6390-Copy.jpg 800w, https:\/\/sp1.kielce.eu\/wp-content\/uploads\/2022\/11\/IMG-6390-Copy-300x225.jpg 300w, https:\/\/sp1.kielce.eu\/wp-content\/uploads\/2022\/11\/IMG-6390-Copy-768x576.jpg 768w\" sizes=\"auto, (max-width: 800px) 100vw, 800px\" \/><\/figure>\n\n\n\n<figure class=\"wp-block-image size-large\"><img loading=\"lazy\" decoding=\"async\" width=\"800\" height=\"600\" data-id=\"25145\" src=\"http:\/\/sp1.kielce.eu\/wp-content\/uploads\/2022\/11\/IMG-6386-Copy.jpg\" alt=\"\" class=\"wp-image-25145\" srcset=\"https:\/\/sp1.kielce.eu\/wp-content\/uploads\/2022\/11\/IMG-6386-Copy.jpg 800w, https:\/\/sp1.kielce.eu\/wp-content\/uploads\/2022\/11\/IMG-6386-Copy-300x225.jpg 300w, https:\/\/sp1.kielce.eu\/wp-content\/uploads\/2022\/11\/IMG-6386-Copy-768x576.jpg 768w\" sizes=\"auto, (max-width: 800px) 100vw, 800px\" \/><\/figure>\n\n\n\n<figure class=\"wp-block-image size-large\"><img loading=\"lazy\" decoding=\"async\" width=\"800\" height=\"600\" data-id=\"25144\" src=\"http:\/\/sp1.kielce.eu\/wp-content\/uploads\/2022\/11\/IMG-6389-Copy.jpg\" alt=\"\" class=\"wp-image-25144\" srcset=\"https:\/\/sp1.kielce.eu\/wp-content\/uploads\/2022\/11\/IMG-6389-Copy.jpg 800w, https:\/\/sp1.kielce.eu\/wp-content\/uploads\/2022\/11\/IMG-6389-Copy-300x225.jpg 300w, https:\/\/sp1.kielce.eu\/wp-content\/uploads\/2022\/11\/IMG-6389-Copy-768x576.jpg 768w\" sizes=\"auto, (max-width: 800px) 100vw, 800px\" \/><\/figure>\n<\/figure>\n","protected":false},"excerpt":{"rendered":"<p>Serdecznie gratulujemy uczniom klasy 1 c oraz 3 c &nbsp;zaj\u0119cia pierwszego miejsca w konkursie profilaktycznym [&hellip;]<\/p>\n","protected":false},"author":13,"featured_media":25147,"comment_status":"closed","ping_status":"","sticky":false,"template":"","format":"standard","meta":{"footnotes":""},"categories":[36],"tags":[],"class_list":["post-25143","post","type-post","status-publish","format-standard","has-post-thumbnail","hentry","category-wydarzenia"],"_links":{"self":[{"href":"https:\/\/sp1.kielce.eu\/index.php\/wp-json\/wp\/v2\/posts\/25143","targetHints":{"allow":["GET"]}}],"collection":[{"href":"https:\/\/sp1.kielce.eu\/index.php\/wp-json\/wp\/v2\/posts"}],"about":[{"href":"https:\/\/sp1.kielce.eu\/index.php\/wp-json\/wp\/v2\/types\/post"}],"author":[{"embeddable":true,"href":"https:\/\/sp1.kielce.eu\/index.php\/wp-json\/wp\/v2\/users\/13"}],"replies":[{"embeddable":true,"href":"https:\/\/sp1.kielce.eu\/index.php\/wp-json\/wp\/v2\/comments?post=25143"}],"version-history":[{"count":1,"href":"https:\/\/sp1.kielce.eu\/index.php\/wp-json\/wp\/v2\/posts\/25143\/revisions"}],"predecessor-version":[{"id":25148,"href":"https:\/\/sp1.kielce.eu\/index.php\/wp-json\/wp\/v2\/posts\/25143\/revisions\/25148"}],"wp:featuredmedia":[{"embeddable":true,"href":"https:\/\/sp1.kielce.eu\/index.php\/wp-json\/wp\/v2\/media\/25147"}],"wp:attachment":[{"href":"https:\/\/sp1.kielce.eu\/index.php\/wp-json\/wp\/v2\/media?parent=25143"}],"wp:term":[{"taxonomy":"category","embeddable":true,"href":"https:\/\/sp1.kielce.eu\/index.php\/wp-json\/wp\/v2\/categories?post=25143"},{"taxonomy":"post_tag","embeddable":true,"href":"https:\/\/sp1.kielce.eu\/index.php\/wp-json\/wp\/v2\/tags?post=25143"}],"curies":[{"name":"wp","href":"https:\/\/api.w.org\/{rel}","templated":true}]}}