{"id":25082,"date":"2022-11-23T08:23:22","date_gmt":"2022-11-23T07:23:22","guid":{"rendered":"http:\/\/sp1.kielce.eu\/?p=25082"},"modified":"2022-11-23T08:23:22","modified_gmt":"2022-11-23T07:23:22","slug":"szkolny-konkurs-najpiekniejsza-ozdoba-swiateczna","status":"publish","type":"post","link":"https:\/\/sp1.kielce.eu\/index.php\/2022\/11\/23\/szkolny-konkurs-najpiekniejsza-ozdoba-swiateczna\/","title":{"rendered":"Szkolny konkurs NAJPI\u0118KNIEJSZA OZDOBA \u015aWI\u0104TECZNA"},"content":{"rendered":"\n<p>Serdecznie zapraszamy wszystkich ch\u0119tnych uczni\u00f3w naszej szko\u0142y do wzi\u0119cia udzia\u0142u w konkursie na wykonanie najpi\u0119kniejszej ozdoby z okazji \u015bwi\u0105t Bo\u017cego Narodzenia. Do konkursu mo\u017cna zg\u0142asza\u0107 <em>ozdoby choinkowe, szopki, stroiki, itp.<\/em><\/p>\n\n\n\n<p><strong>Cele konkursu:<\/strong><\/p>\n\n\n\n<ul class=\"wp-block-list\"><li>kultywowanie w\u015br\u00f3d uczni\u00f3w tradycji \u015bwi\u0105tecznych i stworzenie uczniom mo\u017cliwo\u015bci prezentacji w\u0142asnych dokona\u0144 tw\u00f3rczych zwi\u0105zanych z tradycj\u0105 \u015awi\u0105t Bo\u017cego Narodzenia.<\/li><\/ul>\n\n\n\n<ul class=\"wp-block-list\"><li>rozwijanie wyobra\u017ani oraz&nbsp;pobudzanie aktywno\u015bci tw\u00f3rczej i spo\u0142ecznej uczni\u00f3w<\/li><li>rozwijanie wra\u017cliwo\u015bci estetycznej iinwencji poprzez zastosowanie r\u00f3\u017cnorodnych materia\u0142\u00f3w.<\/li><\/ul>\n\n\n\n<p><strong>Zadanie konkursowe:<\/strong><\/p>\n\n\n\n<p>Materia\u0142y i technika wykonania pracy jest dowolna, mo\u017cna u\u017cywa\u0107 materia\u0142\u00f3w naturalnych, szyszek, &nbsp;drewna, sznurka, papieru i bibu\u0142y, gliny, przedmiot\u00f3w do recyklingu itp.Ozdoby mo\u017cna wykona\u0107 samodzielnie lub z pomoc\u0105 rodzic\u00f3w.Do wykonanej pracy nale\u017cy do\u0142\u0105czy\u0107 karteczk\u0119 z danymi uczestnika konkursu ( imi\u0119 i nazwisko, klasa).<\/p>\n\n\n\n<p>Prace oceniane b\u0119d\u0105 w kategoriach: kl. 1-3, kl. 4-6, kl. 7-8<\/p>\n\n\n\n<p><strong>Termin dostarczania prac:<\/strong><\/p>\n\n\n\n<p>Prace nale\u017cy dostarczy\u0107 do&nbsp;<strong>9&nbsp;GRUDNIA 2022&nbsp;r. <\/strong>do&nbsp;p. Marzeny Kwiecie\u0144, p. Iwony Tusznio, p. Agnieszki Rycombel.<\/p>\n\n\n\n<p><strong>Wybrane prace z ka\u017cdej kategorii wiekowej zostan\u0105 nagrodzone i wyr\u00f3\u017cnione.&nbsp;<\/strong><\/p>\n\n\n\n<p>O&nbsp;wy\u0142onieniu zwyci\u0119zc\u00f3w konkursu zdecyduje komisja konkursowa. Prace oceniane b\u0119d\u0105 wed\u0142ug&nbsp;nast\u0119puj\u0105cych kryteri\u00f3w:<\/p>\n\n\n\n<ul class=\"wp-block-list\"><li>oryginalno\u015b\u0107<\/li><li>pomys\u0142owo\u015b\u0107<\/li><li>estetyka wykonania<\/li><li>zastosowanie element\u00f3w ekologicznych.<\/li><\/ul>\n\n\n\n<p><strong>Wszystkie prace zostan\u0105 wystawione na kiermaszu \u015bwi\u0105tecznym, z kt\u00f3rego doch\u00f3d zostanie przeznaczony na remont szatni szkolnej.<\/strong><\/p>\n\n\n\n<figure class=\"wp-block-gallery has-nested-images columns-default is-cropped wp-block-gallery-1 is-layout-flex wp-block-gallery-is-layout-flex\">\n<figure class=\"wp-block-image size-large\"><img loading=\"lazy\" decoding=\"async\" width=\"1306\" height=\"900\" data-id=\"25083\" src=\"http:\/\/sp1.kielce.eu\/wp-content\/uploads\/2022\/11\/christmas-tree-gcc8fa6d3d_1920-1306x900.jpg\" alt=\"\" class=\"wp-image-25083\" srcset=\"https:\/\/sp1.kielce.eu\/wp-content\/uploads\/2022\/11\/christmas-tree-gcc8fa6d3d_1920-1306x900.jpg 1306w, https:\/\/sp1.kielce.eu\/wp-content\/uploads\/2022\/11\/christmas-tree-gcc8fa6d3d_1920-300x207.jpg 300w, https:\/\/sp1.kielce.eu\/wp-content\/uploads\/2022\/11\/christmas-tree-gcc8fa6d3d_1920-768x529.jpg 768w, https:\/\/sp1.kielce.eu\/wp-content\/uploads\/2022\/11\/christmas-tree-gcc8fa6d3d_1920-1536x1058.jpg 1536w, https:\/\/sp1.kielce.eu\/wp-content\/uploads\/2022\/11\/christmas-tree-gcc8fa6d3d_1920-820x565.jpg 820w, https:\/\/sp1.kielce.eu\/wp-content\/uploads\/2022\/11\/christmas-tree-gcc8fa6d3d_1920.jpg 1920w\" sizes=\"auto, (max-width: 1306px) 100vw, 1306px\" \/><\/figure>\n<\/figure>\n","protected":false},"excerpt":{"rendered":"<p>Serdecznie zapraszamy wszystkich ch\u0119tnych uczni\u00f3w naszej szko\u0142y do wzi\u0119cia udzia\u0142u w konkursie na wykonanie najpi\u0119kniejszej [&hellip;]<\/p>\n","protected":false},"author":5,"featured_media":25083,"comment_status":"closed","ping_status":"","sticky":false,"template":"","format":"standard","meta":{"footnotes":""},"categories":[36],"tags":[],"class_list":["post-25082","post","type-post","status-publish","format-standard","has-post-thumbnail","hentry","category-wydarzenia"],"_links":{"self":[{"href":"https:\/\/sp1.kielce.eu\/index.php\/wp-json\/wp\/v2\/posts\/25082","targetHints":{"allow":["GET"]}}],"collection":[{"href":"https:\/\/sp1.kielce.eu\/index.php\/wp-json\/wp\/v2\/posts"}],"about":[{"href":"https:\/\/sp1.kielce.eu\/index.php\/wp-json\/wp\/v2\/types\/post"}],"author":[{"embeddable":true,"href":"https:\/\/sp1.kielce.eu\/index.php\/wp-json\/wp\/v2\/users\/5"}],"replies":[{"embeddable":true,"href":"https:\/\/sp1.kielce.eu\/index.php\/wp-json\/wp\/v2\/comments?post=25082"}],"version-history":[{"count":1,"href":"https:\/\/sp1.kielce.eu\/index.php\/wp-json\/wp\/v2\/posts\/25082\/revisions"}],"predecessor-version":[{"id":25084,"href":"https:\/\/sp1.kielce.eu\/index.php\/wp-json\/wp\/v2\/posts\/25082\/revisions\/25084"}],"wp:featuredmedia":[{"embeddable":true,"href":"https:\/\/sp1.kielce.eu\/index.php\/wp-json\/wp\/v2\/media\/25083"}],"wp:attachment":[{"href":"https:\/\/sp1.kielce.eu\/index.php\/wp-json\/wp\/v2\/media?parent=25082"}],"wp:term":[{"taxonomy":"category","embeddable":true,"href":"https:\/\/sp1.kielce.eu\/index.php\/wp-json\/wp\/v2\/categories?post=25082"},{"taxonomy":"post_tag","embeddable":true,"href":"https:\/\/sp1.kielce.eu\/index.php\/wp-json\/wp\/v2\/tags?post=25082"}],"curies":[{"name":"wp","href":"https:\/\/api.w.org\/{rel}","templated":true}]}}