{"id":25018,"date":"2022-11-22T07:44:11","date_gmt":"2022-11-22T06:44:11","guid":{"rendered":"http:\/\/sp1.kielce.eu\/?p=25018"},"modified":"2022-11-22T07:44:11","modified_gmt":"2022-11-22T06:44:11","slug":"wycieczka-klas-szostych-do-oblegorka","status":"publish","type":"post","link":"https:\/\/sp1.kielce.eu\/index.php\/2022\/11\/22\/wycieczka-klas-szostych-do-oblegorka\/","title":{"rendered":"Wycieczka klas sz\u00f3stych do Obl\u0119gorka"},"content":{"rendered":"\n<p>W dniu 16 listopada klasy sz\u00f3ste wraz z wychowawczyniami \u2013 pani\u0105 Emili\u0105 Orkisz i pani\u0105 Katarzyn\u0105 Szostak oraz paniami: Agnieszk\u0105 Adamczyk i Dorot\u0105 Broni\u015b odwiedzi\u0142y Muzeum Henryka Sienkiewicza w Obl\u0119gorku.<\/p>\n\n\n\n<p>Uczniowie zwiedzili muzeum, podziwiaj\u0105c pami\u0105tki zgromadzone po pisarzu. Nast\u0119pnie wys\u0142uchali opowie\u015bci przewodnik\u00f3w o historii dworku oraz poznali tajemnice z \u017cycia pisarza.<\/p>\n\n\n\n<p>Maj\u0105tek ofiarowany Sienkiewiczowi przez spo\u0142ecze\u0144stwo polskie w&nbsp;1900 r., z&nbsp;okazji jubileuszu 25\u2013lecia pracy literackiej, zosta\u0142 w&nbsp;1956 r. przekazany przez jego dzieci na rzecz utworzenia muzeum, kt\u00f3re otwarto 26 pa\u017adziernika 1958 r<\/p>\n\n\n\n<p>Po\u0142o\u017cony na skarpie pa\u0142acyk pisarz traktowa\u0142 jako letni\u0105 rezydencj\u0119. Stoi on, jak niegdy\u015b, w&nbsp;starym parku, urz\u0105dzonym przez znanego warszawskiego ogrodnika \u2013 Franciszka Szaniora \u2013 tw\u00f3rc\u0119 Ogrodu Saskiego. Wiedzie do niego pi\u0119kna, 4-rz\u0119dowa aleja lipowa.<\/p>\n\n\n\n<p>Na parterze odtworzono mieszkanie Sienkiewicza \u2013 gabinet, salon, jadalni\u0119, palarni\u0119 i&nbsp;sypialni\u0119 \u2013 gdzie zobaczymy galeri\u0119 portret\u00f3w rodzinnych, kolekcj\u0119 broni bliskowschodniej i&nbsp;afryka\u0144skiej i dary jubileuszowe.<\/p>\n\n\n\n<p>Pierwsze pi\u0119tro, gdzie niegdy\u015b urz\u0105dzone by\u0142y pokoje dla dzieci i&nbsp;go\u015bci, mie\u015bci obecnie wystaw\u0119 biograficzno \u2013 literack\u0105, prezentuj\u0105c\u0105 najwi\u0119ksz\u0105 w&nbsp;Polsce kolekcj\u0119 album\u00f3w i&nbsp;adres\u00f3w jubileuszowych.<\/p>\n\n\n\n<p>Sz\u00f3stoklasi\u015bci wzi\u0119li r\u00f3wnie\u017c udzia\u0142 w lekcji po\u015bwi\u0119conej lekturze- <em>Afryka\u0144ska podr\u00f3\u017c Henryka Sienkiewicza a&nbsp;powie\u015b\u0107 W pustyni i&nbsp;w&nbsp;puszczy<\/em><\/p>\n\n\n\n<p>Dzi\u0119ki niej dowiedzieli si\u0119 o pasji podr\u00f3\u017cniczej pisarza oraz o tym, jak przebiega\u0142a najbardziej niebezpieczna, a&nbsp;zarazem fascynuj\u0105ca wyprawa pisarza do Afryki. Zobaczyli wiele ciekawych pami\u0105tek, w&nbsp;tym fotografie i&nbsp;trofea my\u015bliwskie. Przeczytali barwne fragmenty list\u00f3w autora \u201eW pustyni i w&nbsp;puszczy\u201d na temat Czarnego L\u0105du. Zobaczyli r\u00f3wnie\u017c, w&nbsp;jakim stopniu wyprawa przyczyni\u0142a si\u0119 do powstania tej powie\u015bci.<\/p>\n\n\n\n<p>Wszyscy byli zauroczeni magi\u0105 sienkiewiczowskiego Obl\u0119gorka. To pi\u0119kne miejsce w naszym regionie, kt\u00f3re warto odwiedzi\u0107.<\/p>\n\n\n\n<p>Dorota Broni\u015b<\/p>\n\n\n\n<p><\/p>\n\n\n\n<figure class=\"wp-block-gallery has-nested-images columns-default is-cropped wp-block-gallery-1 is-layout-flex wp-block-gallery-is-layout-flex\">\n<figure class=\"wp-block-image size-large\"><a href=\"http:\/\/sp1.kielce.eu\/wp-content\/uploads\/2022\/11\/20221116_090739-Medium.jpg\"><img loading=\"lazy\" decoding=\"async\" width=\"1024\" height=\"768\" data-id=\"25019\" src=\"http:\/\/sp1.kielce.eu\/wp-content\/uploads\/2022\/11\/20221116_090739-Medium.jpg\" alt=\"\" class=\"wp-image-25019\" srcset=\"https:\/\/sp1.kielce.eu\/wp-content\/uploads\/2022\/11\/20221116_090739-Medium.jpg 1024w, https:\/\/sp1.kielce.eu\/wp-content\/uploads\/2022\/11\/20221116_090739-Medium-300x225.jpg 300w, https:\/\/sp1.kielce.eu\/wp-content\/uploads\/2022\/11\/20221116_090739-Medium-768x576.jpg 768w, https:\/\/sp1.kielce.eu\/wp-content\/uploads\/2022\/11\/20221116_090739-Medium-820x615.jpg 820w\" sizes=\"auto, (max-width: 1024px) 100vw, 1024px\" \/><\/a><\/figure>\n\n\n\n<figure class=\"wp-block-image size-large\"><a href=\"http:\/\/sp1.kielce.eu\/wp-content\/uploads\/2022\/11\/20221116_091652-Medium.jpg\"><img loading=\"lazy\" decoding=\"async\" width=\"1024\" height=\"768\" data-id=\"25021\" src=\"http:\/\/sp1.kielce.eu\/wp-content\/uploads\/2022\/11\/20221116_091652-Medium.jpg\" alt=\"\" class=\"wp-image-25021\" srcset=\"https:\/\/sp1.kielce.eu\/wp-content\/uploads\/2022\/11\/20221116_091652-Medium.jpg 1024w, https:\/\/sp1.kielce.eu\/wp-content\/uploads\/2022\/11\/20221116_091652-Medium-300x225.jpg 300w, https:\/\/sp1.kielce.eu\/wp-content\/uploads\/2022\/11\/20221116_091652-Medium-768x576.jpg 768w, https:\/\/sp1.kielce.eu\/wp-content\/uploads\/2022\/11\/20221116_091652-Medium-820x615.jpg 820w\" sizes=\"auto, (max-width: 1024px) 100vw, 1024px\" \/><\/a><\/figure>\n\n\n\n<figure class=\"wp-block-image size-large\"><a href=\"http:\/\/sp1.kielce.eu\/wp-content\/uploads\/2022\/11\/20221116_094609-Medium.jpg\"><img loading=\"lazy\" decoding=\"async\" width=\"1024\" height=\"768\" data-id=\"25020\" src=\"http:\/\/sp1.kielce.eu\/wp-content\/uploads\/2022\/11\/20221116_094609-Medium.jpg\" alt=\"\" class=\"wp-image-25020\" srcset=\"https:\/\/sp1.kielce.eu\/wp-content\/uploads\/2022\/11\/20221116_094609-Medium.jpg 1024w, https:\/\/sp1.kielce.eu\/wp-content\/uploads\/2022\/11\/20221116_094609-Medium-300x225.jpg 300w, https:\/\/sp1.kielce.eu\/wp-content\/uploads\/2022\/11\/20221116_094609-Medium-768x576.jpg 768w, https:\/\/sp1.kielce.eu\/wp-content\/uploads\/2022\/11\/20221116_094609-Medium-820x615.jpg 820w\" sizes=\"auto, (max-width: 1024px) 100vw, 1024px\" \/><\/a><\/figure>\n\n\n\n<figure class=\"wp-block-image size-large\"><a href=\"http:\/\/sp1.kielce.eu\/wp-content\/uploads\/2022\/11\/20221116_105924-Medium.jpg\"><img loading=\"lazy\" decoding=\"async\" width=\"1024\" height=\"768\" data-id=\"25023\" src=\"http:\/\/sp1.kielce.eu\/wp-content\/uploads\/2022\/11\/20221116_105924-Medium.jpg\" alt=\"\" class=\"wp-image-25023\" srcset=\"https:\/\/sp1.kielce.eu\/wp-content\/uploads\/2022\/11\/20221116_105924-Medium.jpg 1024w, https:\/\/sp1.kielce.eu\/wp-content\/uploads\/2022\/11\/20221116_105924-Medium-300x225.jpg 300w, https:\/\/sp1.kielce.eu\/wp-content\/uploads\/2022\/11\/20221116_105924-Medium-768x576.jpg 768w, https:\/\/sp1.kielce.eu\/wp-content\/uploads\/2022\/11\/20221116_105924-Medium-820x615.jpg 820w\" sizes=\"auto, (max-width: 1024px) 100vw, 1024px\" \/><\/a><\/figure>\n\n\n\n<figure class=\"wp-block-image size-large\"><a href=\"http:\/\/sp1.kielce.eu\/wp-content\/uploads\/2022\/11\/20221116_105928-Medium.jpg\"><img loading=\"lazy\" decoding=\"async\" width=\"1024\" height=\"768\" data-id=\"25024\" src=\"http:\/\/sp1.kielce.eu\/wp-content\/uploads\/2022\/11\/20221116_105928-Medium.jpg\" alt=\"\" class=\"wp-image-25024\" srcset=\"https:\/\/sp1.kielce.eu\/wp-content\/uploads\/2022\/11\/20221116_105928-Medium.jpg 1024w, https:\/\/sp1.kielce.eu\/wp-content\/uploads\/2022\/11\/20221116_105928-Medium-300x225.jpg 300w, https:\/\/sp1.kielce.eu\/wp-content\/uploads\/2022\/11\/20221116_105928-Medium-768x576.jpg 768w, https:\/\/sp1.kielce.eu\/wp-content\/uploads\/2022\/11\/20221116_105928-Medium-820x615.jpg 820w\" sizes=\"auto, (max-width: 1024px) 100vw, 1024px\" \/><\/a><\/figure>\n\n\n\n<figure class=\"wp-block-image size-large\"><a href=\"http:\/\/sp1.kielce.eu\/wp-content\/uploads\/2022\/11\/received_400370365548219.jpeg\"><img loading=\"lazy\" decoding=\"async\" width=\"1200\" height=\"900\" data-id=\"25022\" src=\"http:\/\/sp1.kielce.eu\/wp-content\/uploads\/2022\/11\/received_400370365548219-1200x900.jpeg\" alt=\"\" class=\"wp-image-25022\" srcset=\"https:\/\/sp1.kielce.eu\/wp-content\/uploads\/2022\/11\/received_400370365548219-1200x900.jpeg 1200w, https:\/\/sp1.kielce.eu\/wp-content\/uploads\/2022\/11\/received_400370365548219-300x225.jpeg 300w, https:\/\/sp1.kielce.eu\/wp-content\/uploads\/2022\/11\/received_400370365548219-768x576.jpeg 768w, https:\/\/sp1.kielce.eu\/wp-content\/uploads\/2022\/11\/received_400370365548219-1536x1152.jpeg 1536w, https:\/\/sp1.kielce.eu\/wp-content\/uploads\/2022\/11\/received_400370365548219-820x615.jpeg 820w, https:\/\/sp1.kielce.eu\/wp-content\/uploads\/2022\/11\/received_400370365548219.jpeg 2048w\" sizes=\"auto, (max-width: 1200px) 100vw, 1200px\" \/><\/a><\/figure>\n\n\n\n<figure class=\"wp-block-image size-large\"><a href=\"http:\/\/sp1.kielce.eu\/wp-content\/uploads\/2022\/11\/received_805450670539544.jpeg\"><img loading=\"lazy\" decoding=\"async\" width=\"1200\" height=\"900\" data-id=\"25025\" src=\"http:\/\/sp1.kielce.eu\/wp-content\/uploads\/2022\/11\/received_805450670539544-1200x900.jpeg\" alt=\"\" class=\"wp-image-25025\" srcset=\"https:\/\/sp1.kielce.eu\/wp-content\/uploads\/2022\/11\/received_805450670539544-1200x900.jpeg 1200w, https:\/\/sp1.kielce.eu\/wp-content\/uploads\/2022\/11\/received_805450670539544-300x225.jpeg 300w, https:\/\/sp1.kielce.eu\/wp-content\/uploads\/2022\/11\/received_805450670539544-768x576.jpeg 768w, https:\/\/sp1.kielce.eu\/wp-content\/uploads\/2022\/11\/received_805450670539544-1536x1152.jpeg 1536w, https:\/\/sp1.kielce.eu\/wp-content\/uploads\/2022\/11\/received_805450670539544-820x615.jpeg 820w, https:\/\/sp1.kielce.eu\/wp-content\/uploads\/2022\/11\/received_805450670539544.jpeg 2048w\" sizes=\"auto, (max-width: 1200px) 100vw, 1200px\" \/><\/a><\/figure>\n\n\n\n<figure class=\"wp-block-image size-large\"><a href=\"http:\/\/sp1.kielce.eu\/wp-content\/uploads\/2022\/11\/received_3737323913161088.jpeg\"><img loading=\"lazy\" decoding=\"async\" width=\"1200\" height=\"900\" data-id=\"25026\" src=\"http:\/\/sp1.kielce.eu\/wp-content\/uploads\/2022\/11\/received_3737323913161088-1200x900.jpeg\" alt=\"\" class=\"wp-image-25026\" srcset=\"https:\/\/sp1.kielce.eu\/wp-content\/uploads\/2022\/11\/received_3737323913161088-1200x900.jpeg 1200w, https:\/\/sp1.kielce.eu\/wp-content\/uploads\/2022\/11\/received_3737323913161088-300x225.jpeg 300w, https:\/\/sp1.kielce.eu\/wp-content\/uploads\/2022\/11\/received_3737323913161088-768x576.jpeg 768w, https:\/\/sp1.kielce.eu\/wp-content\/uploads\/2022\/11\/received_3737323913161088-1536x1152.jpeg 1536w, https:\/\/sp1.kielce.eu\/wp-content\/uploads\/2022\/11\/received_3737323913161088-820x615.jpeg 820w, https:\/\/sp1.kielce.eu\/wp-content\/uploads\/2022\/11\/received_3737323913161088.jpeg 2048w\" sizes=\"auto, (max-width: 1200px) 100vw, 1200px\" \/><\/a><\/figure>\n<\/figure>\n","protected":false},"excerpt":{"rendered":"<p>W dniu 16 listopada klasy sz\u00f3ste wraz z wychowawczyniami \u2013 pani\u0105 Emili\u0105 Orkisz i pani\u0105 [&hellip;]<\/p>\n","protected":false},"author":5,"featured_media":25027,"comment_status":"closed","ping_status":"","sticky":false,"template":"","format":"standard","meta":{"footnotes":""},"categories":[36],"tags":[],"class_list":["post-25018","post","type-post","status-publish","format-standard","has-post-thumbnail","hentry","category-wydarzenia"],"_links":{"self":[{"href":"https:\/\/sp1.kielce.eu\/index.php\/wp-json\/wp\/v2\/posts\/25018","targetHints":{"allow":["GET"]}}],"collection":[{"href":"https:\/\/sp1.kielce.eu\/index.php\/wp-json\/wp\/v2\/posts"}],"about":[{"href":"https:\/\/sp1.kielce.eu\/index.php\/wp-json\/wp\/v2\/types\/post"}],"author":[{"embeddable":true,"href":"https:\/\/sp1.kielce.eu\/index.php\/wp-json\/wp\/v2\/users\/5"}],"replies":[{"embeddable":true,"href":"https:\/\/sp1.kielce.eu\/index.php\/wp-json\/wp\/v2\/comments?post=25018"}],"version-history":[{"count":1,"href":"https:\/\/sp1.kielce.eu\/index.php\/wp-json\/wp\/v2\/posts\/25018\/revisions"}],"predecessor-version":[{"id":25028,"href":"https:\/\/sp1.kielce.eu\/index.php\/wp-json\/wp\/v2\/posts\/25018\/revisions\/25028"}],"wp:featuredmedia":[{"embeddable":true,"href":"https:\/\/sp1.kielce.eu\/index.php\/wp-json\/wp\/v2\/media\/25027"}],"wp:attachment":[{"href":"https:\/\/sp1.kielce.eu\/index.php\/wp-json\/wp\/v2\/media?parent=25018"}],"wp:term":[{"taxonomy":"category","embeddable":true,"href":"https:\/\/sp1.kielce.eu\/index.php\/wp-json\/wp\/v2\/categories?post=25018"},{"taxonomy":"post_tag","embeddable":true,"href":"https:\/\/sp1.kielce.eu\/index.php\/wp-json\/wp\/v2\/tags?post=25018"}],"curies":[{"name":"wp","href":"https:\/\/api.w.org\/{rel}","templated":true}]}}