{"id":24999,"date":"2022-11-20T22:47:07","date_gmt":"2022-11-20T21:47:07","guid":{"rendered":"http:\/\/sp1.kielce.eu\/?p=24999"},"modified":"2022-11-20T22:48:19","modified_gmt":"2022-11-20T21:48:19","slug":"laboratoria-przyszlosci-w-swietlicy-sp1","status":"publish","type":"post","link":"https:\/\/sp1.kielce.eu\/index.php\/2022\/11\/20\/laboratoria-przyszlosci-w-swietlicy-sp1\/","title":{"rendered":"Laboratoria przysz\u0142o\u015bci w \u015bwietlicy SP1"},"content":{"rendered":"\n<p>W \u015bwietlicy szkolnej odbywaj\u0105 si\u0119 zaj\u0119cia,z wykorzystaniem r\u00f3\u017cnego rodzaju klock\u00f3w, zakupionych w ramach programu Laboratoria Przysz\u0142o\u015bci.<\/p>\n\n\n\n<p>Klocki s\u0105 nieocenionym \u017ar\u00f3d\u0142em satysfakcji dla du\u017cych i ma\u0142ych, a korzy\u015bci wynikaj\u0105cych z zabawy nimi nie spos\u00f3b przeceni\u0107.&nbsp;Dzieci mog\u0105 wymy\u015bla\u0107 swoje w\u0142asne budowle i tworzy\u0107 nawet bardzo skomplikowane konstrukcje. Buduj\u0105c wed\u0142ug okre\u015blonego wzoru, ucz\u0105 si\u0119 z kolei cierpliwo\u015bci, trenuj\u0105 koncentracj\u0119 i rozwi\u0105zuj\u0105 problemy, a tak\u017ce rozwijaj\u0105 wyobra\u017ani\u0119 przestrzenn\u0105. Klocki rozwijaj\u0105 ma\u0142\u0105 motoryk\u0119, \u0107wicz\u0105 koordynacj\u0119 r\u0119ka-oko.<\/p>\n\n\n\n<p>Laboratoria Przysz\u0142o\u015bci to inicjatywa edukacyjna realizowana przez Ministerstwo Edukacji i Nauki we wsp\u00f3\u0142pracy z Centrum GovTech w Kancelarii Prezesa Rady Ministr\u00f3w.<\/p>\n\n\n\n<p class=\"has-text-align-right\">Agnieszka Rycombel<br>Marzena Kwiecie\u0144<\/p>\n\n\n\n<figure class=\"wp-block-gallery has-nested-images columns-default is-cropped wp-block-gallery-1 is-layout-flex wp-block-gallery-is-layout-flex\">\n<figure class=\"wp-block-image size-large\"><a href=\"http:\/\/sp1.kielce.eu\/wp-content\/uploads\/2022\/11\/20221117_190940-Copy.jpg\"><img loading=\"lazy\" decoding=\"async\" width=\"900\" height=\"900\" data-id=\"25000\" src=\"http:\/\/sp1.kielce.eu\/wp-content\/uploads\/2022\/11\/20221117_190940-Copy.jpg\" alt=\"\" class=\"wp-image-25000\" srcset=\"https:\/\/sp1.kielce.eu\/wp-content\/uploads\/2022\/11\/20221117_190940-Copy.jpg 900w, https:\/\/sp1.kielce.eu\/wp-content\/uploads\/2022\/11\/20221117_190940-Copy-300x300.jpg 300w, https:\/\/sp1.kielce.eu\/wp-content\/uploads\/2022\/11\/20221117_190940-Copy-150x150.jpg 150w, https:\/\/sp1.kielce.eu\/wp-content\/uploads\/2022\/11\/20221117_190940-Copy-768x768.jpg 768w, https:\/\/sp1.kielce.eu\/wp-content\/uploads\/2022\/11\/20221117_190940-Copy-820x820.jpg 820w\" sizes=\"auto, (max-width: 900px) 100vw, 900px\" \/><\/a><\/figure>\n\n\n\n<figure class=\"wp-block-image size-large\"><a href=\"http:\/\/sp1.kielce.eu\/wp-content\/uploads\/2022\/11\/20221117_191357-Copy.jpg\"><img loading=\"lazy\" decoding=\"async\" width=\"900\" height=\"900\" data-id=\"25001\" src=\"http:\/\/sp1.kielce.eu\/wp-content\/uploads\/2022\/11\/20221117_191357-Copy.jpg\" alt=\"\" class=\"wp-image-25001\" srcset=\"https:\/\/sp1.kielce.eu\/wp-content\/uploads\/2022\/11\/20221117_191357-Copy.jpg 900w, https:\/\/sp1.kielce.eu\/wp-content\/uploads\/2022\/11\/20221117_191357-Copy-300x300.jpg 300w, https:\/\/sp1.kielce.eu\/wp-content\/uploads\/2022\/11\/20221117_191357-Copy-150x150.jpg 150w, https:\/\/sp1.kielce.eu\/wp-content\/uploads\/2022\/11\/20221117_191357-Copy-768x768.jpg 768w, https:\/\/sp1.kielce.eu\/wp-content\/uploads\/2022\/11\/20221117_191357-Copy-820x820.jpg 820w\" sizes=\"auto, (max-width: 900px) 100vw, 900px\" \/><\/a><\/figure>\n<\/figure>\n","protected":false},"excerpt":{"rendered":"<p>W \u015bwietlicy szkolnej odbywaj\u0105 si\u0119 zaj\u0119cia,z wykorzystaniem r\u00f3\u017cnego rodzaju klock\u00f3w, zakupionych w ramach programu Laboratoria [&hellip;]<\/p>\n","protected":false},"author":13,"featured_media":25003,"comment_status":"closed","ping_status":"","sticky":false,"template":"","format":"standard","meta":{"footnotes":""},"categories":[36,25],"tags":[],"class_list":["post-24999","post","type-post","status-publish","format-standard","has-post-thumbnail","hentry","category-wydarzenia","category-swietlica"],"_links":{"self":[{"href":"https:\/\/sp1.kielce.eu\/index.php\/wp-json\/wp\/v2\/posts\/24999","targetHints":{"allow":["GET"]}}],"collection":[{"href":"https:\/\/sp1.kielce.eu\/index.php\/wp-json\/wp\/v2\/posts"}],"about":[{"href":"https:\/\/sp1.kielce.eu\/index.php\/wp-json\/wp\/v2\/types\/post"}],"author":[{"embeddable":true,"href":"https:\/\/sp1.kielce.eu\/index.php\/wp-json\/wp\/v2\/users\/13"}],"replies":[{"embeddable":true,"href":"https:\/\/sp1.kielce.eu\/index.php\/wp-json\/wp\/v2\/comments?post=24999"}],"version-history":[{"count":2,"href":"https:\/\/sp1.kielce.eu\/index.php\/wp-json\/wp\/v2\/posts\/24999\/revisions"}],"predecessor-version":[{"id":25004,"href":"https:\/\/sp1.kielce.eu\/index.php\/wp-json\/wp\/v2\/posts\/24999\/revisions\/25004"}],"wp:featuredmedia":[{"embeddable":true,"href":"https:\/\/sp1.kielce.eu\/index.php\/wp-json\/wp\/v2\/media\/25003"}],"wp:attachment":[{"href":"https:\/\/sp1.kielce.eu\/index.php\/wp-json\/wp\/v2\/media?parent=24999"}],"wp:term":[{"taxonomy":"category","embeddable":true,"href":"https:\/\/sp1.kielce.eu\/index.php\/wp-json\/wp\/v2\/categories?post=24999"},{"taxonomy":"post_tag","embeddable":true,"href":"https:\/\/sp1.kielce.eu\/index.php\/wp-json\/wp\/v2\/tags?post=24999"}],"curies":[{"name":"wp","href":"https:\/\/api.w.org\/{rel}","templated":true}]}}