{"id":24991,"date":"2022-11-20T22:27:17","date_gmt":"2022-11-20T21:27:17","guid":{"rendered":"http:\/\/sp1.kielce.eu\/?p=24991"},"modified":"2022-11-20T22:36:07","modified_gmt":"2022-11-20T21:36:07","slug":"20-listopada-miedzynarodowy-dzien-praw-dziecka-z-unicef-2","status":"publish","type":"post","link":"https:\/\/sp1.kielce.eu\/index.php\/2022\/11\/20\/20-listopada-miedzynarodowy-dzien-praw-dziecka-z-unicef-2\/","title":{"rendered":"20 listopada &#8211; Mi\u0119dzynarodowy Dzie\u0144 Praw Dziecka z UNICEF"},"content":{"rendered":"\n<p>20 listopada to wyj\u0105tkowy dzie\u0144 \u2013 rocznica uchwalenia Konwencji o Prawach Dziecka. Jest to moment, w kt\u00f3rym uwaga wszystkich kierowana jest na dzieci i ich prawa.&nbsp;<\/p>\n\n\n\n<p>Polska odegra\u0142a szczeg\u00f3ln\u0105 rol\u0119 w tworzeniu \u015bwiatowego systemu ochrony praw dziecka \u2013 by\u0142a inicjatorem uchwalenia Konwencji o prawach dziecka.<\/p>\n\n\n\n<p>W tym roku w ramach obchod\u00f3w Mi\u0119dzynarodowego Dnia Praw Dziecka okazujemy wsparcie wszystkim dzieciom na \u015bwiecie, kt\u00f3rych prawa nie s\u0105 respektowane. Przeciwdzia\u0142amy dyskryminacji i m\u00f3wimy o tolerancji. Integrujemy si\u0119 z kolegami \u00a0z Ukrainy, kt\u00f3rzy do\u0142\u0105czyli do naszej szko\u0142y i razem z nami tworz\u0105 spo\u0142eczno\u015b\u0107. M\u00f3wimy\u00a0o r\u00f3\u017cnicach i podobie\u0144stwach.<\/p>\n\n\n\n<p>\u201eJedynka\u201d po raz kolejny w\u0142\u0105czy\u0142a si\u0119 w akcj\u0119. W klasach I-III zosta\u0142y przeprowadzone zaj\u0119cia dotycz\u0105ce praw dziecka.<\/p>\n\n\n\n<p>18 listopada uczniowie klas I-III przyszli do szko\u0142y ubrani na niebiesko.<\/p>\n\n\n\n<p>Dzi\u0119kujemy wychowawcom klas I-III za w\u0142\u0105czenie si\u0119 w akcj\u0119 UNICEF.<\/p>\n\n\n\n<p>Wykorzystano informacje opracowane przez UNICEF<\/p>\n\n\n\n<p class=\"has-text-align-right\">\u00a0\u00a0\u00a0\u00a0\u00a0\u00a0\u00a0\u00a0\u00a0\u00a0\u00a0\u00a0\u00a0\u00a0\u00a0\u00a0\u00a0\u00a0\u00a0\u00a0\u00a0\u00a0\u00a0\u00a0\u00a0\u00a0\u00a0\u00a0\u00a0\u00a0\u00a0\u00a0\u00a0\u00a0\u00a0\u00a0\u00a0\u00a0\u00a0\u00a0\u00a0\u00a0\u00a0\u00a0\u00a0\u00a0\u00a0\u00a0\u00a0\u00a0\u00a0\u00a0\u00a0\u00a0\u00a0\u00a0\u00a0\u00a0 Beata Smag\u00f3r \u2013 pedagog szkolny<br>\u00a0\u00a0\u00a0\u00a0\u00a0\u00a0\u00a0\u00a0\u00a0\u00a0\u00a0\u00a0\u00a0\u00a0\u00a0\u00a0\u00a0\u00a0\u00a0\u00a0\u00a0\u00a0\u00a0\u00a0\u00a0\u00a0\u00a0\u00a0\u00a0\u00a0\u00a0\u00a0\u00a0\u00a0\u00a0\u00a0\u00a0\u00a0\u00a0\u00a0\u00a0\u00a0\u00a0\u00a0\u00a0\u00a0\u00a0\u00a0\u00a0\u00a0\u00a0\u00a0\u00a0\u00a0\u00a0\u00a0\u00a0\u00a0 Kinga Kozie\u0142, Marta Pawlak \u2013 opiekunowie Ma\u0142ego SU<\/p>\n\n\n\n<figure class=\"wp-block-gallery has-nested-images columns-2 is-cropped wp-block-gallery-1 is-layout-flex wp-block-gallery-is-layout-flex\">\n<figure class=\"wp-block-image size-large\"><a href=\"http:\/\/sp1.kielce.eu\/wp-content\/uploads\/2022\/11\/klasa-1c-3b-3a-Copy.png\"><img loading=\"lazy\" decoding=\"async\" width=\"1200\" height=\"748\" data-id=\"24992\" src=\"http:\/\/sp1.kielce.eu\/wp-content\/uploads\/2022\/11\/klasa-1c-3b-3a-Copy.png\" alt=\"\" class=\"wp-image-24992\" srcset=\"https:\/\/sp1.kielce.eu\/wp-content\/uploads\/2022\/11\/klasa-1c-3b-3a-Copy.png 1200w, https:\/\/sp1.kielce.eu\/wp-content\/uploads\/2022\/11\/klasa-1c-3b-3a-Copy-300x187.png 300w, https:\/\/sp1.kielce.eu\/wp-content\/uploads\/2022\/11\/klasa-1c-3b-3a-Copy-768x479.png 768w, https:\/\/sp1.kielce.eu\/wp-content\/uploads\/2022\/11\/klasa-1c-3b-3a-Copy-820x511.png 820w\" sizes=\"auto, (max-width: 1200px) 100vw, 1200px\" \/><\/a><\/figure>\n\n\n\n<figure class=\"wp-block-image size-large\"><a href=\"http:\/\/sp1.kielce.eu\/wp-content\/uploads\/2022\/11\/klasa-2a-2c-Copy.png\"><img loading=\"lazy\" decoding=\"async\" width=\"1200\" height=\"750\" data-id=\"24994\" src=\"http:\/\/sp1.kielce.eu\/wp-content\/uploads\/2022\/11\/klasa-2a-2c-Copy.png\" alt=\"\" class=\"wp-image-24994\" srcset=\"https:\/\/sp1.kielce.eu\/wp-content\/uploads\/2022\/11\/klasa-2a-2c-Copy.png 1200w, https:\/\/sp1.kielce.eu\/wp-content\/uploads\/2022\/11\/klasa-2a-2c-Copy-300x188.png 300w, https:\/\/sp1.kielce.eu\/wp-content\/uploads\/2022\/11\/klasa-2a-2c-Copy-768x480.png 768w, https:\/\/sp1.kielce.eu\/wp-content\/uploads\/2022\/11\/klasa-2a-2c-Copy-820x513.png 820w\" sizes=\"auto, (max-width: 1200px) 100vw, 1200px\" \/><\/a><\/figure>\n\n\n\n<figure class=\"wp-block-image size-large\"><a href=\"http:\/\/sp1.kielce.eu\/wp-content\/uploads\/2022\/11\/klasa-2b-1a-1b-Copy.png\"><img loading=\"lazy\" decoding=\"async\" width=\"1200\" height=\"752\" data-id=\"24993\" src=\"http:\/\/sp1.kielce.eu\/wp-content\/uploads\/2022\/11\/klasa-2b-1a-1b-Copy.png\" alt=\"\" class=\"wp-image-24993\" srcset=\"https:\/\/sp1.kielce.eu\/wp-content\/uploads\/2022\/11\/klasa-2b-1a-1b-Copy.png 1200w, https:\/\/sp1.kielce.eu\/wp-content\/uploads\/2022\/11\/klasa-2b-1a-1b-Copy-300x188.png 300w, https:\/\/sp1.kielce.eu\/wp-content\/uploads\/2022\/11\/klasa-2b-1a-1b-Copy-768x481.png 768w, https:\/\/sp1.kielce.eu\/wp-content\/uploads\/2022\/11\/klasa-2b-1a-1b-Copy-820x514.png 820w\" sizes=\"auto, (max-width: 1200px) 100vw, 1200px\" \/><\/a><\/figure>\n<\/figure>\n","protected":false},"excerpt":{"rendered":"<p>20 listopada to wyj\u0105tkowy dzie\u0144 \u2013 rocznica uchwalenia Konwencji o Prawach Dziecka. Jest to moment, [&hellip;]<\/p>\n","protected":false},"author":13,"featured_media":24995,"comment_status":"closed","ping_status":"","sticky":false,"template":"","format":"standard","meta":{"footnotes":""},"categories":[36,170],"tags":[],"class_list":["post-24991","post","type-post","status-publish","format-standard","has-post-thumbnail","hentry","category-wydarzenia","category-msu"],"_links":{"self":[{"href":"https:\/\/sp1.kielce.eu\/index.php\/wp-json\/wp\/v2\/posts\/24991","targetHints":{"allow":["GET"]}}],"collection":[{"href":"https:\/\/sp1.kielce.eu\/index.php\/wp-json\/wp\/v2\/posts"}],"about":[{"href":"https:\/\/sp1.kielce.eu\/index.php\/wp-json\/wp\/v2\/types\/post"}],"author":[{"embeddable":true,"href":"https:\/\/sp1.kielce.eu\/index.php\/wp-json\/wp\/v2\/users\/13"}],"replies":[{"embeddable":true,"href":"https:\/\/sp1.kielce.eu\/index.php\/wp-json\/wp\/v2\/comments?post=24991"}],"version-history":[{"count":3,"href":"https:\/\/sp1.kielce.eu\/index.php\/wp-json\/wp\/v2\/posts\/24991\/revisions"}],"predecessor-version":[{"id":24998,"href":"https:\/\/sp1.kielce.eu\/index.php\/wp-json\/wp\/v2\/posts\/24991\/revisions\/24998"}],"wp:featuredmedia":[{"embeddable":true,"href":"https:\/\/sp1.kielce.eu\/index.php\/wp-json\/wp\/v2\/media\/24995"}],"wp:attachment":[{"href":"https:\/\/sp1.kielce.eu\/index.php\/wp-json\/wp\/v2\/media?parent=24991"}],"wp:term":[{"taxonomy":"category","embeddable":true,"href":"https:\/\/sp1.kielce.eu\/index.php\/wp-json\/wp\/v2\/categories?post=24991"},{"taxonomy":"post_tag","embeddable":true,"href":"https:\/\/sp1.kielce.eu\/index.php\/wp-json\/wp\/v2\/tags?post=24991"}],"curies":[{"name":"wp","href":"https:\/\/api.w.org\/{rel}","templated":true}]}}