{"id":24717,"date":"2022-11-08T08:35:39","date_gmt":"2022-11-08T07:35:39","guid":{"rendered":"http:\/\/sp1.kielce.eu\/?p=24717"},"modified":"2022-11-08T08:36:56","modified_gmt":"2022-11-08T07:36:56","slug":"szkola-pamieta-4","status":"publish","type":"post","link":"https:\/\/sp1.kielce.eu\/index.php\/2022\/11\/08\/szkola-pamieta-4\/","title":{"rendered":"#Szko\u0142a Pami\u0119ta"},"content":{"rendered":"\n<p>Kolejny rok spo\u0142eczno\u015b\u0107 naszej szko\u0142y zaanga\u017cowa\u0142a si\u0119 w og\u00f3lnopolsk\u0105 akcj\u0119 Szko\u0142a Pami\u0119ta.<\/p>\n\n\n\n<p>Jej celem jest zwr\u00f3cenie uwagi m\u0142odych ludzi na potrzeb\u0119 piel\u0119gnowania pami\u0119ci o bohaterach naszej wolno\u015bci, szczeg\u00f3lnie tych, kt\u00f3rzy s\u0105 zwi\u0105zani z histori\u0105 danego miejsca, regionu, spo\u0142eczno\u015bci.<\/p>\n\n\n\n<p>Nasi uczniowie odwiedzaj\u0105c miejsca pami\u0119ci: Pomnik Armii Krajowej, Pomnik Katy\u0144ski, Skwer Harcerski im. Szarych Szereg\u00f3w oraz pal\u0105c znicze na grobach Stefana Artwi\u0144skiego, Wojciecha Szczepaniaka i kieleckich westerplatczyk\u00f3w wspominali osoby oraz wydarzenia wa\u017cne dla regionu \u015bwi\u0119tokrzyskiego. Pami\u0119tali\u015bmy r\u00f3wnie\u017c o osobach bliskich naszej szkole &#8211; wieloletniej nauczycielce j\u0119zyka polskiego p. Emilii Janyst-Klupy.<\/p>\n\n\n\n<p>W naszej szkole odby\u0142 si\u0119 szereg zaj\u0119\u0107 zwi\u0105zanych z t\u0105 akcj\u0105 m.in. :<br>&#8211; Przypomnienie o Polakach, kt\u00f3rzy oddali swoje \u017cycie za Ojczyzn\u0119 i sposob\u00f3w oddawania im ho\u0142du. Zbudowanie mapy my\u015bli z has\u0142em &#8211; Zaduszki.<\/p>\n\n\n\n<p>&#8211; W klasach m\u0142odszych zaj\u0119cia plastyczne po\u015bwi\u0119cone upami\u0119tnianiu os\u00f3b zmar\u0142ych i \u015bwi\u0105t zadusznych.<\/p>\n\n\n\n<p>&#8211; W klasach sz\u00f3stych przeprowadzenie zaj\u0119\u0107 na temat Aleksandry Pi\u0142sudskiej-bojowniczki niepodleg\u0142o\u015bci.<\/p>\n\n\n\n<p>&#8211; W klasach \u00f3smych przeprowadzenie zaj\u0119\u0107 na temat Witolda Pileckiego -ochotnika do Austwitz.<\/p>\n\n\n\n<ul class=\"wp-block-list\"><li><\/li><\/ul>\n\n\n\n<p>#Szko\u0142aPami\u0119ta<\/p>\n\n\n\n<p>Jedynka Pami\u0119ta!<\/p>\n\n\n\n<p>Grono pedagogiczne SP1<\/p>\n\n\n\n<figure class=\"wp-block-gallery has-nested-images columns-default is-cropped wp-block-gallery-1 is-layout-flex wp-block-gallery-is-layout-flex\">\n<figure class=\"wp-block-image size-large\"><a href=\"http:\/\/sp1.kielce.eu\/wp-content\/uploads\/2022\/11\/9C1E55A0-CC38-4629-9823-A378664DD526.jpeg\"><img loading=\"lazy\" decoding=\"async\" width=\"1400\" height=\"788\" data-id=\"24723\" src=\"http:\/\/sp1.kielce.eu\/wp-content\/uploads\/2022\/11\/9C1E55A0-CC38-4629-9823-A378664DD526-1400x788.jpeg\" alt=\"\" class=\"wp-image-24723\" srcset=\"https:\/\/sp1.kielce.eu\/wp-content\/uploads\/2022\/11\/9C1E55A0-CC38-4629-9823-A378664DD526-1400x788.jpeg 1400w, https:\/\/sp1.kielce.eu\/wp-content\/uploads\/2022\/11\/9C1E55A0-CC38-4629-9823-A378664DD526-300x169.jpeg 300w, https:\/\/sp1.kielce.eu\/wp-content\/uploads\/2022\/11\/9C1E55A0-CC38-4629-9823-A378664DD526-768x432.jpeg 768w, https:\/\/sp1.kielce.eu\/wp-content\/uploads\/2022\/11\/9C1E55A0-CC38-4629-9823-A378664DD526-1536x864.jpeg 1536w, https:\/\/sp1.kielce.eu\/wp-content\/uploads\/2022\/11\/9C1E55A0-CC38-4629-9823-A378664DD526-820x461.jpeg 820w, https:\/\/sp1.kielce.eu\/wp-content\/uploads\/2022\/11\/9C1E55A0-CC38-4629-9823-A378664DD526.jpeg 1866w\" sizes=\"auto, (max-width: 1400px) 100vw, 1400px\" \/><\/a><\/figure>\n\n\n\n<figure class=\"wp-block-image size-large\"><a href=\"http:\/\/sp1.kielce.eu\/wp-content\/uploads\/2022\/11\/313918859_786270712432228_5677951039518290317_n.jpg\"><img loading=\"lazy\" decoding=\"async\" width=\"900\" height=\"900\" data-id=\"24722\" src=\"http:\/\/sp1.kielce.eu\/wp-content\/uploads\/2022\/11\/313918859_786270712432228_5677951039518290317_n-900x900.jpg\" alt=\"\" class=\"wp-image-24722\" srcset=\"https:\/\/sp1.kielce.eu\/wp-content\/uploads\/2022\/11\/313918859_786270712432228_5677951039518290317_n-900x900.jpg 900w, https:\/\/sp1.kielce.eu\/wp-content\/uploads\/2022\/11\/313918859_786270712432228_5677951039518290317_n-300x300.jpg 300w, https:\/\/sp1.kielce.eu\/wp-content\/uploads\/2022\/11\/313918859_786270712432228_5677951039518290317_n-150x150.jpg 150w, https:\/\/sp1.kielce.eu\/wp-content\/uploads\/2022\/11\/313918859_786270712432228_5677951039518290317_n-768x768.jpg 768w, https:\/\/sp1.kielce.eu\/wp-content\/uploads\/2022\/11\/313918859_786270712432228_5677951039518290317_n-820x820.jpg 820w, https:\/\/sp1.kielce.eu\/wp-content\/uploads\/2022\/11\/313918859_786270712432228_5677951039518290317_n.jpg 1080w\" sizes=\"auto, (max-width: 900px) 100vw, 900px\" \/><\/a><\/figure>\n\n\n\n<figure class=\"wp-block-image size-large\"><a href=\"http:\/\/sp1.kielce.eu\/wp-content\/uploads\/2022\/11\/313920551_518214943265822_850512527587573447_n.jpg\"><img loading=\"lazy\" decoding=\"async\" width=\"900\" height=\"900\" data-id=\"24720\" src=\"http:\/\/sp1.kielce.eu\/wp-content\/uploads\/2022\/11\/313920551_518214943265822_850512527587573447_n-900x900.jpg\" alt=\"\" class=\"wp-image-24720\" srcset=\"https:\/\/sp1.kielce.eu\/wp-content\/uploads\/2022\/11\/313920551_518214943265822_850512527587573447_n-900x900.jpg 900w, https:\/\/sp1.kielce.eu\/wp-content\/uploads\/2022\/11\/313920551_518214943265822_850512527587573447_n-300x300.jpg 300w, https:\/\/sp1.kielce.eu\/wp-content\/uploads\/2022\/11\/313920551_518214943265822_850512527587573447_n-150x150.jpg 150w, https:\/\/sp1.kielce.eu\/wp-content\/uploads\/2022\/11\/313920551_518214943265822_850512527587573447_n-768x768.jpg 768w, https:\/\/sp1.kielce.eu\/wp-content\/uploads\/2022\/11\/313920551_518214943265822_850512527587573447_n-820x820.jpg 820w, https:\/\/sp1.kielce.eu\/wp-content\/uploads\/2022\/11\/313920551_518214943265822_850512527587573447_n.jpg 1080w\" sizes=\"auto, (max-width: 900px) 100vw, 900px\" \/><\/a><\/figure>\n\n\n\n<figure class=\"wp-block-image size-large\"><a href=\"http:\/\/sp1.kielce.eu\/wp-content\/uploads\/2022\/11\/314423225_887787565501842_1435251134155938304_n.jpg\"><img loading=\"lazy\" decoding=\"async\" width=\"900\" height=\"900\" data-id=\"24721\" src=\"http:\/\/sp1.kielce.eu\/wp-content\/uploads\/2022\/11\/314423225_887787565501842_1435251134155938304_n-900x900.jpg\" alt=\"\" class=\"wp-image-24721\" srcset=\"https:\/\/sp1.kielce.eu\/wp-content\/uploads\/2022\/11\/314423225_887787565501842_1435251134155938304_n-900x900.jpg 900w, https:\/\/sp1.kielce.eu\/wp-content\/uploads\/2022\/11\/314423225_887787565501842_1435251134155938304_n-300x300.jpg 300w, https:\/\/sp1.kielce.eu\/wp-content\/uploads\/2022\/11\/314423225_887787565501842_1435251134155938304_n-150x150.jpg 150w, https:\/\/sp1.kielce.eu\/wp-content\/uploads\/2022\/11\/314423225_887787565501842_1435251134155938304_n-768x768.jpg 768w, https:\/\/sp1.kielce.eu\/wp-content\/uploads\/2022\/11\/314423225_887787565501842_1435251134155938304_n-820x820.jpg 820w, https:\/\/sp1.kielce.eu\/wp-content\/uploads\/2022\/11\/314423225_887787565501842_1435251134155938304_n.jpg 1080w\" sizes=\"auto, (max-width: 900px) 100vw, 900px\" \/><\/a><\/figure>\n\n\n\n<figure class=\"wp-block-image size-large\"><a href=\"http:\/\/sp1.kielce.eu\/wp-content\/uploads\/2022\/11\/314597929_649584250207525_6323726821282148432_n.jpg\"><img loading=\"lazy\" decoding=\"async\" width=\"900\" height=\"900\" data-id=\"24718\" src=\"http:\/\/sp1.kielce.eu\/wp-content\/uploads\/2022\/11\/314597929_649584250207525_6323726821282148432_n-900x900.jpg\" alt=\"\" class=\"wp-image-24718\" srcset=\"https:\/\/sp1.kielce.eu\/wp-content\/uploads\/2022\/11\/314597929_649584250207525_6323726821282148432_n-900x900.jpg 900w, https:\/\/sp1.kielce.eu\/wp-content\/uploads\/2022\/11\/314597929_649584250207525_6323726821282148432_n-300x300.jpg 300w, https:\/\/sp1.kielce.eu\/wp-content\/uploads\/2022\/11\/314597929_649584250207525_6323726821282148432_n-150x150.jpg 150w, https:\/\/sp1.kielce.eu\/wp-content\/uploads\/2022\/11\/314597929_649584250207525_6323726821282148432_n-768x768.jpg 768w, https:\/\/sp1.kielce.eu\/wp-content\/uploads\/2022\/11\/314597929_649584250207525_6323726821282148432_n-820x820.jpg 820w, https:\/\/sp1.kielce.eu\/wp-content\/uploads\/2022\/11\/314597929_649584250207525_6323726821282148432_n.jpg 1080w\" sizes=\"auto, (max-width: 900px) 100vw, 900px\" \/><\/a><\/figure>\n\n\n\n<figure class=\"wp-block-image size-large\"><a href=\"http:\/\/sp1.kielce.eu\/wp-content\/uploads\/2022\/11\/315016549_793205195071976_6864927369336626334_n.jpg\"><img loading=\"lazy\" decoding=\"async\" width=\"900\" height=\"900\" data-id=\"24719\" src=\"http:\/\/sp1.kielce.eu\/wp-content\/uploads\/2022\/11\/315016549_793205195071976_6864927369336626334_n-900x900.jpg\" alt=\"\" class=\"wp-image-24719\" srcset=\"https:\/\/sp1.kielce.eu\/wp-content\/uploads\/2022\/11\/315016549_793205195071976_6864927369336626334_n-900x900.jpg 900w, https:\/\/sp1.kielce.eu\/wp-content\/uploads\/2022\/11\/315016549_793205195071976_6864927369336626334_n-300x300.jpg 300w, https:\/\/sp1.kielce.eu\/wp-content\/uploads\/2022\/11\/315016549_793205195071976_6864927369336626334_n-150x150.jpg 150w, https:\/\/sp1.kielce.eu\/wp-content\/uploads\/2022\/11\/315016549_793205195071976_6864927369336626334_n-768x768.jpg 768w, https:\/\/sp1.kielce.eu\/wp-content\/uploads\/2022\/11\/315016549_793205195071976_6864927369336626334_n-820x820.jpg 820w, https:\/\/sp1.kielce.eu\/wp-content\/uploads\/2022\/11\/315016549_793205195071976_6864927369336626334_n.jpg 1080w\" sizes=\"auto, (max-width: 900px) 100vw, 900px\" \/><\/a><\/figure>\n\n\n\n<figure class=\"wp-block-image size-large\"><a href=\"http:\/\/sp1.kielce.eu\/wp-content\/uploads\/2022\/11\/IMG20221027110327-Medium.jpg\"><img loading=\"lazy\" decoding=\"async\" width=\"1366\" height=\"615\" data-id=\"24725\" src=\"http:\/\/sp1.kielce.eu\/wp-content\/uploads\/2022\/11\/IMG20221027110327-Medium.jpg\" alt=\"\" class=\"wp-image-24725\" srcset=\"https:\/\/sp1.kielce.eu\/wp-content\/uploads\/2022\/11\/IMG20221027110327-Medium.jpg 1366w, https:\/\/sp1.kielce.eu\/wp-content\/uploads\/2022\/11\/IMG20221027110327-Medium-300x135.jpg 300w, https:\/\/sp1.kielce.eu\/wp-content\/uploads\/2022\/11\/IMG20221027110327-Medium-768x346.jpg 768w, https:\/\/sp1.kielce.eu\/wp-content\/uploads\/2022\/11\/IMG20221027110327-Medium-820x369.jpg 820w\" sizes=\"auto, (max-width: 1366px) 100vw, 1366px\" \/><\/a><\/figure>\n\n\n\n<figure class=\"wp-block-image size-large\"><a href=\"http:\/\/sp1.kielce.eu\/wp-content\/uploads\/2022\/11\/Tytue.jpg\"><img loading=\"lazy\" decoding=\"async\" width=\"1400\" height=\"591\" data-id=\"24724\" src=\"http:\/\/sp1.kielce.eu\/wp-content\/uploads\/2022\/11\/Tytue-1400x591.jpg\" alt=\"\" class=\"wp-image-24724\" srcset=\"https:\/\/sp1.kielce.eu\/wp-content\/uploads\/2022\/11\/Tytue-1400x591.jpg 1400w, https:\/\/sp1.kielce.eu\/wp-content\/uploads\/2022\/11\/Tytue-300x127.jpg 300w, https:\/\/sp1.kielce.eu\/wp-content\/uploads\/2022\/11\/Tytue-768x324.jpg 768w, https:\/\/sp1.kielce.eu\/wp-content\/uploads\/2022\/11\/Tytue-820x346.jpg 820w, https:\/\/sp1.kielce.eu\/wp-content\/uploads\/2022\/11\/Tytue.jpg 1460w\" sizes=\"auto, (max-width: 1400px) 100vw, 1400px\" \/><\/a><\/figure>\n<\/figure>\n","protected":false},"excerpt":{"rendered":"<p>Kolejny rok spo\u0142eczno\u015b\u0107 naszej szko\u0142y zaanga\u017cowa\u0142a si\u0119 w og\u00f3lnopolsk\u0105 akcj\u0119 Szko\u0142a Pami\u0119ta. Jej celem jest [&hellip;]<\/p>\n","protected":false},"author":5,"featured_media":24724,"comment_status":"closed","ping_status":"","sticky":false,"template":"","format":"standard","meta":{"footnotes":""},"categories":[36],"tags":[],"class_list":["post-24717","post","type-post","status-publish","format-standard","has-post-thumbnail","hentry","category-wydarzenia"],"_links":{"self":[{"href":"https:\/\/sp1.kielce.eu\/index.php\/wp-json\/wp\/v2\/posts\/24717","targetHints":{"allow":["GET"]}}],"collection":[{"href":"https:\/\/sp1.kielce.eu\/index.php\/wp-json\/wp\/v2\/posts"}],"about":[{"href":"https:\/\/sp1.kielce.eu\/index.php\/wp-json\/wp\/v2\/types\/post"}],"author":[{"embeddable":true,"href":"https:\/\/sp1.kielce.eu\/index.php\/wp-json\/wp\/v2\/users\/5"}],"replies":[{"embeddable":true,"href":"https:\/\/sp1.kielce.eu\/index.php\/wp-json\/wp\/v2\/comments?post=24717"}],"version-history":[{"count":2,"href":"https:\/\/sp1.kielce.eu\/index.php\/wp-json\/wp\/v2\/posts\/24717\/revisions"}],"predecessor-version":[{"id":24727,"href":"https:\/\/sp1.kielce.eu\/index.php\/wp-json\/wp\/v2\/posts\/24717\/revisions\/24727"}],"wp:featuredmedia":[{"embeddable":true,"href":"https:\/\/sp1.kielce.eu\/index.php\/wp-json\/wp\/v2\/media\/24724"}],"wp:attachment":[{"href":"https:\/\/sp1.kielce.eu\/index.php\/wp-json\/wp\/v2\/media?parent=24717"}],"wp:term":[{"taxonomy":"category","embeddable":true,"href":"https:\/\/sp1.kielce.eu\/index.php\/wp-json\/wp\/v2\/categories?post=24717"},{"taxonomy":"post_tag","embeddable":true,"href":"https:\/\/sp1.kielce.eu\/index.php\/wp-json\/wp\/v2\/tags?post=24717"}],"curies":[{"name":"wp","href":"https:\/\/api.w.org\/{rel}","templated":true}]}}