{"id":24592,"date":"2022-11-02T08:24:32","date_gmt":"2022-11-02T07:24:32","guid":{"rendered":"http:\/\/sp1.kielce.eu\/?p=24592"},"modified":"2022-11-02T08:24:32","modified_gmt":"2022-11-02T07:24:32","slug":"plecak-dla-bezdomnego-przygotuj-zapakuj-i-przynies","status":"publish","type":"post","link":"https:\/\/sp1.kielce.eu\/index.php\/2022\/11\/02\/plecak-dla-bezdomnego-przygotuj-zapakuj-i-przynies\/","title":{"rendered":"\u201ePlecak dla bezdomnego\u201d \u2013 przygotuj, zapakuj i przynie\u015b!"},"content":{"rendered":"\n<p>Podobnie jak w poprzednich latach chcemy pomaga\u0107 ludziom ubogim i bezdomnym. W tym roku, w miesi\u0105cu listopadzie zaproszeni jeste\u015bmy przez Caritas Kielce, do w\u0142\u0105czenie si\u0119 <strong>w akcj\u0119 charytatywn\u0105 \u201ePlecak dla bezdomnego\u201d.<\/strong><\/p>\n\n\n\n<p>Chodzi tu o <strong>przygotowanie gotowego plecaka wraz z niezb\u0119dnym wyposa\u017ceniem, kt\u00f3rego przyk\u0142adowa lista znajduje si\u0119 na plakacie tej\u017ce inicjatywy i&nbsp; w punkcie 4. <\/strong>(ni\u017cej w notatce).<\/p>\n\n\n\n<p>Zapraszamy ca\u0142\u0105 spo\u0142eczno\u015b\u0107 naszej Szko\u0142y &#8211; zawsze gotowej do charytatywnej pomocy ludziom potrzebuj\u0105cym &#8211; do czynnego zaanga\u017cowania si\u0119 w akcj\u0119<strong>.<\/strong><\/p>\n\n\n\n<p><strong>Jak mo\u017cemy si\u0119 w\u0142\u0105czy\u0107 w akcj\u0119 \u201ePlecak dla bezdomnego\u201d?<\/strong><\/p>\n\n\n\n<ol class=\"wp-block-list\" type=\"1\"><li>Mo\u017cna przygotowa\u0107 <strong>gotowy plecak zakupiony lub u\u017cywany<\/strong><br><strong>w dobrym stanie<\/strong> wraz z zakupionym (lub u\u017cywanym, nie potrzebnym nam wyposa\u017ceniem) &#8211;&nbsp; indywidualnie; w kilka os\u00f3b, czy klasowo (np. 1, 2, 3, czy wi\u0119cej plecak\u00f3w).<\/li><li><strong>Gotowy plecak, czy gotowe plecaki przynosimy do szko\u0142y<br>i sk\u0142adamy je w przygotowanych pude\u0142kach<\/strong> przy wej\u015bciu g\u0142\u00f3wnym budynku szko\u0142y (zaznaczamy kto i z jakiej klasy przyni\u00f3s\u0142 gotowy plecak).<\/li><li>Mo\u017cna <strong>\u201etaki plecak, czy plecaki pakowa\u0107 klasowo\u201d <\/strong>na przyk\u0142ad na lekcji wychowawczej, robi\u0105c sobie pami\u0105tkowe zdj\u0119cie.<\/li><li>Oto przyk\u0142adowa <strong>lista niezb\u0119dnych rzeczy<\/strong>, kt\u00f3re dobrze by by\u0142o, \u017ceby znalaz\u0142y si\u0119 <strong>w \u201eplecaku dla bezdomnego<\/strong>\u201d (plecak dla m\u0119\u017cczyzny lub dla kobiety \u2013 mo\u017cna to zaznaczy\u0107 karteczk\u0105)<\/li><\/ol>\n\n\n\n<p>&#8211; <strong>nowy termos lub u\u017cywany w dobrym stanie, skarpetki, czapka, r\u0119kawiczki, bielizna m\u0119ska lub damska, \u015brodki opatrunkowe, latarka, baterie, chusteczki higieniczne, co\u015b s\u0142odkiego itp.&nbsp;<\/strong><\/p>\n\n\n\n<ul class=\"wp-block-list\"><li>Zebrane plecaki w szkole &#8211; przez naszych Wolontariuszy &#8211; zostan\u0105 przekazane do Diecezjalnego Centrum Wolontariatu (ul. Ma\u0142a 17\/3).&nbsp;<\/li><\/ul>\n\n\n\n<p><strong>Akcja charytatywna <u>trwa do 30 listopada!<\/u><\/strong><\/p>\n\n\n\n<p><strong>Pierwsze przekazanie plecak\u00f3w dla bezdomnych odb\u0119dzie si\u0119<\/strong><\/p>\n\n\n\n<p><strong><u>13 listopada (Dzie\u0144 Ubogich)<\/u><\/strong><\/p>\n\n\n\n<p>Dzi\u0119kujemy z g\u00f3ry za ka\u017cdy przygotowany plecak dla bezdomnego!<\/p>\n\n\n\n<p>Szkolne Ko\u0142o Wolontariatu \u201eJEDYNKA\u201d<\/p>\n\n\n\n<p>Wychowawcy klas I-VIII<\/p>\n\n\n\n<figure class=\"wp-block-gallery has-nested-images columns-default is-cropped wp-block-gallery-1 is-layout-flex wp-block-gallery-is-layout-flex\">\n<figure class=\"wp-block-image size-large\"><img loading=\"lazy\" decoding=\"async\" width=\"635\" height=\"900\" data-id=\"24593\" src=\"http:\/\/sp1.kielce.eu\/wp-content\/uploads\/2022\/11\/20221028_185333-Medium-635x900.jpg\" alt=\"\" class=\"wp-image-24593\" srcset=\"https:\/\/sp1.kielce.eu\/wp-content\/uploads\/2022\/11\/20221028_185333-Medium-635x900.jpg 635w, https:\/\/sp1.kielce.eu\/wp-content\/uploads\/2022\/11\/20221028_185333-Medium-212x300.jpg 212w, https:\/\/sp1.kielce.eu\/wp-content\/uploads\/2022\/11\/20221028_185333-Medium.jpg 768w\" sizes=\"auto, (max-width: 635px) 100vw, 635px\" \/><\/figure>\n<\/figure>\n","protected":false},"excerpt":{"rendered":"<p>Podobnie jak w poprzednich latach chcemy pomaga\u0107 ludziom ubogim i bezdomnym. W tym roku, w [&hellip;]<\/p>\n","protected":false},"author":5,"featured_media":24593,"comment_status":"closed","ping_status":"","sticky":false,"template":"","format":"standard","meta":{"footnotes":""},"categories":[36,163],"tags":[],"class_list":["post-24592","post","type-post","status-publish","format-standard","has-post-thumbnail","hentry","category-wydarzenia","category-skw"],"_links":{"self":[{"href":"https:\/\/sp1.kielce.eu\/index.php\/wp-json\/wp\/v2\/posts\/24592","targetHints":{"allow":["GET"]}}],"collection":[{"href":"https:\/\/sp1.kielce.eu\/index.php\/wp-json\/wp\/v2\/posts"}],"about":[{"href":"https:\/\/sp1.kielce.eu\/index.php\/wp-json\/wp\/v2\/types\/post"}],"author":[{"embeddable":true,"href":"https:\/\/sp1.kielce.eu\/index.php\/wp-json\/wp\/v2\/users\/5"}],"replies":[{"embeddable":true,"href":"https:\/\/sp1.kielce.eu\/index.php\/wp-json\/wp\/v2\/comments?post=24592"}],"version-history":[{"count":1,"href":"https:\/\/sp1.kielce.eu\/index.php\/wp-json\/wp\/v2\/posts\/24592\/revisions"}],"predecessor-version":[{"id":24594,"href":"https:\/\/sp1.kielce.eu\/index.php\/wp-json\/wp\/v2\/posts\/24592\/revisions\/24594"}],"wp:featuredmedia":[{"embeddable":true,"href":"https:\/\/sp1.kielce.eu\/index.php\/wp-json\/wp\/v2\/media\/24593"}],"wp:attachment":[{"href":"https:\/\/sp1.kielce.eu\/index.php\/wp-json\/wp\/v2\/media?parent=24592"}],"wp:term":[{"taxonomy":"category","embeddable":true,"href":"https:\/\/sp1.kielce.eu\/index.php\/wp-json\/wp\/v2\/categories?post=24592"},{"taxonomy":"post_tag","embeddable":true,"href":"https:\/\/sp1.kielce.eu\/index.php\/wp-json\/wp\/v2\/tags?post=24592"}],"curies":[{"name":"wp","href":"https:\/\/api.w.org\/{rel}","templated":true}]}}