{"id":24572,"date":"2022-10-28T08:38:55","date_gmt":"2022-10-28T06:38:55","guid":{"rendered":"http:\/\/sp1.kielce.eu\/?p=24572"},"modified":"2022-10-28T08:46:06","modified_gmt":"2022-10-28T06:46:06","slug":"wojewodzki-certyfikat-szkola-promujaca-zdrowie","status":"publish","type":"post","link":"https:\/\/sp1.kielce.eu\/index.php\/2022\/10\/28\/wojewodzki-certyfikat-szkola-promujaca-zdrowie\/","title":{"rendered":"Wojew\u00f3dzki Certyfikat \u201eSZKO\u0141A PROMUJ\u0104CA ZDROWIE\u201d"},"content":{"rendered":"\n<p>Od najm\u0142odszych lat nasza szko\u0142a kszta\u0142ci i utrwala nawyki prozdrowotne oraz uczy odpowiedzialno\u015bci za w\u0142asne zdrowie.<br>St\u0105d z ogromn\u0105 rado\u015bci\u0105 informuj\u0119 Pa\u0144stwa, \u017ce w dniu 21 pa\u017adziernika 2022 r. w ramach XX Festiwalu Zdrowia w Busku &#8211; Zdroju im. Zbigniewa Kociuby otrzymali\u015bmy Wojew\u00f3dzki Certyfikat \u201eSZKO\u0141A PROMUJ\u0104CA ZDROWIE\u201d. Tytu\u0142 ten jest symbolem naszych wieloletnich dzia\u0142a\u0144 w zakresie promocji zdrowia w\u015br\u00f3d dzieci i m\u0142odzie\u017cy, kt\u00f3ry zosta\u0142 nam przyznany dzi\u0119ki staraniom ca\u0142ej Spo\u0142eczno\u015bci Szkolnej.<\/p>\n\n\n\n<p>Certyfikat z r\u0105k Pani Katarzyny Nowackiej &#8211; \u015awi\u0119tokrzyskiego Wicekuratora O\u015bwiaty odebra\u0142y:<br>Dyrektor Szko\u0142y Podstawowej nr 1 im. Stanis\u0142awa Staszica w Kielcach &#8211; Pani \u017baneta Szczepaniak<br>koordynator: Pani Krystyna Banasik<\/p>\n\n\n\n<p>Opr\u00f3cz uroczystego wr\u0119czenia certyfikat\u00f3w, konferencja obfitowa\u0142a tak\u017ce w wiele ciekawych wydarze\u0144 oraz wyk\u0142ad\u00f3w na temat zdrowia, kt\u00f3re wyg\u0142osili min.:<\/p>\n\n\n\n<ul class=\"wp-block-list\"><li>mgr Irena Sobieraj &#8211; Starszy wizytator Kuratorium O\u015bwiaty w Kielcach -&#8222;Ratujmy \u017cycie &#8211; Przeciwdzia\u0142anie zaka\u017ceniom HIV w szko\u0142ach woj.\u015bwi\u0119tokrzyskiego. Co trzeba wiedzie\u0107 o HIV i AIDS&#8221;,<\/li><li>mgr Ewa Ziemkiewicz &#8211; Wojew\u00f3dzka Stacja Sanitarno &#8211; Epidemiologiczna w Kielcach &#8211; &#8222;Choroby zaka\u017ane &#8211; jak im zapobiega\u0107&#8221;,<\/li><li>dr Gra\u017cyna Lis &#8211; Akademia Nauk Stosowanych im. prof. Edwarda Lipi\u0144skiego w Kielcach &#8211; &#8222;Pacjent w kryzysie suicydalnym z perspektywy opieki piel\u0119gniarskiej&#8221;.<\/li><\/ul>\n\n\n\n<p>Dyrektor SP nr 1 p.\u017baneta Szczepaniak<br>koordynator d.s. promocji zdrowia p.Krystyna Banasik<\/p>\n\n\n\n<figure class=\"wp-block-gallery has-nested-images columns-default is-cropped wp-block-gallery-1 is-layout-flex wp-block-gallery-is-layout-flex\">\n<figure class=\"wp-block-image size-large\"><a href=\"http:\/\/sp1.kielce.eu\/wp-content\/uploads\/2022\/10\/Microsofteams-image-Medium-1.png\"><img loading=\"lazy\" decoding=\"async\" width=\"1365\" height=\"768\" data-id=\"24576\" src=\"http:\/\/sp1.kielce.eu\/wp-content\/uploads\/2022\/10\/Microsofteams-image-Medium-1.png\" alt=\"\" class=\"wp-image-24576\" srcset=\"https:\/\/sp1.kielce.eu\/wp-content\/uploads\/2022\/10\/Microsofteams-image-Medium-1.png 1365w, https:\/\/sp1.kielce.eu\/wp-content\/uploads\/2022\/10\/Microsofteams-image-Medium-1-300x169.png 300w, https:\/\/sp1.kielce.eu\/wp-content\/uploads\/2022\/10\/Microsofteams-image-Medium-1-768x432.png 768w, https:\/\/sp1.kielce.eu\/wp-content\/uploads\/2022\/10\/Microsofteams-image-Medium-1-820x461.png 820w\" sizes=\"auto, (max-width: 1365px) 100vw, 1365px\" \/><\/a><\/figure>\n\n\n\n<figure class=\"wp-block-image size-large\"><a href=\"http:\/\/sp1.kielce.eu\/wp-content\/uploads\/2022\/10\/MicrosoftTeams-imae-Medium.png\"><img loading=\"lazy\" decoding=\"async\" width=\"1365\" height=\"768\" data-id=\"24574\" src=\"http:\/\/sp1.kielce.eu\/wp-content\/uploads\/2022\/10\/MicrosoftTeams-imae-Medium.png\" alt=\"\" class=\"wp-image-24574\" srcset=\"https:\/\/sp1.kielce.eu\/wp-content\/uploads\/2022\/10\/MicrosoftTeams-imae-Medium.png 1365w, https:\/\/sp1.kielce.eu\/wp-content\/uploads\/2022\/10\/MicrosoftTeams-imae-Medium-300x169.png 300w, https:\/\/sp1.kielce.eu\/wp-content\/uploads\/2022\/10\/MicrosoftTeams-imae-Medium-768x432.png 768w, https:\/\/sp1.kielce.eu\/wp-content\/uploads\/2022\/10\/MicrosoftTeams-imae-Medium-820x461.png 820w\" sizes=\"auto, (max-width: 1365px) 100vw, 1365px\" \/><\/a><\/figure>\n\n\n\n<figure class=\"wp-block-image size-large\"><a href=\"http:\/\/sp1.kielce.eu\/wp-content\/uploads\/2022\/10\/MicrosoftTeamsimage-Medium.png\"><img loading=\"lazy\" decoding=\"async\" width=\"1365\" height=\"768\" data-id=\"24573\" src=\"http:\/\/sp1.kielce.eu\/wp-content\/uploads\/2022\/10\/MicrosoftTeamsimage-Medium.png\" alt=\"\" class=\"wp-image-24573\" srcset=\"https:\/\/sp1.kielce.eu\/wp-content\/uploads\/2022\/10\/MicrosoftTeamsimage-Medium.png 1365w, https:\/\/sp1.kielce.eu\/wp-content\/uploads\/2022\/10\/MicrosoftTeamsimage-Medium-300x169.png 300w, https:\/\/sp1.kielce.eu\/wp-content\/uploads\/2022\/10\/MicrosoftTeamsimage-Medium-768x432.png 768w, https:\/\/sp1.kielce.eu\/wp-content\/uploads\/2022\/10\/MicrosoftTeamsimage-Medium-820x461.png 820w\" sizes=\"auto, (max-width: 1365px) 100vw, 1365px\" \/><\/a><\/figure>\n\n\n\n<figure class=\"wp-block-image size-large\"><a href=\"http:\/\/sp1.kielce.eu\/wp-content\/uploads\/2022\/10\/MicrosoftTeams-image-Medium-3.png\"><img loading=\"lazy\" decoding=\"async\" width=\"1365\" height=\"768\" data-id=\"24575\" src=\"http:\/\/sp1.kielce.eu\/wp-content\/uploads\/2022\/10\/MicrosoftTeams-image-Medium-3.png\" alt=\"\" class=\"wp-image-24575\" srcset=\"https:\/\/sp1.kielce.eu\/wp-content\/uploads\/2022\/10\/MicrosoftTeams-image-Medium-3.png 1365w, https:\/\/sp1.kielce.eu\/wp-content\/uploads\/2022\/10\/MicrosoftTeams-image-Medium-3-300x169.png 300w, https:\/\/sp1.kielce.eu\/wp-content\/uploads\/2022\/10\/MicrosoftTeams-image-Medium-3-768x432.png 768w, https:\/\/sp1.kielce.eu\/wp-content\/uploads\/2022\/10\/MicrosoftTeams-image-Medium-3-820x461.png 820w\" sizes=\"auto, (max-width: 1365px) 100vw, 1365px\" \/><\/a><\/figure>\n<\/figure>\n","protected":false},"excerpt":{"rendered":"<p>Od najm\u0142odszych lat nasza szko\u0142a kszta\u0142ci i utrwala nawyki prozdrowotne oraz uczy odpowiedzialno\u015bci za w\u0142asne [&hellip;]<\/p>\n","protected":false},"author":5,"featured_media":24574,"comment_status":"closed","ping_status":"","sticky":false,"template":"","format":"standard","meta":{"footnotes":""},"categories":[36,24],"tags":[],"class_list":["post-24572","post","type-post","status-publish","format-standard","has-post-thumbnail","hentry","category-wydarzenia","category-zdrowie"],"_links":{"self":[{"href":"https:\/\/sp1.kielce.eu\/index.php\/wp-json\/wp\/v2\/posts\/24572","targetHints":{"allow":["GET"]}}],"collection":[{"href":"https:\/\/sp1.kielce.eu\/index.php\/wp-json\/wp\/v2\/posts"}],"about":[{"href":"https:\/\/sp1.kielce.eu\/index.php\/wp-json\/wp\/v2\/types\/post"}],"author":[{"embeddable":true,"href":"https:\/\/sp1.kielce.eu\/index.php\/wp-json\/wp\/v2\/users\/5"}],"replies":[{"embeddable":true,"href":"https:\/\/sp1.kielce.eu\/index.php\/wp-json\/wp\/v2\/comments?post=24572"}],"version-history":[{"count":2,"href":"https:\/\/sp1.kielce.eu\/index.php\/wp-json\/wp\/v2\/posts\/24572\/revisions"}],"predecessor-version":[{"id":24578,"href":"https:\/\/sp1.kielce.eu\/index.php\/wp-json\/wp\/v2\/posts\/24572\/revisions\/24578"}],"wp:featuredmedia":[{"embeddable":true,"href":"https:\/\/sp1.kielce.eu\/index.php\/wp-json\/wp\/v2\/media\/24574"}],"wp:attachment":[{"href":"https:\/\/sp1.kielce.eu\/index.php\/wp-json\/wp\/v2\/media?parent=24572"}],"wp:term":[{"taxonomy":"category","embeddable":true,"href":"https:\/\/sp1.kielce.eu\/index.php\/wp-json\/wp\/v2\/categories?post=24572"},{"taxonomy":"post_tag","embeddable":true,"href":"https:\/\/sp1.kielce.eu\/index.php\/wp-json\/wp\/v2\/tags?post=24572"}],"curies":[{"name":"wp","href":"https:\/\/api.w.org\/{rel}","templated":true}]}}