{"id":24537,"date":"2022-11-02T08:18:00","date_gmt":"2022-11-02T07:18:00","guid":{"rendered":"http:\/\/sp1.kielce.eu\/?p=24537"},"modified":"2022-10-28T08:20:49","modified_gmt":"2022-10-28T06:20:49","slug":"xxiii-edycja-akcji-gora-grosza","status":"publish","type":"post","link":"https:\/\/sp1.kielce.eu\/index.php\/2022\/11\/02\/xxiii-edycja-akcji-gora-grosza\/","title":{"rendered":"XXIII edycja akcji G\u00f3ra Grosza"},"content":{"rendered":"\n<p>Od 1 listopada 2022 roku, w ramach akcji Towarzystwa Nasz Dom,<\/p>\n\n\n\n<p>Samorz\u0105d Uczniowski rusza ze zbi\u00f3rk\u0105 monet!<\/p>\n\n\n\n<p>Zbi\u00f3rka potrwa do 28 lutego 2023 roku. Tradycyjnie przedstawiciele SU b\u0119d\u0105 odwiedza\u0107 klasy i zbiera\u0107 do puszki monety. Ma\u0142y Samorz\u0105d b\u0119dzie odpowiada\u0142 za zbi\u00f3rk\u0119 w klasach I \u2013 III, a Du\u017cy Samorz\u0105d w klasach IV \u2013 VIII.<\/p>\n\n\n\n<p>Wrzucaj\u0105c monet\u0119 na&nbsp;G\u00f3r\u0119 Grosza, przekazujecie \u015brodki niezb\u0119dne dzieciom do&nbsp;znalezienia bezpiecznego miejsca, pomocy w&nbsp;codziennej nauce, rozwijania pasji i&nbsp;talent\u00f3w, rehabilitacji i&nbsp;usamodzielnienia si\u0119.<\/p>\n\n\n\n<p>Dzi\u0119ki Waszej pomocy zorganizowano:<br>\u2022 Programy stypendialne dla ponad 100 dzieci, wyr\u00f3wnuj\u0105ce szanse edukacyjne i&nbsp;rozwijaj\u0105ce pasje.<br>\u2022 Akcj\u0119 Ubrania od&nbsp;serca, kt\u00f3ra&nbsp;obdarowa\u0142a ponad 1500 dzieci voucherami do&nbsp;sklepu odzie\u017cowego, dla wielu z&nbsp;nich to&nbsp;by\u0142 pierwszy raz kiedy mog\u0142y samodzielnie zdecydowa\u0107 o&nbsp;zakupie ubra\u0144.<br>\u2022 Wsparcie psychologiczne, warsztaty, konsultacje i&nbsp;terapie dla dzieci i&nbsp;opiekun\u00f3w w&nbsp;Warszawie, S\u0142upsku i&nbsp;Wroc\u0142awiu. Pomog\u0142y ponad 1000 dzieci.<br>\u2022 Ca\u0142odobow\u0105, specjalistyczn\u0105 opiek\u0119 dla ponad 100 dzieci w&nbsp;Domach dla Dzieci w&nbsp;Mr\u0105gowie, Przemy\u015blu, Wroc\u0142awiu i&nbsp;Krakowie.<\/p>\n\n\n\n<p>Opiekunki SU<\/p>\n","protected":false},"excerpt":{"rendered":"<p>Od 1 listopada 2022 roku, w ramach akcji Towarzystwa Nasz Dom, Samorz\u0105d Uczniowski rusza ze [&hellip;]<\/p>\n","protected":false},"author":5,"featured_media":24538,"comment_status":"closed","ping_status":"","sticky":false,"template":"","format":"standard","meta":{"footnotes":""},"categories":[36,170,18],"tags":[],"class_list":["post-24537","post","type-post","status-publish","format-standard","has-post-thumbnail","hentry","category-wydarzenia","category-msu","category-samorzad-uczniowoski"],"_links":{"self":[{"href":"https:\/\/sp1.kielce.eu\/index.php\/wp-json\/wp\/v2\/posts\/24537","targetHints":{"allow":["GET"]}}],"collection":[{"href":"https:\/\/sp1.kielce.eu\/index.php\/wp-json\/wp\/v2\/posts"}],"about":[{"href":"https:\/\/sp1.kielce.eu\/index.php\/wp-json\/wp\/v2\/types\/post"}],"author":[{"embeddable":true,"href":"https:\/\/sp1.kielce.eu\/index.php\/wp-json\/wp\/v2\/users\/5"}],"replies":[{"embeddable":true,"href":"https:\/\/sp1.kielce.eu\/index.php\/wp-json\/wp\/v2\/comments?post=24537"}],"version-history":[{"count":1,"href":"https:\/\/sp1.kielce.eu\/index.php\/wp-json\/wp\/v2\/posts\/24537\/revisions"}],"predecessor-version":[{"id":24539,"href":"https:\/\/sp1.kielce.eu\/index.php\/wp-json\/wp\/v2\/posts\/24537\/revisions\/24539"}],"wp:featuredmedia":[{"embeddable":true,"href":"https:\/\/sp1.kielce.eu\/index.php\/wp-json\/wp\/v2\/media\/24538"}],"wp:attachment":[{"href":"https:\/\/sp1.kielce.eu\/index.php\/wp-json\/wp\/v2\/media?parent=24537"}],"wp:term":[{"taxonomy":"category","embeddable":true,"href":"https:\/\/sp1.kielce.eu\/index.php\/wp-json\/wp\/v2\/categories?post=24537"},{"taxonomy":"post_tag","embeddable":true,"href":"https:\/\/sp1.kielce.eu\/index.php\/wp-json\/wp\/v2\/tags?post=24537"}],"curies":[{"name":"wp","href":"https:\/\/api.w.org\/{rel}","templated":true}]}}