{"id":24531,"date":"2022-10-28T08:17:07","date_gmt":"2022-10-28T06:17:07","guid":{"rendered":"http:\/\/sp1.kielce.eu\/?p=24531"},"modified":"2022-10-28T08:17:07","modified_gmt":"2022-10-28T06:17:07","slug":"dzien-walki-z-otyloscia","status":"publish","type":"post","link":"https:\/\/sp1.kielce.eu\/index.php\/2022\/10\/28\/dzien-walki-z-otyloscia\/","title":{"rendered":"Dzie\u0144 walki z oty\u0142o\u015bci\u0105"},"content":{"rendered":"\n<p>24 pa\u017adziernika obchodzili\u015bmy Dzie\u0144 walki z oty\u0142o\u015bci\u0105.<\/p>\n\n\n\n<p>Uczniowie w ramach lekcji wychowania fizycznego liczyli swoje wska\u017aniki BMI oraz poznawali tajniki zdrowego&nbsp;\u017cywienia.<\/p>\n\n\n\n<p>Wykonywali \u0107wiczenia pomagaj\u0105ce w utrzymaniu zdrowej sylwetki. Wszystko to odbywa\u0142o si\u0119 w kolorach owoc\u00f3w i warzyw.&nbsp;Ka\u017cdy z uczni\u00f3w tego dnia na lekcji w-fu ubrany by\u0142 w kolorow\u0105 koszulk\u0119&nbsp; reprezentuj\u0105c swoje ulubione warzywo b\u0105d\u017a owoc.<\/p>\n\n\n\n<p>Agnieszka Adamczyk<\/p>\n\n\n\n<figure class=\"wp-block-gallery has-nested-images columns-default is-cropped wp-block-gallery-1 is-layout-flex wp-block-gallery-is-layout-flex\">\n<figure class=\"wp-block-image size-large\"><a href=\"http:\/\/sp1.kielce.eu\/wp-content\/uploads\/2022\/10\/WhatsApp-Image-2022-10-25-at-21.12.19.jpeg\"><img loading=\"lazy\" decoding=\"async\" width=\"2048\" height=\"943\" data-id=\"24532\" src=\"http:\/\/sp1.kielce.eu\/wp-content\/uploads\/2022\/10\/WhatsApp-Image-2022-10-25-at-21.12.19.jpeg\" alt=\"\" class=\"wp-image-24532\" srcset=\"https:\/\/sp1.kielce.eu\/wp-content\/uploads\/2022\/10\/WhatsApp-Image-2022-10-25-at-21.12.19.jpeg 2048w, https:\/\/sp1.kielce.eu\/wp-content\/uploads\/2022\/10\/WhatsApp-Image-2022-10-25-at-21.12.19-300x138.jpeg 300w, https:\/\/sp1.kielce.eu\/wp-content\/uploads\/2022\/10\/WhatsApp-Image-2022-10-25-at-21.12.19-1400x645.jpeg 1400w, https:\/\/sp1.kielce.eu\/wp-content\/uploads\/2022\/10\/WhatsApp-Image-2022-10-25-at-21.12.19-768x354.jpeg 768w, https:\/\/sp1.kielce.eu\/wp-content\/uploads\/2022\/10\/WhatsApp-Image-2022-10-25-at-21.12.19-1536x707.jpeg 1536w, https:\/\/sp1.kielce.eu\/wp-content\/uploads\/2022\/10\/WhatsApp-Image-2022-10-25-at-21.12.19-820x378.jpeg 820w\" sizes=\"auto, (max-width: 2048px) 100vw, 2048px\" \/><\/a><\/figure>\n\n\n\n<figure class=\"wp-block-image size-large\"><a href=\"http:\/\/sp1.kielce.eu\/wp-content\/uploads\/2022\/10\/WhatsApp-Image-2022-10-25-at-21.12.20-1.jpeg\"><img loading=\"lazy\" decoding=\"async\" width=\"1992\" height=\"920\" data-id=\"24533\" src=\"http:\/\/sp1.kielce.eu\/wp-content\/uploads\/2022\/10\/WhatsApp-Image-2022-10-25-at-21.12.20-1.jpeg\" alt=\"\" class=\"wp-image-24533\" srcset=\"https:\/\/sp1.kielce.eu\/wp-content\/uploads\/2022\/10\/WhatsApp-Image-2022-10-25-at-21.12.20-1.jpeg 1992w, https:\/\/sp1.kielce.eu\/wp-content\/uploads\/2022\/10\/WhatsApp-Image-2022-10-25-at-21.12.20-1-300x139.jpeg 300w, https:\/\/sp1.kielce.eu\/wp-content\/uploads\/2022\/10\/WhatsApp-Image-2022-10-25-at-21.12.20-1-1400x647.jpeg 1400w, https:\/\/sp1.kielce.eu\/wp-content\/uploads\/2022\/10\/WhatsApp-Image-2022-10-25-at-21.12.20-1-768x355.jpeg 768w, https:\/\/sp1.kielce.eu\/wp-content\/uploads\/2022\/10\/WhatsApp-Image-2022-10-25-at-21.12.20-1-1536x709.jpeg 1536w, https:\/\/sp1.kielce.eu\/wp-content\/uploads\/2022\/10\/WhatsApp-Image-2022-10-25-at-21.12.20-1-820x379.jpeg 820w\" sizes=\"auto, (max-width: 1992px) 100vw, 1992px\" \/><\/a><\/figure>\n\n\n\n<figure class=\"wp-block-image size-large\"><a href=\"http:\/\/sp1.kielce.eu\/wp-content\/uploads\/2022\/10\/WhatsApp-Image-2022-10-25-at-21.12.20.jpeg\"><img loading=\"lazy\" decoding=\"async\" width=\"920\" height=\"1992\" data-id=\"24534\" src=\"http:\/\/sp1.kielce.eu\/wp-content\/uploads\/2022\/10\/WhatsApp-Image-2022-10-25-at-21.12.20.jpeg\" alt=\"\" class=\"wp-image-24534\" srcset=\"https:\/\/sp1.kielce.eu\/wp-content\/uploads\/2022\/10\/WhatsApp-Image-2022-10-25-at-21.12.20.jpeg 920w, https:\/\/sp1.kielce.eu\/wp-content\/uploads\/2022\/10\/WhatsApp-Image-2022-10-25-at-21.12.20-139x300.jpeg 139w, https:\/\/sp1.kielce.eu\/wp-content\/uploads\/2022\/10\/WhatsApp-Image-2022-10-25-at-21.12.20-416x900.jpeg 416w, https:\/\/sp1.kielce.eu\/wp-content\/uploads\/2022\/10\/WhatsApp-Image-2022-10-25-at-21.12.20-768x1663.jpeg 768w, https:\/\/sp1.kielce.eu\/wp-content\/uploads\/2022\/10\/WhatsApp-Image-2022-10-25-at-21.12.20-709x1536.jpeg 709w, https:\/\/sp1.kielce.eu\/wp-content\/uploads\/2022\/10\/WhatsApp-Image-2022-10-25-at-21.12.20-820x1775.jpeg 820w\" sizes=\"auto, (max-width: 920px) 100vw, 920px\" \/><\/a><\/figure>\n\n\n\n<figure class=\"wp-block-image size-large\"><a href=\"http:\/\/sp1.kielce.eu\/wp-content\/uploads\/2022\/10\/WhatsApp-Image-2022-10-25-at-21.54.13.jpeg\"><img loading=\"lazy\" decoding=\"async\" width=\"1580\" height=\"2048\" data-id=\"24535\" src=\"http:\/\/sp1.kielce.eu\/wp-content\/uploads\/2022\/10\/WhatsApp-Image-2022-10-25-at-21.54.13.jpeg\" alt=\"\" class=\"wp-image-24535\" srcset=\"https:\/\/sp1.kielce.eu\/wp-content\/uploads\/2022\/10\/WhatsApp-Image-2022-10-25-at-21.54.13.jpeg 1580w, https:\/\/sp1.kielce.eu\/wp-content\/uploads\/2022\/10\/WhatsApp-Image-2022-10-25-at-21.54.13-231x300.jpeg 231w, https:\/\/sp1.kielce.eu\/wp-content\/uploads\/2022\/10\/WhatsApp-Image-2022-10-25-at-21.54.13-694x900.jpeg 694w, https:\/\/sp1.kielce.eu\/wp-content\/uploads\/2022\/10\/WhatsApp-Image-2022-10-25-at-21.54.13-768x995.jpeg 768w, https:\/\/sp1.kielce.eu\/wp-content\/uploads\/2022\/10\/WhatsApp-Image-2022-10-25-at-21.54.13-1185x1536.jpeg 1185w, https:\/\/sp1.kielce.eu\/wp-content\/uploads\/2022\/10\/WhatsApp-Image-2022-10-25-at-21.54.13-820x1063.jpeg 820w\" sizes=\"auto, (max-width: 1580px) 100vw, 1580px\" \/><\/a><\/figure>\n<\/figure>\n","protected":false},"excerpt":{"rendered":"<p>24 pa\u017adziernika obchodzili\u015bmy Dzie\u0144 walki z oty\u0142o\u015bci\u0105. Uczniowie w ramach lekcji wychowania fizycznego liczyli swoje [&hellip;]<\/p>\n","protected":false},"author":5,"featured_media":24535,"comment_status":"closed","ping_status":"","sticky":false,"template":"","format":"standard","meta":{"footnotes":""},"categories":[36],"tags":[],"class_list":["post-24531","post","type-post","status-publish","format-standard","has-post-thumbnail","hentry","category-wydarzenia"],"_links":{"self":[{"href":"https:\/\/sp1.kielce.eu\/index.php\/wp-json\/wp\/v2\/posts\/24531","targetHints":{"allow":["GET"]}}],"collection":[{"href":"https:\/\/sp1.kielce.eu\/index.php\/wp-json\/wp\/v2\/posts"}],"about":[{"href":"https:\/\/sp1.kielce.eu\/index.php\/wp-json\/wp\/v2\/types\/post"}],"author":[{"embeddable":true,"href":"https:\/\/sp1.kielce.eu\/index.php\/wp-json\/wp\/v2\/users\/5"}],"replies":[{"embeddable":true,"href":"https:\/\/sp1.kielce.eu\/index.php\/wp-json\/wp\/v2\/comments?post=24531"}],"version-history":[{"count":1,"href":"https:\/\/sp1.kielce.eu\/index.php\/wp-json\/wp\/v2\/posts\/24531\/revisions"}],"predecessor-version":[{"id":24536,"href":"https:\/\/sp1.kielce.eu\/index.php\/wp-json\/wp\/v2\/posts\/24531\/revisions\/24536"}],"wp:featuredmedia":[{"embeddable":true,"href":"https:\/\/sp1.kielce.eu\/index.php\/wp-json\/wp\/v2\/media\/24535"}],"wp:attachment":[{"href":"https:\/\/sp1.kielce.eu\/index.php\/wp-json\/wp\/v2\/media?parent=24531"}],"wp:term":[{"taxonomy":"category","embeddable":true,"href":"https:\/\/sp1.kielce.eu\/index.php\/wp-json\/wp\/v2\/categories?post=24531"},{"taxonomy":"post_tag","embeddable":true,"href":"https:\/\/sp1.kielce.eu\/index.php\/wp-json\/wp\/v2\/tags?post=24531"}],"curies":[{"name":"wp","href":"https:\/\/api.w.org\/{rel}","templated":true}]}}