{"id":24521,"date":"2022-10-27T22:30:26","date_gmt":"2022-10-27T20:30:26","guid":{"rendered":"http:\/\/sp1.kielce.eu\/?p=24521"},"modified":"2022-10-27T22:30:26","modified_gmt":"2022-10-27T20:30:26","slug":"wyjscie-ib-na-cmentarz","status":"publish","type":"post","link":"https:\/\/sp1.kielce.eu\/index.php\/2022\/10\/27\/wyjscie-ib-na-cmentarz\/","title":{"rendered":"Wyj\u015bcie IB na Cmentarz\u00a0"},"content":{"rendered":"\n<p>W dniu 27 pa\u017adziernika\u00a0 dzieci z klasy I B wybra\u0142y si\u0119 na Cmentarz Partyzant\u00f3w przy ul. \u015aciegiennego w Kielcach, celem uczczenia pami\u0119ci zmar\u0142ych za nasz\u0105 ojczyzn\u0119. Uczniowie zapalili znicze, jako wyraz pami\u0119ci i szacunku dla bohatersko poleg\u0142ych \u017co\u0142nierzy.<\/p>\n\n\n\n<p class=\"has-text-align-right\">Wychowawca klasy<\/p>\n\n\n\n<p class=\"has-text-align-right\">Kinga Kozie\u0142<\/p>\n\n\n\n<figure class=\"wp-block-gallery has-nested-images columns-default is-cropped wp-block-gallery-1 is-layout-flex wp-block-gallery-is-layout-flex\">\n<figure class=\"wp-block-image size-full\"><a href=\"http:\/\/sp1.kielce.eu\/wp-content\/uploads\/2022\/10\/1-Copy-4.jpg\"><img loading=\"lazy\" decoding=\"async\" width=\"1200\" height=\"865\" data-id=\"24526\" src=\"http:\/\/sp1.kielce.eu\/wp-content\/uploads\/2022\/10\/1-Copy-4.jpg\" alt=\"\" class=\"wp-image-24526\" srcset=\"https:\/\/sp1.kielce.eu\/wp-content\/uploads\/2022\/10\/1-Copy-4.jpg 1200w, https:\/\/sp1.kielce.eu\/wp-content\/uploads\/2022\/10\/1-Copy-4-300x216.jpg 300w, https:\/\/sp1.kielce.eu\/wp-content\/uploads\/2022\/10\/1-Copy-4-768x554.jpg 768w, https:\/\/sp1.kielce.eu\/wp-content\/uploads\/2022\/10\/1-Copy-4-820x591.jpg 820w\" sizes=\"auto, (max-width: 1200px) 100vw, 1200px\" \/><\/a><\/figure>\n\n\n\n<figure class=\"wp-block-image size-full\"><a href=\"http:\/\/sp1.kielce.eu\/wp-content\/uploads\/2022\/10\/2-Copy-3.jpg\"><img loading=\"lazy\" decoding=\"async\" width=\"1200\" height=\"830\" data-id=\"24525\" src=\"http:\/\/sp1.kielce.eu\/wp-content\/uploads\/2022\/10\/2-Copy-3.jpg\" alt=\"\" class=\"wp-image-24525\" srcset=\"https:\/\/sp1.kielce.eu\/wp-content\/uploads\/2022\/10\/2-Copy-3.jpg 1200w, https:\/\/sp1.kielce.eu\/wp-content\/uploads\/2022\/10\/2-Copy-3-300x208.jpg 300w, https:\/\/sp1.kielce.eu\/wp-content\/uploads\/2022\/10\/2-Copy-3-768x531.jpg 768w, https:\/\/sp1.kielce.eu\/wp-content\/uploads\/2022\/10\/2-Copy-3-820x567.jpg 820w\" sizes=\"auto, (max-width: 1200px) 100vw, 1200px\" \/><\/a><\/figure>\n\n\n\n<figure class=\"wp-block-image size-full\"><a href=\"http:\/\/sp1.kielce.eu\/wp-content\/uploads\/2022\/10\/3-Copy-2.jpg\"><img loading=\"lazy\" decoding=\"async\" width=\"1000\" height=\"900\" data-id=\"24527\" src=\"http:\/\/sp1.kielce.eu\/wp-content\/uploads\/2022\/10\/3-Copy-2.jpg\" alt=\"\" class=\"wp-image-24527\" srcset=\"https:\/\/sp1.kielce.eu\/wp-content\/uploads\/2022\/10\/3-Copy-2.jpg 1000w, https:\/\/sp1.kielce.eu\/wp-content\/uploads\/2022\/10\/3-Copy-2-300x270.jpg 300w, https:\/\/sp1.kielce.eu\/wp-content\/uploads\/2022\/10\/3-Copy-2-768x691.jpg 768w, https:\/\/sp1.kielce.eu\/wp-content\/uploads\/2022\/10\/3-Copy-2-820x738.jpg 820w\" sizes=\"auto, (max-width: 1000px) 100vw, 1000px\" \/><\/a><\/figure>\n<\/figure>\n","protected":false},"excerpt":{"rendered":"<p>W dniu 27 pa\u017adziernika\u00a0 dzieci z klasy I B wybra\u0142y si\u0119 na Cmentarz Partyzant\u00f3w przy [&hellip;]<\/p>\n","protected":false},"author":13,"featured_media":24528,"comment_status":"closed","ping_status":"","sticky":false,"template":"","format":"standard","meta":{"footnotes":""},"categories":[36,3],"tags":[],"class_list":["post-24521","post","type-post","status-publish","format-standard","has-post-thumbnail","hentry","category-wydarzenia","category-wycieczki"],"_links":{"self":[{"href":"https:\/\/sp1.kielce.eu\/index.php\/wp-json\/wp\/v2\/posts\/24521","targetHints":{"allow":["GET"]}}],"collection":[{"href":"https:\/\/sp1.kielce.eu\/index.php\/wp-json\/wp\/v2\/posts"}],"about":[{"href":"https:\/\/sp1.kielce.eu\/index.php\/wp-json\/wp\/v2\/types\/post"}],"author":[{"embeddable":true,"href":"https:\/\/sp1.kielce.eu\/index.php\/wp-json\/wp\/v2\/users\/13"}],"replies":[{"embeddable":true,"href":"https:\/\/sp1.kielce.eu\/index.php\/wp-json\/wp\/v2\/comments?post=24521"}],"version-history":[{"count":2,"href":"https:\/\/sp1.kielce.eu\/index.php\/wp-json\/wp\/v2\/posts\/24521\/revisions"}],"predecessor-version":[{"id":24530,"href":"https:\/\/sp1.kielce.eu\/index.php\/wp-json\/wp\/v2\/posts\/24521\/revisions\/24530"}],"wp:featuredmedia":[{"embeddable":true,"href":"https:\/\/sp1.kielce.eu\/index.php\/wp-json\/wp\/v2\/media\/24528"}],"wp:attachment":[{"href":"https:\/\/sp1.kielce.eu\/index.php\/wp-json\/wp\/v2\/media?parent=24521"}],"wp:term":[{"taxonomy":"category","embeddable":true,"href":"https:\/\/sp1.kielce.eu\/index.php\/wp-json\/wp\/v2\/categories?post=24521"},{"taxonomy":"post_tag","embeddable":true,"href":"https:\/\/sp1.kielce.eu\/index.php\/wp-json\/wp\/v2\/tags?post=24521"}],"curies":[{"name":"wp","href":"https:\/\/api.w.org\/{rel}","templated":true}]}}