{"id":24514,"date":"2022-10-27T19:37:49","date_gmt":"2022-10-27T17:37:49","guid":{"rendered":"http:\/\/sp1.kielce.eu\/?p=24514"},"modified":"2022-10-27T19:49:05","modified_gmt":"2022-10-27T17:49:05","slug":"szkolapamieta-3","status":"publish","type":"post","link":"https:\/\/sp1.kielce.eu\/index.php\/2022\/10\/27\/szkolapamieta-3\/","title":{"rendered":"#Szko\u0142aPami\u0119ta"},"content":{"rendered":"\n<p>Wychowawcy klas pierwszych, drugich i trzecich tj. \u2013 p. El\u017cbieta Lis 1a, p. Kinga Kozie\u0142 1b, p. Agnieszka Siwek 1c, p. Andrzej Pustu\u0142a 2a, p. Katarzyna Ostrowska 2b, p. Marta Pawlak 2c, p. Iwona Ko\u015bcielecka 3a, p. Ewa Nowak 3b, p. Klaudia Gola 3c oraz katecheci zach\u0119cili rodzic\u00f3w i uczni\u00f3w do wzi\u0119cia udzia\u0142u w akcji Ministerstwa Edukacji i Nauki \u201e#Szko\u0142a Pami\u0119ta\u201d. Akcja spotka\u0142a si\u0119 z du\u017cym zainteresowaniem i ogromn\u0105 \u017cyczliwo\u015bci\u0105 ze strony opiekun\u00f3w i dzieci. Najm\u0142odsi uczniowie naszej szko\u0142y pod opiek\u0105 rodzic\u00f3w odwiedzili miejsca pami\u0119ci polskich bohater\u00f3w, porz\u0105dkowali bezimienne, opuszczone groby \u017co\u0142nierzy, harcerzy, powsta\u0144c\u00f3w walcz\u0105cych o wolno\u015b\u0107 naszej Ojczyzny.<\/p>\n\n\n\n<p>Zgodnie z polsk\u0105 tradycj\u0105 obchod\u00f3w Dnia Zadusznego otaczamy wszystkich zmar\u0142ych modlitw\u0105, dobr\u0105 my\u015bl\u0105, \u017cyczliwym wspomnieniem tak, by na zawsze \u017cyli w naszych sercach.<\/p>\n\n\n\n<p class=\"has-text-align-right\"><em>Wychowawcy klas 1-3 oraz katecheci<\/em><\/p>\n\n\n\n<figure class=\"wp-block-gallery has-nested-images columns-default is-cropped wp-block-gallery-1 is-layout-flex wp-block-gallery-is-layout-flex\">\n<figure class=\"wp-block-image size-large\"><a href=\"http:\/\/sp1.kielce.eu\/wp-content\/uploads\/2022\/10\/szkola-pamieta-2022-2-Copy.jpg\"><img loading=\"lazy\" decoding=\"async\" width=\"1200\" height=\"675\" data-id=\"24515\" src=\"http:\/\/sp1.kielce.eu\/wp-content\/uploads\/2022\/10\/szkola-pamieta-2022-2-Copy.jpg\" alt=\"\" class=\"wp-image-24515\" srcset=\"https:\/\/sp1.kielce.eu\/wp-content\/uploads\/2022\/10\/szkola-pamieta-2022-2-Copy.jpg 1200w, https:\/\/sp1.kielce.eu\/wp-content\/uploads\/2022\/10\/szkola-pamieta-2022-2-Copy-300x169.jpg 300w, https:\/\/sp1.kielce.eu\/wp-content\/uploads\/2022\/10\/szkola-pamieta-2022-2-Copy-768x432.jpg 768w, https:\/\/sp1.kielce.eu\/wp-content\/uploads\/2022\/10\/szkola-pamieta-2022-2-Copy-820x461.jpg 820w\" sizes=\"auto, (max-width: 1200px) 100vw, 1200px\" \/><\/a><\/figure>\n\n\n\n<figure class=\"wp-block-image size-large\"><a href=\"http:\/\/sp1.kielce.eu\/wp-content\/uploads\/2022\/10\/szkola-pamieta-2022-3-Copy.jpg\"><img loading=\"lazy\" decoding=\"async\" width=\"1200\" height=\"675\" data-id=\"24516\" src=\"http:\/\/sp1.kielce.eu\/wp-content\/uploads\/2022\/10\/szkola-pamieta-2022-3-Copy.jpg\" alt=\"\" class=\"wp-image-24516\" srcset=\"https:\/\/sp1.kielce.eu\/wp-content\/uploads\/2022\/10\/szkola-pamieta-2022-3-Copy.jpg 1200w, https:\/\/sp1.kielce.eu\/wp-content\/uploads\/2022\/10\/szkola-pamieta-2022-3-Copy-300x169.jpg 300w, https:\/\/sp1.kielce.eu\/wp-content\/uploads\/2022\/10\/szkola-pamieta-2022-3-Copy-768x432.jpg 768w, https:\/\/sp1.kielce.eu\/wp-content\/uploads\/2022\/10\/szkola-pamieta-2022-3-Copy-820x461.jpg 820w\" sizes=\"auto, (max-width: 1200px) 100vw, 1200px\" \/><\/a><\/figure>\n<\/figure>\n","protected":false},"excerpt":{"rendered":"<p>Wychowawcy klas pierwszych, drugich i trzecich tj. \u2013 p. El\u017cbieta Lis 1a, p. Kinga Kozie\u0142 [&hellip;]<\/p>\n","protected":false},"author":13,"featured_media":24518,"comment_status":"closed","ping_status":"","sticky":false,"template":"","format":"standard","meta":{"footnotes":""},"categories":[36],"tags":[],"class_list":["post-24514","post","type-post","status-publish","format-standard","has-post-thumbnail","hentry","category-wydarzenia"],"_links":{"self":[{"href":"https:\/\/sp1.kielce.eu\/index.php\/wp-json\/wp\/v2\/posts\/24514","targetHints":{"allow":["GET"]}}],"collection":[{"href":"https:\/\/sp1.kielce.eu\/index.php\/wp-json\/wp\/v2\/posts"}],"about":[{"href":"https:\/\/sp1.kielce.eu\/index.php\/wp-json\/wp\/v2\/types\/post"}],"author":[{"embeddable":true,"href":"https:\/\/sp1.kielce.eu\/index.php\/wp-json\/wp\/v2\/users\/13"}],"replies":[{"embeddable":true,"href":"https:\/\/sp1.kielce.eu\/index.php\/wp-json\/wp\/v2\/comments?post=24514"}],"version-history":[{"count":2,"href":"https:\/\/sp1.kielce.eu\/index.php\/wp-json\/wp\/v2\/posts\/24514\/revisions"}],"predecessor-version":[{"id":24520,"href":"https:\/\/sp1.kielce.eu\/index.php\/wp-json\/wp\/v2\/posts\/24514\/revisions\/24520"}],"wp:featuredmedia":[{"embeddable":true,"href":"https:\/\/sp1.kielce.eu\/index.php\/wp-json\/wp\/v2\/media\/24518"}],"wp:attachment":[{"href":"https:\/\/sp1.kielce.eu\/index.php\/wp-json\/wp\/v2\/media?parent=24514"}],"wp:term":[{"taxonomy":"category","embeddable":true,"href":"https:\/\/sp1.kielce.eu\/index.php\/wp-json\/wp\/v2\/categories?post=24514"},{"taxonomy":"post_tag","embeddable":true,"href":"https:\/\/sp1.kielce.eu\/index.php\/wp-json\/wp\/v2\/tags?post=24514"}],"curies":[{"name":"wp","href":"https:\/\/api.w.org\/{rel}","templated":true}]}}