{"id":24368,"date":"2022-10-24T09:38:40","date_gmt":"2022-10-24T07:38:40","guid":{"rendered":"http:\/\/sp1.kielce.eu\/?p=24368"},"modified":"2022-10-24T09:38:40","modified_gmt":"2022-10-24T07:38:40","slug":"nasi-wolontariusze-kwesta-i-kremowki-xxii-dzien-papieski","status":"publish","type":"post","link":"https:\/\/sp1.kielce.eu\/index.php\/2022\/10\/24\/nasi-wolontariusze-kwesta-i-kremowki-xxii-dzien-papieski\/","title":{"rendered":"Nasi Wolontariusze, kwesta i \u201ekrem\u00f3wki\u201d\u00a0 &#8211;\u00a0 XXII Dzie\u0144 Papieski"},"content":{"rendered":"\n<p><strong>Niedziela, 16 X odby\u0142 si\u0119 og\u00f3lnopolski<\/strong> <strong>XXII Dzie\u0144 Papieski<\/strong>, podczas kt\u00f3rego przypomnano na nowo nauczanie i dziedzictwo \u015bw. Jana Paw\u0142a II. Tegoroczny Dzie\u0144 Papieski mia\u0142 motto: \u201e<strong><em>Blask Prawdy\u201d<\/em><\/strong> i nawi\u0105zywa\u0142 bezpo\u015brednia do encykliki papie\u017ca Polaka <strong><em>Veritatis Splendor<\/em><\/strong>.<\/p>\n\n\n\n<p>Dzie\u0144 ten jest tak\u017ce budowaniem \u017cywego pomnika dla Jana Paw\u0142a II poprzez kwest\u0119-<strong>zbi\u00f3rk\u0119 pieni\u0119dzy na stypendia dla zdolnej i niezamo\u017cnej m\u0142odzie\u017cy z ma\u0142ych miejscowo\u015bci<\/strong>.<\/p>\n\n\n\n<p>W parafii \u015bw. J\u00f3zefa Robotnika w Kielcach, podobnie jak w wielu innych parafiach w tym Dniu, zosta\u0142y zam\u00f3wione si\u0119 <strong>jako \u201ecegie\u0142ki\u201d &#8211;<\/strong> <strong>krem\u00f3wki papieskie<\/strong>, z kt\u00f3rych sprzeda\u017cy \u015brodki pieni\u0119\u017cne r\u00f3wnie\u017c zosta\u0142y przeznaczone na wy\u017cej wymienione stypendia.<\/p>\n\n\n\n<p>Podobnie jak w zesz\u0142ych latach, w tym Dniu, <strong>nie mog\u0142o zabrakn\u0105\u0107 naszych Wolontariuszy, kt\u00f3rzy z wielk\u0105 rado\u015bci\u0105, bardzo licznie,<\/strong> <strong>w\u0142\u0105czyli si\u0119 w zbi\u00f3rk\u0119 i rozprowadzanie smacznych krem\u00f3wek<\/strong>. Ogromne podzi\u0119kowania za ich radosn\u0105 wolontariack\u0105 pomoc.<\/p>\n\n\n\n<p>Wolontariusze ze Szkolnego Ko\u0142o Wolontariatu \u201eJedynka\u201d,<br>ks. Konrad Walerczak, ks. Dariusz W\u0119grzyn Wolontariusze z V LO im. ks. Piotra \u015aciegiennego,<br>\u00a0ks. Piotr Bia\u0142ek<\/p>\n\n\n\n<figure class=\"wp-block-gallery has-nested-images columns-default is-cropped wp-block-gallery-1 is-layout-flex wp-block-gallery-is-layout-flex\">\n<figure class=\"wp-block-image size-large\"><a href=\"http:\/\/sp1.kielce.eu\/wp-content\/uploads\/2022\/10\/20221016-083832-0.jpg\"><img loading=\"lazy\" decoding=\"async\" width=\"1008\" height=\"756\" data-id=\"24369\" src=\"http:\/\/sp1.kielce.eu\/wp-content\/uploads\/2022\/10\/20221016-083832-0.jpg\" alt=\"\" class=\"wp-image-24369\" srcset=\"https:\/\/sp1.kielce.eu\/wp-content\/uploads\/2022\/10\/20221016-083832-0.jpg 1008w, https:\/\/sp1.kielce.eu\/wp-content\/uploads\/2022\/10\/20221016-083832-0-300x225.jpg 300w, https:\/\/sp1.kielce.eu\/wp-content\/uploads\/2022\/10\/20221016-083832-0-768x576.jpg 768w, https:\/\/sp1.kielce.eu\/wp-content\/uploads\/2022\/10\/20221016-083832-0-820x615.jpg 820w\" sizes=\"auto, (max-width: 1008px) 100vw, 1008px\" \/><\/a><\/figure>\n\n\n\n<figure class=\"wp-block-image size-large\"><a href=\"http:\/\/sp1.kielce.eu\/wp-content\/uploads\/2022\/10\/20221016-092148.jpg\"><img loading=\"lazy\" decoding=\"async\" width=\"1008\" height=\"756\" data-id=\"24370\" src=\"http:\/\/sp1.kielce.eu\/wp-content\/uploads\/2022\/10\/20221016-092148.jpg\" alt=\"\" class=\"wp-image-24370\" srcset=\"https:\/\/sp1.kielce.eu\/wp-content\/uploads\/2022\/10\/20221016-092148.jpg 1008w, https:\/\/sp1.kielce.eu\/wp-content\/uploads\/2022\/10\/20221016-092148-300x225.jpg 300w, https:\/\/sp1.kielce.eu\/wp-content\/uploads\/2022\/10\/20221016-092148-768x576.jpg 768w, https:\/\/sp1.kielce.eu\/wp-content\/uploads\/2022\/10\/20221016-092148-820x615.jpg 820w\" sizes=\"auto, (max-width: 1008px) 100vw, 1008px\" \/><\/a><\/figure>\n\n\n\n<figure class=\"wp-block-image size-large\"><a href=\"http:\/\/sp1.kielce.eu\/wp-content\/uploads\/2022\/10\/20221016-115040-rotated.jpg\"><img loading=\"lazy\" decoding=\"async\" width=\"756\" height=\"1008\" data-id=\"24371\" src=\"http:\/\/sp1.kielce.eu\/wp-content\/uploads\/2022\/10\/20221016-115040-rotated.jpg\" alt=\"\" class=\"wp-image-24371\" srcset=\"https:\/\/sp1.kielce.eu\/wp-content\/uploads\/2022\/10\/20221016-115040-rotated.jpg 756w, https:\/\/sp1.kielce.eu\/wp-content\/uploads\/2022\/10\/20221016-115040-225x300.jpg 225w, https:\/\/sp1.kielce.eu\/wp-content\/uploads\/2022\/10\/20221016-115040-675x900.jpg 675w\" sizes=\"auto, (max-width: 756px) 100vw, 756px\" \/><\/a><\/figure>\n\n\n\n<figure class=\"wp-block-image size-large\"><a href=\"http:\/\/sp1.kielce.eu\/wp-content\/uploads\/2022\/10\/20221016-151116.jpg\"><img loading=\"lazy\" decoding=\"async\" width=\"1008\" height=\"756\" data-id=\"24372\" src=\"http:\/\/sp1.kielce.eu\/wp-content\/uploads\/2022\/10\/20221016-151116.jpg\" alt=\"\" class=\"wp-image-24372\" srcset=\"https:\/\/sp1.kielce.eu\/wp-content\/uploads\/2022\/10\/20221016-151116.jpg 1008w, https:\/\/sp1.kielce.eu\/wp-content\/uploads\/2022\/10\/20221016-151116-300x225.jpg 300w, https:\/\/sp1.kielce.eu\/wp-content\/uploads\/2022\/10\/20221016-151116-768x576.jpg 768w, https:\/\/sp1.kielce.eu\/wp-content\/uploads\/2022\/10\/20221016-151116-820x615.jpg 820w\" sizes=\"auto, (max-width: 1008px) 100vw, 1008px\" \/><\/a><\/figure>\n\n\n\n<figure class=\"wp-block-image size-large\"><a href=\"http:\/\/sp1.kielce.eu\/wp-content\/uploads\/2022\/10\/Zdj\u00a6Ocie-tytueowe.-20221005-135047.jpg\"><img loading=\"lazy\" decoding=\"async\" width=\"692\" height=\"974\" data-id=\"24373\" src=\"http:\/\/sp1.kielce.eu\/wp-content\/uploads\/2022\/10\/Zdj\u00a6Ocie-tytueowe.-20221005-135047.jpg\" alt=\"\" class=\"wp-image-24373\" srcset=\"https:\/\/sp1.kielce.eu\/wp-content\/uploads\/2022\/10\/Zdj\u00a6Ocie-tytueowe.-20221005-135047.jpg 692w, https:\/\/sp1.kielce.eu\/wp-content\/uploads\/2022\/10\/Zdj\u00a6Ocie-tytueowe.-20221005-135047-213x300.jpg 213w, https:\/\/sp1.kielce.eu\/wp-content\/uploads\/2022\/10\/Zdj\u00a6Ocie-tytueowe.-20221005-135047-639x900.jpg 639w\" sizes=\"auto, (max-width: 692px) 100vw, 692px\" \/><\/a><\/figure>\n<\/figure>\n","protected":false},"excerpt":{"rendered":"<p>Niedziela, 16 X odby\u0142 si\u0119 og\u00f3lnopolski XXII Dzie\u0144 Papieski, podczas kt\u00f3rego przypomnano na nowo nauczanie [&hellip;]<\/p>\n","protected":false},"author":5,"featured_media":24373,"comment_status":"closed","ping_status":"","sticky":false,"template":"","format":"standard","meta":{"footnotes":""},"categories":[36,163],"tags":[],"class_list":["post-24368","post","type-post","status-publish","format-standard","has-post-thumbnail","hentry","category-wydarzenia","category-skw"],"_links":{"self":[{"href":"https:\/\/sp1.kielce.eu\/index.php\/wp-json\/wp\/v2\/posts\/24368","targetHints":{"allow":["GET"]}}],"collection":[{"href":"https:\/\/sp1.kielce.eu\/index.php\/wp-json\/wp\/v2\/posts"}],"about":[{"href":"https:\/\/sp1.kielce.eu\/index.php\/wp-json\/wp\/v2\/types\/post"}],"author":[{"embeddable":true,"href":"https:\/\/sp1.kielce.eu\/index.php\/wp-json\/wp\/v2\/users\/5"}],"replies":[{"embeddable":true,"href":"https:\/\/sp1.kielce.eu\/index.php\/wp-json\/wp\/v2\/comments?post=24368"}],"version-history":[{"count":1,"href":"https:\/\/sp1.kielce.eu\/index.php\/wp-json\/wp\/v2\/posts\/24368\/revisions"}],"predecessor-version":[{"id":24374,"href":"https:\/\/sp1.kielce.eu\/index.php\/wp-json\/wp\/v2\/posts\/24368\/revisions\/24374"}],"wp:featuredmedia":[{"embeddable":true,"href":"https:\/\/sp1.kielce.eu\/index.php\/wp-json\/wp\/v2\/media\/24373"}],"wp:attachment":[{"href":"https:\/\/sp1.kielce.eu\/index.php\/wp-json\/wp\/v2\/media?parent=24368"}],"wp:term":[{"taxonomy":"category","embeddable":true,"href":"https:\/\/sp1.kielce.eu\/index.php\/wp-json\/wp\/v2\/categories?post=24368"},{"taxonomy":"post_tag","embeddable":true,"href":"https:\/\/sp1.kielce.eu\/index.php\/wp-json\/wp\/v2\/tags?post=24368"}],"curies":[{"name":"wp","href":"https:\/\/api.w.org\/{rel}","templated":true}]}}