{"id":24259,"date":"2022-10-21T12:19:50","date_gmt":"2022-10-21T10:19:50","guid":{"rendered":"http:\/\/sp1.kielce.eu\/?p=24259"},"modified":"2022-10-21T12:19:50","modified_gmt":"2022-10-21T10:19:50","slug":"dzien-papieski-2022-blask-prawdy-montaz-slowno-muzyczny","status":"publish","type":"post","link":"https:\/\/sp1.kielce.eu\/index.php\/2022\/10\/21\/dzien-papieski-2022-blask-prawdy-montaz-slowno-muzyczny\/","title":{"rendered":"Dzie\u0144 papieski 2022 &#8211; &#8222;Blask Prawdy&#8221;. Monta\u017c s\u0142owno-muzyczny."},"content":{"rendered":"\n<p>W dniu 22 pa\u017adziernika, w rocznic\u0119 uroczystej inauguracji pontyfikatu papie\u017ca-Polaka przypada liturgiczne wspomnienie \u015aw. Jan Pawe\u0142 II. Z okazji XXII Dnia Papieskiego 2022 pod has\u0142em \u201eBlask Prawdy\u201d uczniowieSzko\u0142y Podstawowej nr 1 im. Stanis\u0142awa Staszica w Kielcach z klas VI,oraz cz\u0142onkowie szkolnego ch\u00f3ru pod opiek\u0105 p. Emilii Orkisz, przypomnieli nam nauczanie \u015aw. Jana Paw\u0142a II, zawarte w encyklice \u201eVeritatis splendor\u201d odnosz\u0105ce si\u0119 do takich warto\u015bci jak Prawda, Mi\u0142o\u015b\u0107 i Wolno\u015b\u0107. ( w oparciu scenariusz Mileny Kwiatkowskiej stypendystki Fundacji Dzie\u0142o Nowego Tysi\u0105clecia). Duchowymi przewodnikami, kt\u00f3rych histori\u0119 \u017cycia i \u015bwi\u0119to\u015bci poznawali\u015bmy obok Ojca \u015awi\u0119tego byli \u015bw. Stanis\u0142aw Kostka, b\u0142. Carlo Acutis, \u015bw. Tarsycjusz.<\/p>\n\n\n\n<p>Wspominaj\u0105c \u015aw. Jana Paw\u0142a II przypominamy sobie nauczanie Ojca \u015awi\u0119tego, naznaczone Duchem M\u0105dro\u015bci, blaskiem Prawdy Objawionej. \u015aw. Jan Pawe\u0142 II zostawi\u0142 nam literatur\u0119, kt\u00f3ra uczy, kszta\u0142tuje i wychowuje do Prawdy, Mi\u0142o\u015bci i Wolno\u015bci.&nbsp;<\/p>\n\n\n\n<p>Zapraszamy do obejrzenia monta\u017cu s\u0142owno-muzycznego pt. \u201eBlask Prawdy\u201d.<\/p>\n\n\n\n<figure class=\"wp-block-embed is-type-video is-provider-youtube wp-block-embed-youtube wp-embed-aspect-16-9 wp-has-aspect-ratio\"><div class=\"wp-block-embed__wrapper\">\n<iframe loading=\"lazy\" title=\"Uczniowie dla \u015bw. Jana Paw\u0142a II z okazji XXII Dnia Papieskiego\" width=\"1160\" height=\"653\" src=\"https:\/\/www.youtube.com\/embed\/w50vCbkfQAM?feature=oembed\" frameborder=\"0\" allow=\"accelerometer; autoplay; clipboard-write; encrypted-media; gyroscope; picture-in-picture\" allowfullscreen><\/iframe>\n<\/div><\/figure>\n\n\n\n<p>Ks. Dariusz W\u0119grzyn<\/p>\n\n\n\n<p>Ks. Konrad Walerczak<\/p>\n\n\n\n<p>s. Faustyna Czajkowska<\/p>\n\n\n\n<p>p. Emilia Orkisz<\/p>\n\n\n\n<figure class=\"wp-block-gallery has-nested-images columns-default is-cropped wp-block-gallery-1 is-layout-flex wp-block-gallery-is-layout-flex\">\n<figure class=\"wp-block-image size-large\"><a href=\"http:\/\/sp1.kielce.eu\/wp-content\/uploads\/2022\/10\/Dziea-papieski-2022-SP1-21.jpg\"><img loading=\"lazy\" decoding=\"async\" width=\"2438\" height=\"837\" data-id=\"24260\" src=\"http:\/\/sp1.kielce.eu\/wp-content\/uploads\/2022\/10\/Dziea-papieski-2022-SP1-21.jpg\" alt=\"\" class=\"wp-image-24260\" srcset=\"https:\/\/sp1.kielce.eu\/wp-content\/uploads\/2022\/10\/Dziea-papieski-2022-SP1-21.jpg 2438w, https:\/\/sp1.kielce.eu\/wp-content\/uploads\/2022\/10\/Dziea-papieski-2022-SP1-21-300x103.jpg 300w, https:\/\/sp1.kielce.eu\/wp-content\/uploads\/2022\/10\/Dziea-papieski-2022-SP1-21-1400x481.jpg 1400w, https:\/\/sp1.kielce.eu\/wp-content\/uploads\/2022\/10\/Dziea-papieski-2022-SP1-21-768x264.jpg 768w, https:\/\/sp1.kielce.eu\/wp-content\/uploads\/2022\/10\/Dziea-papieski-2022-SP1-21-1536x527.jpg 1536w, https:\/\/sp1.kielce.eu\/wp-content\/uploads\/2022\/10\/Dziea-papieski-2022-SP1-21-2048x703.jpg 2048w, https:\/\/sp1.kielce.eu\/wp-content\/uploads\/2022\/10\/Dziea-papieski-2022-SP1-21-820x282.jpg 820w\" sizes=\"auto, (max-width: 2438px) 100vw, 2438px\" \/><\/a><\/figure>\n\n\n\n<figure class=\"wp-block-image size-large\"><a href=\"http:\/\/sp1.kielce.eu\/wp-content\/uploads\/2022\/10\/Dziea-papieski-2022-SP1-2.jpg\"><img loading=\"lazy\" decoding=\"async\" width=\"2438\" height=\"837\" data-id=\"24261\" src=\"http:\/\/sp1.kielce.eu\/wp-content\/uploads\/2022\/10\/Dziea-papieski-2022-SP1-2.jpg\" alt=\"\" class=\"wp-image-24261\" srcset=\"https:\/\/sp1.kielce.eu\/wp-content\/uploads\/2022\/10\/Dziea-papieski-2022-SP1-2.jpg 2438w, https:\/\/sp1.kielce.eu\/wp-content\/uploads\/2022\/10\/Dziea-papieski-2022-SP1-2-300x103.jpg 300w, https:\/\/sp1.kielce.eu\/wp-content\/uploads\/2022\/10\/Dziea-papieski-2022-SP1-2-1400x481.jpg 1400w, https:\/\/sp1.kielce.eu\/wp-content\/uploads\/2022\/10\/Dziea-papieski-2022-SP1-2-768x264.jpg 768w, https:\/\/sp1.kielce.eu\/wp-content\/uploads\/2022\/10\/Dziea-papieski-2022-SP1-2-1536x527.jpg 1536w, https:\/\/sp1.kielce.eu\/wp-content\/uploads\/2022\/10\/Dziea-papieski-2022-SP1-2-2048x703.jpg 2048w, https:\/\/sp1.kielce.eu\/wp-content\/uploads\/2022\/10\/Dziea-papieski-2022-SP1-2-820x282.jpg 820w\" sizes=\"auto, (max-width: 2438px) 100vw, 2438px\" \/><\/a><\/figure>\n\n\n\n<figure class=\"wp-block-image size-large\"><a href=\"http:\/\/sp1.kielce.eu\/wp-content\/uploads\/2022\/10\/Dziea-papieski-2022-SP1-3.jpg\"><img loading=\"lazy\" decoding=\"async\" width=\"1080\" height=\"1885\" data-id=\"24262\" src=\"http:\/\/sp1.kielce.eu\/wp-content\/uploads\/2022\/10\/Dziea-papieski-2022-SP1-3.jpg\" alt=\"\" class=\"wp-image-24262\" srcset=\"https:\/\/sp1.kielce.eu\/wp-content\/uploads\/2022\/10\/Dziea-papieski-2022-SP1-3.jpg 1080w, https:\/\/sp1.kielce.eu\/wp-content\/uploads\/2022\/10\/Dziea-papieski-2022-SP1-3-172x300.jpg 172w, https:\/\/sp1.kielce.eu\/wp-content\/uploads\/2022\/10\/Dziea-papieski-2022-SP1-3-516x900.jpg 516w, https:\/\/sp1.kielce.eu\/wp-content\/uploads\/2022\/10\/Dziea-papieski-2022-SP1-3-768x1340.jpg 768w, https:\/\/sp1.kielce.eu\/wp-content\/uploads\/2022\/10\/Dziea-papieski-2022-SP1-3-880x1536.jpg 880w, https:\/\/sp1.kielce.eu\/wp-content\/uploads\/2022\/10\/Dziea-papieski-2022-SP1-3-820x1431.jpg 820w\" sizes=\"auto, (max-width: 1080px) 100vw, 1080px\" \/><\/a><\/figure>\n\n\n\n<figure class=\"wp-block-image size-large\"><a href=\"http:\/\/sp1.kielce.eu\/wp-content\/uploads\/2022\/10\/Dziea-papieski-2022-SP1-4.jpg\"><img loading=\"lazy\" decoding=\"async\" width=\"1866\" height=\"1080\" data-id=\"24263\" src=\"http:\/\/sp1.kielce.eu\/wp-content\/uploads\/2022\/10\/Dziea-papieski-2022-SP1-4.jpg\" alt=\"\" class=\"wp-image-24263\" srcset=\"https:\/\/sp1.kielce.eu\/wp-content\/uploads\/2022\/10\/Dziea-papieski-2022-SP1-4.jpg 1866w, https:\/\/sp1.kielce.eu\/wp-content\/uploads\/2022\/10\/Dziea-papieski-2022-SP1-4-300x174.jpg 300w, https:\/\/sp1.kielce.eu\/wp-content\/uploads\/2022\/10\/Dziea-papieski-2022-SP1-4-1400x810.jpg 1400w, https:\/\/sp1.kielce.eu\/wp-content\/uploads\/2022\/10\/Dziea-papieski-2022-SP1-4-768x445.jpg 768w, https:\/\/sp1.kielce.eu\/wp-content\/uploads\/2022\/10\/Dziea-papieski-2022-SP1-4-1536x889.jpg 1536w, https:\/\/sp1.kielce.eu\/wp-content\/uploads\/2022\/10\/Dziea-papieski-2022-SP1-4-820x475.jpg 820w\" sizes=\"auto, (max-width: 1866px) 100vw, 1866px\" \/><\/a><\/figure>\n\n\n\n<figure class=\"wp-block-image size-large\"><a href=\"http:\/\/sp1.kielce.eu\/wp-content\/uploads\/2022\/10\/Dziea-papieski-2022-SP1-5.jpg\"><img loading=\"lazy\" decoding=\"async\" width=\"1855\" height=\"1039\" data-id=\"24264\" src=\"http:\/\/sp1.kielce.eu\/wp-content\/uploads\/2022\/10\/Dziea-papieski-2022-SP1-5.jpg\" alt=\"\" class=\"wp-image-24264\" srcset=\"https:\/\/sp1.kielce.eu\/wp-content\/uploads\/2022\/10\/Dziea-papieski-2022-SP1-5.jpg 1855w, https:\/\/sp1.kielce.eu\/wp-content\/uploads\/2022\/10\/Dziea-papieski-2022-SP1-5-300x168.jpg 300w, https:\/\/sp1.kielce.eu\/wp-content\/uploads\/2022\/10\/Dziea-papieski-2022-SP1-5-1400x784.jpg 1400w, https:\/\/sp1.kielce.eu\/wp-content\/uploads\/2022\/10\/Dziea-papieski-2022-SP1-5-768x430.jpg 768w, https:\/\/sp1.kielce.eu\/wp-content\/uploads\/2022\/10\/Dziea-papieski-2022-SP1-5-1536x860.jpg 1536w, https:\/\/sp1.kielce.eu\/wp-content\/uploads\/2022\/10\/Dziea-papieski-2022-SP1-5-820x459.jpg 820w\" sizes=\"auto, (max-width: 1855px) 100vw, 1855px\" \/><\/a><\/figure>\n\n\n\n<figure class=\"wp-block-image size-large\"><a href=\"http:\/\/sp1.kielce.eu\/wp-content\/uploads\/2022\/10\/Dziea-papieski-2022-SP1-6.jpg\"><img loading=\"lazy\" decoding=\"async\" width=\"1791\" height=\"1080\" data-id=\"24265\" src=\"http:\/\/sp1.kielce.eu\/wp-content\/uploads\/2022\/10\/Dziea-papieski-2022-SP1-6.jpg\" alt=\"\" class=\"wp-image-24265\" srcset=\"https:\/\/sp1.kielce.eu\/wp-content\/uploads\/2022\/10\/Dziea-papieski-2022-SP1-6.jpg 1791w, https:\/\/sp1.kielce.eu\/wp-content\/uploads\/2022\/10\/Dziea-papieski-2022-SP1-6-300x181.jpg 300w, https:\/\/sp1.kielce.eu\/wp-content\/uploads\/2022\/10\/Dziea-papieski-2022-SP1-6-1400x844.jpg 1400w, https:\/\/sp1.kielce.eu\/wp-content\/uploads\/2022\/10\/Dziea-papieski-2022-SP1-6-768x463.jpg 768w, https:\/\/sp1.kielce.eu\/wp-content\/uploads\/2022\/10\/Dziea-papieski-2022-SP1-6-1536x926.jpg 1536w, https:\/\/sp1.kielce.eu\/wp-content\/uploads\/2022\/10\/Dziea-papieski-2022-SP1-6-820x494.jpg 820w\" sizes=\"auto, (max-width: 1791px) 100vw, 1791px\" \/><\/a><\/figure>\n\n\n\n<figure class=\"wp-block-image size-large\"><a href=\"http:\/\/sp1.kielce.eu\/wp-content\/uploads\/2022\/10\/Dziea-papieski-2022-SP1-7.jpg\"><img loading=\"lazy\" decoding=\"async\" width=\"1776\" height=\"1080\" data-id=\"24266\" src=\"http:\/\/sp1.kielce.eu\/wp-content\/uploads\/2022\/10\/Dziea-papieski-2022-SP1-7.jpg\" alt=\"\" class=\"wp-image-24266\" srcset=\"https:\/\/sp1.kielce.eu\/wp-content\/uploads\/2022\/10\/Dziea-papieski-2022-SP1-7.jpg 1776w, https:\/\/sp1.kielce.eu\/wp-content\/uploads\/2022\/10\/Dziea-papieski-2022-SP1-7-300x182.jpg 300w, https:\/\/sp1.kielce.eu\/wp-content\/uploads\/2022\/10\/Dziea-papieski-2022-SP1-7-1400x851.jpg 1400w, https:\/\/sp1.kielce.eu\/wp-content\/uploads\/2022\/10\/Dziea-papieski-2022-SP1-7-768x467.jpg 768w, https:\/\/sp1.kielce.eu\/wp-content\/uploads\/2022\/10\/Dziea-papieski-2022-SP1-7-1536x934.jpg 1536w, https:\/\/sp1.kielce.eu\/wp-content\/uploads\/2022\/10\/Dziea-papieski-2022-SP1-7-820x499.jpg 820w\" sizes=\"auto, (max-width: 1776px) 100vw, 1776px\" \/><\/a><\/figure>\n\n\n\n<figure class=\"wp-block-image size-large\"><a href=\"http:\/\/sp1.kielce.eu\/wp-content\/uploads\/2022\/10\/Dziea-papieski-2022-SP1-8.jpg\"><img loading=\"lazy\" decoding=\"async\" width=\"1896\" height=\"1080\" data-id=\"24267\" src=\"http:\/\/sp1.kielce.eu\/wp-content\/uploads\/2022\/10\/Dziea-papieski-2022-SP1-8.jpg\" alt=\"\" class=\"wp-image-24267\" srcset=\"https:\/\/sp1.kielce.eu\/wp-content\/uploads\/2022\/10\/Dziea-papieski-2022-SP1-8.jpg 1896w, https:\/\/sp1.kielce.eu\/wp-content\/uploads\/2022\/10\/Dziea-papieski-2022-SP1-8-300x171.jpg 300w, https:\/\/sp1.kielce.eu\/wp-content\/uploads\/2022\/10\/Dziea-papieski-2022-SP1-8-1400x797.jpg 1400w, https:\/\/sp1.kielce.eu\/wp-content\/uploads\/2022\/10\/Dziea-papieski-2022-SP1-8-768x437.jpg 768w, https:\/\/sp1.kielce.eu\/wp-content\/uploads\/2022\/10\/Dziea-papieski-2022-SP1-8-1536x875.jpg 1536w, https:\/\/sp1.kielce.eu\/wp-content\/uploads\/2022\/10\/Dziea-papieski-2022-SP1-8-820x467.jpg 820w\" sizes=\"auto, (max-width: 1896px) 100vw, 1896px\" \/><\/a><\/figure>\n\n\n\n<figure class=\"wp-block-image size-large\"><a href=\"http:\/\/sp1.kielce.eu\/wp-content\/uploads\/2022\/10\/Dziea-papieski-2022-SP1-9.jpg\"><img loading=\"lazy\" decoding=\"async\" width=\"1850\" height=\"1080\" data-id=\"24268\" src=\"http:\/\/sp1.kielce.eu\/wp-content\/uploads\/2022\/10\/Dziea-papieski-2022-SP1-9.jpg\" alt=\"\" class=\"wp-image-24268\" srcset=\"https:\/\/sp1.kielce.eu\/wp-content\/uploads\/2022\/10\/Dziea-papieski-2022-SP1-9.jpg 1850w, https:\/\/sp1.kielce.eu\/wp-content\/uploads\/2022\/10\/Dziea-papieski-2022-SP1-9-300x175.jpg 300w, https:\/\/sp1.kielce.eu\/wp-content\/uploads\/2022\/10\/Dziea-papieski-2022-SP1-9-1400x817.jpg 1400w, https:\/\/sp1.kielce.eu\/wp-content\/uploads\/2022\/10\/Dziea-papieski-2022-SP1-9-768x448.jpg 768w, https:\/\/sp1.kielce.eu\/wp-content\/uploads\/2022\/10\/Dziea-papieski-2022-SP1-9-1536x897.jpg 1536w, https:\/\/sp1.kielce.eu\/wp-content\/uploads\/2022\/10\/Dziea-papieski-2022-SP1-9-820x479.jpg 820w\" sizes=\"auto, (max-width: 1850px) 100vw, 1850px\" \/><\/a><\/figure>\n\n\n\n<figure class=\"wp-block-image size-large\"><a href=\"http:\/\/sp1.kielce.eu\/wp-content\/uploads\/2022\/10\/Dziea-papieski-2022-SP1-10.jpg\"><img loading=\"lazy\" decoding=\"async\" width=\"1612\" height=\"1080\" data-id=\"24269\" src=\"http:\/\/sp1.kielce.eu\/wp-content\/uploads\/2022\/10\/Dziea-papieski-2022-SP1-10.jpg\" alt=\"\" class=\"wp-image-24269\" srcset=\"https:\/\/sp1.kielce.eu\/wp-content\/uploads\/2022\/10\/Dziea-papieski-2022-SP1-10.jpg 1612w, https:\/\/sp1.kielce.eu\/wp-content\/uploads\/2022\/10\/Dziea-papieski-2022-SP1-10-300x201.jpg 300w, https:\/\/sp1.kielce.eu\/wp-content\/uploads\/2022\/10\/Dziea-papieski-2022-SP1-10-1343x900.jpg 1343w, https:\/\/sp1.kielce.eu\/wp-content\/uploads\/2022\/10\/Dziea-papieski-2022-SP1-10-768x515.jpg 768w, https:\/\/sp1.kielce.eu\/wp-content\/uploads\/2022\/10\/Dziea-papieski-2022-SP1-10-1536x1029.jpg 1536w, https:\/\/sp1.kielce.eu\/wp-content\/uploads\/2022\/10\/Dziea-papieski-2022-SP1-10-820x549.jpg 820w\" sizes=\"auto, (max-width: 1612px) 100vw, 1612px\" \/><\/a><\/figure>\n\n\n\n<figure class=\"wp-block-image size-large\"><a href=\"http:\/\/sp1.kielce.eu\/wp-content\/uploads\/2022\/10\/Dziea-papieski-2022-SP1-11.jpg\"><img loading=\"lazy\" decoding=\"async\" width=\"1779\" height=\"1080\" data-id=\"24270\" src=\"http:\/\/sp1.kielce.eu\/wp-content\/uploads\/2022\/10\/Dziea-papieski-2022-SP1-11.jpg\" alt=\"\" class=\"wp-image-24270\" srcset=\"https:\/\/sp1.kielce.eu\/wp-content\/uploads\/2022\/10\/Dziea-papieski-2022-SP1-11.jpg 1779w, https:\/\/sp1.kielce.eu\/wp-content\/uploads\/2022\/10\/Dziea-papieski-2022-SP1-11-300x182.jpg 300w, https:\/\/sp1.kielce.eu\/wp-content\/uploads\/2022\/10\/Dziea-papieski-2022-SP1-11-1400x850.jpg 1400w, https:\/\/sp1.kielce.eu\/wp-content\/uploads\/2022\/10\/Dziea-papieski-2022-SP1-11-768x466.jpg 768w, https:\/\/sp1.kielce.eu\/wp-content\/uploads\/2022\/10\/Dziea-papieski-2022-SP1-11-1536x932.jpg 1536w, https:\/\/sp1.kielce.eu\/wp-content\/uploads\/2022\/10\/Dziea-papieski-2022-SP1-11-820x498.jpg 820w\" sizes=\"auto, (max-width: 1779px) 100vw, 1779px\" \/><\/a><\/figure>\n\n\n\n<figure class=\"wp-block-image size-large\"><a href=\"http:\/\/sp1.kielce.eu\/wp-content\/uploads\/2022\/10\/Dziea-papieski-2022-SP1-12.jpg\"><img loading=\"lazy\" decoding=\"async\" width=\"1865\" height=\"1080\" data-id=\"24271\" src=\"http:\/\/sp1.kielce.eu\/wp-content\/uploads\/2022\/10\/Dziea-papieski-2022-SP1-12.jpg\" alt=\"\" class=\"wp-image-24271\" srcset=\"https:\/\/sp1.kielce.eu\/wp-content\/uploads\/2022\/10\/Dziea-papieski-2022-SP1-12.jpg 1865w, https:\/\/sp1.kielce.eu\/wp-content\/uploads\/2022\/10\/Dziea-papieski-2022-SP1-12-300x174.jpg 300w, https:\/\/sp1.kielce.eu\/wp-content\/uploads\/2022\/10\/Dziea-papieski-2022-SP1-12-1400x811.jpg 1400w, https:\/\/sp1.kielce.eu\/wp-content\/uploads\/2022\/10\/Dziea-papieski-2022-SP1-12-768x445.jpg 768w, https:\/\/sp1.kielce.eu\/wp-content\/uploads\/2022\/10\/Dziea-papieski-2022-SP1-12-1536x889.jpg 1536w, https:\/\/sp1.kielce.eu\/wp-content\/uploads\/2022\/10\/Dziea-papieski-2022-SP1-12-820x475.jpg 820w\" sizes=\"auto, (max-width: 1865px) 100vw, 1865px\" \/><\/a><\/figure>\n\n\n\n<figure class=\"wp-block-image size-large\"><a href=\"http:\/\/sp1.kielce.eu\/wp-content\/uploads\/2022\/10\/Dziea-papieski-2022-SP1-13.jpg\"><img loading=\"lazy\" decoding=\"async\" width=\"1826\" height=\"1080\" data-id=\"24272\" src=\"http:\/\/sp1.kielce.eu\/wp-content\/uploads\/2022\/10\/Dziea-papieski-2022-SP1-13.jpg\" alt=\"\" class=\"wp-image-24272\" srcset=\"https:\/\/sp1.kielce.eu\/wp-content\/uploads\/2022\/10\/Dziea-papieski-2022-SP1-13.jpg 1826w, https:\/\/sp1.kielce.eu\/wp-content\/uploads\/2022\/10\/Dziea-papieski-2022-SP1-13-300x177.jpg 300w, https:\/\/sp1.kielce.eu\/wp-content\/uploads\/2022\/10\/Dziea-papieski-2022-SP1-13-1400x828.jpg 1400w, https:\/\/sp1.kielce.eu\/wp-content\/uploads\/2022\/10\/Dziea-papieski-2022-SP1-13-768x454.jpg 768w, https:\/\/sp1.kielce.eu\/wp-content\/uploads\/2022\/10\/Dziea-papieski-2022-SP1-13-1536x908.jpg 1536w, https:\/\/sp1.kielce.eu\/wp-content\/uploads\/2022\/10\/Dziea-papieski-2022-SP1-13-820x485.jpg 820w\" sizes=\"auto, (max-width: 1826px) 100vw, 1826px\" \/><\/a><\/figure>\n\n\n\n<figure class=\"wp-block-image size-large\"><a href=\"http:\/\/sp1.kielce.eu\/wp-content\/uploads\/2022\/10\/Dziea-papieski-2022-SP1-14.jpg\"><img loading=\"lazy\" decoding=\"async\" width=\"1786\" height=\"1080\" data-id=\"24273\" src=\"http:\/\/sp1.kielce.eu\/wp-content\/uploads\/2022\/10\/Dziea-papieski-2022-SP1-14.jpg\" alt=\"\" class=\"wp-image-24273\" srcset=\"https:\/\/sp1.kielce.eu\/wp-content\/uploads\/2022\/10\/Dziea-papieski-2022-SP1-14.jpg 1786w, https:\/\/sp1.kielce.eu\/wp-content\/uploads\/2022\/10\/Dziea-papieski-2022-SP1-14-300x181.jpg 300w, https:\/\/sp1.kielce.eu\/wp-content\/uploads\/2022\/10\/Dziea-papieski-2022-SP1-14-1400x847.jpg 1400w, https:\/\/sp1.kielce.eu\/wp-content\/uploads\/2022\/10\/Dziea-papieski-2022-SP1-14-768x464.jpg 768w, https:\/\/sp1.kielce.eu\/wp-content\/uploads\/2022\/10\/Dziea-papieski-2022-SP1-14-1536x929.jpg 1536w, https:\/\/sp1.kielce.eu\/wp-content\/uploads\/2022\/10\/Dziea-papieski-2022-SP1-14-820x496.jpg 820w\" sizes=\"auto, (max-width: 1786px) 100vw, 1786px\" \/><\/a><\/figure>\n\n\n\n<figure class=\"wp-block-image size-large\"><a href=\"http:\/\/sp1.kielce.eu\/wp-content\/uploads\/2022\/10\/Dziea-papieski-2022-SP1-15.jpg\"><img loading=\"lazy\" decoding=\"async\" width=\"1852\" height=\"1080\" data-id=\"24274\" src=\"http:\/\/sp1.kielce.eu\/wp-content\/uploads\/2022\/10\/Dziea-papieski-2022-SP1-15.jpg\" alt=\"\" class=\"wp-image-24274\" srcset=\"https:\/\/sp1.kielce.eu\/wp-content\/uploads\/2022\/10\/Dziea-papieski-2022-SP1-15.jpg 1852w, https:\/\/sp1.kielce.eu\/wp-content\/uploads\/2022\/10\/Dziea-papieski-2022-SP1-15-300x175.jpg 300w, https:\/\/sp1.kielce.eu\/wp-content\/uploads\/2022\/10\/Dziea-papieski-2022-SP1-15-1400x816.jpg 1400w, https:\/\/sp1.kielce.eu\/wp-content\/uploads\/2022\/10\/Dziea-papieski-2022-SP1-15-768x448.jpg 768w, https:\/\/sp1.kielce.eu\/wp-content\/uploads\/2022\/10\/Dziea-papieski-2022-SP1-15-1536x896.jpg 1536w, https:\/\/sp1.kielce.eu\/wp-content\/uploads\/2022\/10\/Dziea-papieski-2022-SP1-15-820x478.jpg 820w\" sizes=\"auto, (max-width: 1852px) 100vw, 1852px\" \/><\/a><\/figure>\n\n\n\n<figure class=\"wp-block-image size-large\"><a href=\"http:\/\/sp1.kielce.eu\/wp-content\/uploads\/2022\/10\/Dziea-papieski-2022-SP1-16.jpg\"><img loading=\"lazy\" decoding=\"async\" width=\"1706\" height=\"1080\" data-id=\"24275\" src=\"http:\/\/sp1.kielce.eu\/wp-content\/uploads\/2022\/10\/Dziea-papieski-2022-SP1-16.jpg\" alt=\"\" class=\"wp-image-24275\" srcset=\"https:\/\/sp1.kielce.eu\/wp-content\/uploads\/2022\/10\/Dziea-papieski-2022-SP1-16.jpg 1706w, https:\/\/sp1.kielce.eu\/wp-content\/uploads\/2022\/10\/Dziea-papieski-2022-SP1-16-300x190.jpg 300w, https:\/\/sp1.kielce.eu\/wp-content\/uploads\/2022\/10\/Dziea-papieski-2022-SP1-16-1400x886.jpg 1400w, https:\/\/sp1.kielce.eu\/wp-content\/uploads\/2022\/10\/Dziea-papieski-2022-SP1-16-768x486.jpg 768w, https:\/\/sp1.kielce.eu\/wp-content\/uploads\/2022\/10\/Dziea-papieski-2022-SP1-16-1536x972.jpg 1536w, https:\/\/sp1.kielce.eu\/wp-content\/uploads\/2022\/10\/Dziea-papieski-2022-SP1-16-820x519.jpg 820w\" sizes=\"auto, (max-width: 1706px) 100vw, 1706px\" \/><\/a><\/figure>\n\n\n\n<figure class=\"wp-block-image size-large\"><a href=\"http:\/\/sp1.kielce.eu\/wp-content\/uploads\/2022\/10\/Dziea-papieski-2022-SP1-17.jpg\"><img loading=\"lazy\" decoding=\"async\" width=\"1914\" height=\"1080\" data-id=\"24276\" src=\"http:\/\/sp1.kielce.eu\/wp-content\/uploads\/2022\/10\/Dziea-papieski-2022-SP1-17.jpg\" alt=\"\" class=\"wp-image-24276\" srcset=\"https:\/\/sp1.kielce.eu\/wp-content\/uploads\/2022\/10\/Dziea-papieski-2022-SP1-17.jpg 1914w, https:\/\/sp1.kielce.eu\/wp-content\/uploads\/2022\/10\/Dziea-papieski-2022-SP1-17-300x169.jpg 300w, https:\/\/sp1.kielce.eu\/wp-content\/uploads\/2022\/10\/Dziea-papieski-2022-SP1-17-1400x790.jpg 1400w, https:\/\/sp1.kielce.eu\/wp-content\/uploads\/2022\/10\/Dziea-papieski-2022-SP1-17-768x433.jpg 768w, https:\/\/sp1.kielce.eu\/wp-content\/uploads\/2022\/10\/Dziea-papieski-2022-SP1-17-1536x867.jpg 1536w, https:\/\/sp1.kielce.eu\/wp-content\/uploads\/2022\/10\/Dziea-papieski-2022-SP1-17-820x463.jpg 820w\" sizes=\"auto, (max-width: 1914px) 100vw, 1914px\" \/><\/a><\/figure>\n\n\n\n<figure class=\"wp-block-image size-large\"><a href=\"http:\/\/sp1.kielce.eu\/wp-content\/uploads\/2022\/10\/Dziea-papieski-2022-SP1-18.jpg\"><img loading=\"lazy\" decoding=\"async\" width=\"1844\" height=\"1080\" data-id=\"24277\" src=\"http:\/\/sp1.kielce.eu\/wp-content\/uploads\/2022\/10\/Dziea-papieski-2022-SP1-18.jpg\" alt=\"\" class=\"wp-image-24277\" srcset=\"https:\/\/sp1.kielce.eu\/wp-content\/uploads\/2022\/10\/Dziea-papieski-2022-SP1-18.jpg 1844w, https:\/\/sp1.kielce.eu\/wp-content\/uploads\/2022\/10\/Dziea-papieski-2022-SP1-18-300x176.jpg 300w, https:\/\/sp1.kielce.eu\/wp-content\/uploads\/2022\/10\/Dziea-papieski-2022-SP1-18-1400x820.jpg 1400w, https:\/\/sp1.kielce.eu\/wp-content\/uploads\/2022\/10\/Dziea-papieski-2022-SP1-18-768x450.jpg 768w, https:\/\/sp1.kielce.eu\/wp-content\/uploads\/2022\/10\/Dziea-papieski-2022-SP1-18-1536x900.jpg 1536w, https:\/\/sp1.kielce.eu\/wp-content\/uploads\/2022\/10\/Dziea-papieski-2022-SP1-18-820x480.jpg 820w\" sizes=\"auto, (max-width: 1844px) 100vw, 1844px\" \/><\/a><\/figure>\n\n\n\n<figure class=\"wp-block-image size-large\"><a href=\"http:\/\/sp1.kielce.eu\/wp-content\/uploads\/2022\/10\/Dziea-papieski-2022-SP1-19.jpg\"><img loading=\"lazy\" decoding=\"async\" width=\"1665\" height=\"1080\" data-id=\"24278\" src=\"http:\/\/sp1.kielce.eu\/wp-content\/uploads\/2022\/10\/Dziea-papieski-2022-SP1-19.jpg\" alt=\"\" class=\"wp-image-24278\" srcset=\"https:\/\/sp1.kielce.eu\/wp-content\/uploads\/2022\/10\/Dziea-papieski-2022-SP1-19.jpg 1665w, https:\/\/sp1.kielce.eu\/wp-content\/uploads\/2022\/10\/Dziea-papieski-2022-SP1-19-300x195.jpg 300w, https:\/\/sp1.kielce.eu\/wp-content\/uploads\/2022\/10\/Dziea-papieski-2022-SP1-19-1388x900.jpg 1388w, https:\/\/sp1.kielce.eu\/wp-content\/uploads\/2022\/10\/Dziea-papieski-2022-SP1-19-768x498.jpg 768w, https:\/\/sp1.kielce.eu\/wp-content\/uploads\/2022\/10\/Dziea-papieski-2022-SP1-19-1536x996.jpg 1536w, https:\/\/sp1.kielce.eu\/wp-content\/uploads\/2022\/10\/Dziea-papieski-2022-SP1-19-820x532.jpg 820w\" sizes=\"auto, (max-width: 1665px) 100vw, 1665px\" \/><\/a><\/figure>\n\n\n\n<figure class=\"wp-block-image size-large\"><a href=\"http:\/\/sp1.kielce.eu\/wp-content\/uploads\/2022\/10\/Dziea-papieski-2022-SP1-20.jpg\"><img loading=\"lazy\" decoding=\"async\" width=\"1634\" height=\"1080\" data-id=\"24279\" src=\"http:\/\/sp1.kielce.eu\/wp-content\/uploads\/2022\/10\/Dziea-papieski-2022-SP1-20.jpg\" alt=\"\" class=\"wp-image-24279\" srcset=\"https:\/\/sp1.kielce.eu\/wp-content\/uploads\/2022\/10\/Dziea-papieski-2022-SP1-20.jpg 1634w, https:\/\/sp1.kielce.eu\/wp-content\/uploads\/2022\/10\/Dziea-papieski-2022-SP1-20-300x198.jpg 300w, https:\/\/sp1.kielce.eu\/wp-content\/uploads\/2022\/10\/Dziea-papieski-2022-SP1-20-1362x900.jpg 1362w, https:\/\/sp1.kielce.eu\/wp-content\/uploads\/2022\/10\/Dziea-papieski-2022-SP1-20-768x508.jpg 768w, https:\/\/sp1.kielce.eu\/wp-content\/uploads\/2022\/10\/Dziea-papieski-2022-SP1-20-1536x1015.jpg 1536w, https:\/\/sp1.kielce.eu\/wp-content\/uploads\/2022\/10\/Dziea-papieski-2022-SP1-20-820x542.jpg 820w\" sizes=\"auto, (max-width: 1634px) 100vw, 1634px\" \/><\/a><\/figure>\n\n\n\n<figure class=\"wp-block-image size-large\"><a href=\"http:\/\/sp1.kielce.eu\/wp-content\/uploads\/2022\/10\/Dziea-papieski-2022-SP1-21-1.jpg\"><img loading=\"lazy\" decoding=\"async\" width=\"1886\" height=\"1080\" data-id=\"24280\" src=\"http:\/\/sp1.kielce.eu\/wp-content\/uploads\/2022\/10\/Dziea-papieski-2022-SP1-21-1.jpg\" alt=\"\" class=\"wp-image-24280\" srcset=\"https:\/\/sp1.kielce.eu\/wp-content\/uploads\/2022\/10\/Dziea-papieski-2022-SP1-21-1.jpg 1886w, https:\/\/sp1.kielce.eu\/wp-content\/uploads\/2022\/10\/Dziea-papieski-2022-SP1-21-1-300x172.jpg 300w, https:\/\/sp1.kielce.eu\/wp-content\/uploads\/2022\/10\/Dziea-papieski-2022-SP1-21-1-1400x802.jpg 1400w, https:\/\/sp1.kielce.eu\/wp-content\/uploads\/2022\/10\/Dziea-papieski-2022-SP1-21-1-768x440.jpg 768w, https:\/\/sp1.kielce.eu\/wp-content\/uploads\/2022\/10\/Dziea-papieski-2022-SP1-21-1-1536x880.jpg 1536w, https:\/\/sp1.kielce.eu\/wp-content\/uploads\/2022\/10\/Dziea-papieski-2022-SP1-21-1-820x470.jpg 820w\" sizes=\"auto, (max-width: 1886px) 100vw, 1886px\" \/><\/a><\/figure>\n\n\n\n<figure class=\"wp-block-image size-large\"><a href=\"http:\/\/sp1.kielce.eu\/wp-content\/uploads\/2022\/10\/Dziea-papieski-2022-SP1-22.jpg\"><img loading=\"lazy\" decoding=\"async\" width=\"1849\" height=\"1080\" data-id=\"24281\" src=\"http:\/\/sp1.kielce.eu\/wp-content\/uploads\/2022\/10\/Dziea-papieski-2022-SP1-22.jpg\" alt=\"\" class=\"wp-image-24281\" srcset=\"https:\/\/sp1.kielce.eu\/wp-content\/uploads\/2022\/10\/Dziea-papieski-2022-SP1-22.jpg 1849w, https:\/\/sp1.kielce.eu\/wp-content\/uploads\/2022\/10\/Dziea-papieski-2022-SP1-22-300x175.jpg 300w, https:\/\/sp1.kielce.eu\/wp-content\/uploads\/2022\/10\/Dziea-papieski-2022-SP1-22-1400x818.jpg 1400w, https:\/\/sp1.kielce.eu\/wp-content\/uploads\/2022\/10\/Dziea-papieski-2022-SP1-22-768x449.jpg 768w, https:\/\/sp1.kielce.eu\/wp-content\/uploads\/2022\/10\/Dziea-papieski-2022-SP1-22-1536x897.jpg 1536w, https:\/\/sp1.kielce.eu\/wp-content\/uploads\/2022\/10\/Dziea-papieski-2022-SP1-22-820x479.jpg 820w\" sizes=\"auto, (max-width: 1849px) 100vw, 1849px\" \/><\/a><\/figure>\n\n\n\n<figure class=\"wp-block-image size-large\"><a href=\"http:\/\/sp1.kielce.eu\/wp-content\/uploads\/2022\/10\/Dziea-papieski-2022-SP1-23.jpg\"><img loading=\"lazy\" decoding=\"async\" width=\"1900\" height=\"1080\" data-id=\"24282\" src=\"http:\/\/sp1.kielce.eu\/wp-content\/uploads\/2022\/10\/Dziea-papieski-2022-SP1-23.jpg\" alt=\"\" class=\"wp-image-24282\" srcset=\"https:\/\/sp1.kielce.eu\/wp-content\/uploads\/2022\/10\/Dziea-papieski-2022-SP1-23.jpg 1900w, https:\/\/sp1.kielce.eu\/wp-content\/uploads\/2022\/10\/Dziea-papieski-2022-SP1-23-300x171.jpg 300w, https:\/\/sp1.kielce.eu\/wp-content\/uploads\/2022\/10\/Dziea-papieski-2022-SP1-23-1400x796.jpg 1400w, https:\/\/sp1.kielce.eu\/wp-content\/uploads\/2022\/10\/Dziea-papieski-2022-SP1-23-768x437.jpg 768w, https:\/\/sp1.kielce.eu\/wp-content\/uploads\/2022\/10\/Dziea-papieski-2022-SP1-23-1536x873.jpg 1536w, https:\/\/sp1.kielce.eu\/wp-content\/uploads\/2022\/10\/Dziea-papieski-2022-SP1-23-820x466.jpg 820w\" sizes=\"auto, (max-width: 1900px) 100vw, 1900px\" \/><\/a><\/figure>\n\n\n\n<figure class=\"wp-block-image size-large\"><a href=\"http:\/\/sp1.kielce.eu\/wp-content\/uploads\/2022\/10\/Dziea-papieski-2022-SP1-24.jpg\"><img loading=\"lazy\" decoding=\"async\" width=\"1882\" height=\"1080\" data-id=\"24283\" src=\"http:\/\/sp1.kielce.eu\/wp-content\/uploads\/2022\/10\/Dziea-papieski-2022-SP1-24.jpg\" alt=\"\" class=\"wp-image-24283\" srcset=\"https:\/\/sp1.kielce.eu\/wp-content\/uploads\/2022\/10\/Dziea-papieski-2022-SP1-24.jpg 1882w, https:\/\/sp1.kielce.eu\/wp-content\/uploads\/2022\/10\/Dziea-papieski-2022-SP1-24-300x172.jpg 300w, https:\/\/sp1.kielce.eu\/wp-content\/uploads\/2022\/10\/Dziea-papieski-2022-SP1-24-1400x803.jpg 1400w, https:\/\/sp1.kielce.eu\/wp-content\/uploads\/2022\/10\/Dziea-papieski-2022-SP1-24-768x441.jpg 768w, https:\/\/sp1.kielce.eu\/wp-content\/uploads\/2022\/10\/Dziea-papieski-2022-SP1-24-1536x881.jpg 1536w, https:\/\/sp1.kielce.eu\/wp-content\/uploads\/2022\/10\/Dziea-papieski-2022-SP1-24-820x471.jpg 820w\" sizes=\"auto, (max-width: 1882px) 100vw, 1882px\" \/><\/a><\/figure>\n\n\n\n<figure class=\"wp-block-image size-large\"><a href=\"http:\/\/sp1.kielce.eu\/wp-content\/uploads\/2022\/10\/Dziea-papieski-2022-SP1-25.jpg\"><img loading=\"lazy\" decoding=\"async\" width=\"1700\" height=\"1080\" data-id=\"24284\" src=\"http:\/\/sp1.kielce.eu\/wp-content\/uploads\/2022\/10\/Dziea-papieski-2022-SP1-25.jpg\" alt=\"\" class=\"wp-image-24284\" srcset=\"https:\/\/sp1.kielce.eu\/wp-content\/uploads\/2022\/10\/Dziea-papieski-2022-SP1-25.jpg 1700w, https:\/\/sp1.kielce.eu\/wp-content\/uploads\/2022\/10\/Dziea-papieski-2022-SP1-25-300x191.jpg 300w, https:\/\/sp1.kielce.eu\/wp-content\/uploads\/2022\/10\/Dziea-papieski-2022-SP1-25-1400x889.jpg 1400w, https:\/\/sp1.kielce.eu\/wp-content\/uploads\/2022\/10\/Dziea-papieski-2022-SP1-25-768x488.jpg 768w, https:\/\/sp1.kielce.eu\/wp-content\/uploads\/2022\/10\/Dziea-papieski-2022-SP1-25-1536x976.jpg 1536w, https:\/\/sp1.kielce.eu\/wp-content\/uploads\/2022\/10\/Dziea-papieski-2022-SP1-25-820x521.jpg 820w\" sizes=\"auto, (max-width: 1700px) 100vw, 1700px\" \/><\/a><\/figure>\n\n\n\n<figure class=\"wp-block-image size-large\"><a href=\"http:\/\/sp1.kielce.eu\/wp-content\/uploads\/2022\/10\/Dziea-papieski-2022-SP1-26.jpg\"><img loading=\"lazy\" decoding=\"async\" width=\"1745\" height=\"1080\" data-id=\"24285\" src=\"http:\/\/sp1.kielce.eu\/wp-content\/uploads\/2022\/10\/Dziea-papieski-2022-SP1-26.jpg\" alt=\"\" class=\"wp-image-24285\" srcset=\"https:\/\/sp1.kielce.eu\/wp-content\/uploads\/2022\/10\/Dziea-papieski-2022-SP1-26.jpg 1745w, https:\/\/sp1.kielce.eu\/wp-content\/uploads\/2022\/10\/Dziea-papieski-2022-SP1-26-300x186.jpg 300w, https:\/\/sp1.kielce.eu\/wp-content\/uploads\/2022\/10\/Dziea-papieski-2022-SP1-26-1400x866.jpg 1400w, https:\/\/sp1.kielce.eu\/wp-content\/uploads\/2022\/10\/Dziea-papieski-2022-SP1-26-768x475.jpg 768w, https:\/\/sp1.kielce.eu\/wp-content\/uploads\/2022\/10\/Dziea-papieski-2022-SP1-26-1536x951.jpg 1536w, https:\/\/sp1.kielce.eu\/wp-content\/uploads\/2022\/10\/Dziea-papieski-2022-SP1-26-820x508.jpg 820w\" sizes=\"auto, (max-width: 1745px) 100vw, 1745px\" \/><\/a><\/figure>\n\n\n\n<figure class=\"wp-block-image size-large\"><a href=\"http:\/\/sp1.kielce.eu\/wp-content\/uploads\/2022\/10\/Dziea-papieski-2022-SP1-27.jpg\"><img loading=\"lazy\" decoding=\"async\" width=\"1353\" height=\"1080\" data-id=\"24286\" src=\"http:\/\/sp1.kielce.eu\/wp-content\/uploads\/2022\/10\/Dziea-papieski-2022-SP1-27.jpg\" alt=\"\" class=\"wp-image-24286\" srcset=\"https:\/\/sp1.kielce.eu\/wp-content\/uploads\/2022\/10\/Dziea-papieski-2022-SP1-27.jpg 1353w, https:\/\/sp1.kielce.eu\/wp-content\/uploads\/2022\/10\/Dziea-papieski-2022-SP1-27-300x239.jpg 300w, https:\/\/sp1.kielce.eu\/wp-content\/uploads\/2022\/10\/Dziea-papieski-2022-SP1-27-1128x900.jpg 1128w, https:\/\/sp1.kielce.eu\/wp-content\/uploads\/2022\/10\/Dziea-papieski-2022-SP1-27-768x613.jpg 768w, https:\/\/sp1.kielce.eu\/wp-content\/uploads\/2022\/10\/Dziea-papieski-2022-SP1-27-820x655.jpg 820w\" sizes=\"auto, (max-width: 1353px) 100vw, 1353px\" \/><\/a><\/figure>\n\n\n\n<figure class=\"wp-block-image size-large\"><a href=\"http:\/\/sp1.kielce.eu\/wp-content\/uploads\/2022\/10\/Dziea-papieski-2022-SP1.jpg\"><img loading=\"lazy\" decoding=\"async\" width=\"1894\" height=\"1080\" data-id=\"24287\" src=\"http:\/\/sp1.kielce.eu\/wp-content\/uploads\/2022\/10\/Dziea-papieski-2022-SP1.jpg\" alt=\"\" class=\"wp-image-24287\" srcset=\"https:\/\/sp1.kielce.eu\/wp-content\/uploads\/2022\/10\/Dziea-papieski-2022-SP1.jpg 1894w, https:\/\/sp1.kielce.eu\/wp-content\/uploads\/2022\/10\/Dziea-papieski-2022-SP1-300x171.jpg 300w, https:\/\/sp1.kielce.eu\/wp-content\/uploads\/2022\/10\/Dziea-papieski-2022-SP1-1400x798.jpg 1400w, https:\/\/sp1.kielce.eu\/wp-content\/uploads\/2022\/10\/Dziea-papieski-2022-SP1-768x438.jpg 768w, https:\/\/sp1.kielce.eu\/wp-content\/uploads\/2022\/10\/Dziea-papieski-2022-SP1-1536x876.jpg 1536w, https:\/\/sp1.kielce.eu\/wp-content\/uploads\/2022\/10\/Dziea-papieski-2022-SP1-820x468.jpg 820w\" sizes=\"auto, (max-width: 1894px) 100vw, 1894px\" \/><\/a><\/figure>\n\n\n\n<figure class=\"wp-block-image size-large\"><a href=\"http:\/\/sp1.kielce.eu\/wp-content\/uploads\/2022\/10\/ZDJ\u00a6sCIE-TYTUuOWE.jpg\"><img loading=\"lazy\" decoding=\"async\" width=\"1080\" height=\"1906\" data-id=\"24288\" src=\"http:\/\/sp1.kielce.eu\/wp-content\/uploads\/2022\/10\/ZDJ\u00a6sCIE-TYTUuOWE.jpg\" alt=\"\" class=\"wp-image-24288\" srcset=\"https:\/\/sp1.kielce.eu\/wp-content\/uploads\/2022\/10\/ZDJ\u00a6sCIE-TYTUuOWE.jpg 1080w, https:\/\/sp1.kielce.eu\/wp-content\/uploads\/2022\/10\/ZDJ\u00a6sCIE-TYTUuOWE-170x300.jpg 170w, https:\/\/sp1.kielce.eu\/wp-content\/uploads\/2022\/10\/ZDJ\u00a6sCIE-TYTUuOWE-510x900.jpg 510w, https:\/\/sp1.kielce.eu\/wp-content\/uploads\/2022\/10\/ZDJ\u00a6sCIE-TYTUuOWE-768x1355.jpg 768w, https:\/\/sp1.kielce.eu\/wp-content\/uploads\/2022\/10\/ZDJ\u00a6sCIE-TYTUuOWE-870x1536.jpg 870w, https:\/\/sp1.kielce.eu\/wp-content\/uploads\/2022\/10\/ZDJ\u00a6sCIE-TYTUuOWE-820x1447.jpg 820w\" sizes=\"auto, (max-width: 1080px) 100vw, 1080px\" \/><\/a><\/figure>\n<\/figure>\n","protected":false},"excerpt":{"rendered":"<p>W dniu 22 pa\u017adziernika, w rocznic\u0119 uroczystej inauguracji pontyfikatu papie\u017ca-Polaka przypada liturgiczne wspomnienie \u015aw. Jan [&hellip;]<\/p>\n","protected":false},"author":5,"featured_media":24288,"comment_status":"closed","ping_status":"","sticky":false,"template":"","format":"standard","meta":{"footnotes":""},"categories":[36],"tags":[],"class_list":["post-24259","post","type-post","status-publish","format-standard","has-post-thumbnail","hentry","category-wydarzenia"],"_links":{"self":[{"href":"https:\/\/sp1.kielce.eu\/index.php\/wp-json\/wp\/v2\/posts\/24259","targetHints":{"allow":["GET"]}}],"collection":[{"href":"https:\/\/sp1.kielce.eu\/index.php\/wp-json\/wp\/v2\/posts"}],"about":[{"href":"https:\/\/sp1.kielce.eu\/index.php\/wp-json\/wp\/v2\/types\/post"}],"author":[{"embeddable":true,"href":"https:\/\/sp1.kielce.eu\/index.php\/wp-json\/wp\/v2\/users\/5"}],"replies":[{"embeddable":true,"href":"https:\/\/sp1.kielce.eu\/index.php\/wp-json\/wp\/v2\/comments?post=24259"}],"version-history":[{"count":1,"href":"https:\/\/sp1.kielce.eu\/index.php\/wp-json\/wp\/v2\/posts\/24259\/revisions"}],"predecessor-version":[{"id":24289,"href":"https:\/\/sp1.kielce.eu\/index.php\/wp-json\/wp\/v2\/posts\/24259\/revisions\/24289"}],"wp:featuredmedia":[{"embeddable":true,"href":"https:\/\/sp1.kielce.eu\/index.php\/wp-json\/wp\/v2\/media\/24288"}],"wp:attachment":[{"href":"https:\/\/sp1.kielce.eu\/index.php\/wp-json\/wp\/v2\/media?parent=24259"}],"wp:term":[{"taxonomy":"category","embeddable":true,"href":"https:\/\/sp1.kielce.eu\/index.php\/wp-json\/wp\/v2\/categories?post=24259"},{"taxonomy":"post_tag","embeddable":true,"href":"https:\/\/sp1.kielce.eu\/index.php\/wp-json\/wp\/v2\/tags?post=24259"}],"curies":[{"name":"wp","href":"https:\/\/api.w.org\/{rel}","templated":true}]}}